{"id":63638,"date":"2015-11-09T09:25:05","date_gmt":"2015-11-09T12:25:05","guid":{"rendered":"http:\/\/www.eltrabajo.cl\/portal\/?p=63638"},"modified":"2015-11-09T09:25:05","modified_gmt":"2015-11-09T12:25:05","slug":"prefectura-de-aconcagua-rindio-homenaje-al-teniente-hernan-merino-correa","status":"publish","type":"post","link":"https:\/\/eltrabajo.cl\/portal\/prefectura-de-aconcagua-rindio-homenaje-al-teniente-hernan-merino-correa\/","title":{"rendered":"Prefectura de Aconcagua rindi\u00f3 homenaje al teniente Hern\u00e1n Merino Correa"},"content":{"rendered":"<figure id=\"attachment_63639\" aria-describedby=\"caption-attachment-63639\" style=\"width: 300px\" class=\"wp-caption alignleft\"><a href=\"https:\/\/i0.wp.com\/www.eltrabajo.cl\/portal\/wp-content\/uploads\/2015\/11\/Homenaje-a-Teniente-Merino-Correa-3.jpg\"><img data-recalc-dims=\"1\" loading=\"lazy\" decoding=\"async\" class=\"wp-image-63639 size-medium\" src=\"https:\/\/i0.wp.com\/www.eltrabajo.cl\/portal\/wp-content\/uploads\/2015\/11\/Homenaje-a-Teniente-Merino-Correa-3-300x198.jpg?resize=300%2C198\" alt=\"La ceremonia estuvo a cargo de Carabineros de la Prefectura Aconcagua.\" width=\"300\" height=\"198\" srcset=\"https:\/\/i0.wp.com\/eltrabajo.cl\/portal\/wp-content\/uploads\/2015\/11\/Homenaje-a-Teniente-Merino-Correa-3.jpg?resize=300%2C198&amp;ssl=1 300w, https:\/\/i0.wp.com\/eltrabajo.cl\/portal\/wp-content\/uploads\/2015\/11\/Homenaje-a-Teniente-Merino-Correa-3.jpg?resize=200%2C132&amp;ssl=1 200w, https:\/\/i0.wp.com\/eltrabajo.cl\/portal\/wp-content\/uploads\/2015\/11\/Homenaje-a-Teniente-Merino-Correa-3.jpg?resize=227%2C150&amp;ssl=1 227w, https:\/\/i0.wp.com\/eltrabajo.cl\/portal\/wp-content\/uploads\/2015\/11\/Homenaje-a-Teniente-Merino-Correa-3.jpg?resize=400%2C264&amp;ssl=1 400w, https:\/\/i0.wp.com\/eltrabajo.cl\/portal\/wp-content\/uploads\/2015\/11\/Homenaje-a-Teniente-Merino-Correa-3.jpg?w=530&amp;ssl=1 530w\" sizes=\"auto, (max-width: 300px) 100vw, 300px\" \/><\/a><figcaption id=\"caption-attachment-63639\" class=\"wp-caption-text\">La ceremonia estuvo a cargo de Carabineros de la Prefectura Aconcagua.<\/figcaption><\/figure>\n<p>Con una solemne ceremonia, Carabineros de la Prefectura Aconcagua, rindi\u00f3 homenaje al Teniente Hern\u00e1n Merino Correa, quien ha sido elevado a la categor\u00eda de H\u00e9roe Nacional del Siglo XX, luego de que perdiera su vida en la zona de Laguna del Desierto, mientras defend\u00eda la soberan\u00eda nacional.<br \/>\nEl momento central del acto, que se llev\u00f3 a efecto en el frontis de la Prefectura Aconcagua, lleg\u00f3 cuando el prefecto subrogante de Carabineros, Teniente Coronel, Marcelo Arancibia, acompa\u00f1ado por los gobernadores de Los Andes, San Felipe y Petorca, depositaron una ofrenda floral en el monolito que recuerda al oficial ca\u00eddo en acto de servicio.<br \/>\nAl respecto, el Teniente Coronel Marcelo Arancibia, destac\u00f3 la acci\u00f3n heroica que realiz\u00f3 el teniente un 6 de noviembre de 1965, explicando que \u201cvivi\u00f3 una situaci\u00f3n compleja con gendarmer\u00eda argentina, d\u00f3nde un disparo de los trasandinos hiri\u00f3 de muerte a nuestro camarada\u201d.<br \/>\n\u201cEstamos conmemorando a nuestro teniente con este homenaje en todas la unidades del pa\u00eds, con la finalidad de invitar a la ciudadan\u00eda a hacerse parte, ya que nuestro teniente demuestra lo que hacen nuestros carabineros a lo largo de nuestro pa\u00eds, trabajando por el ciudadano, por la soberan\u00eda, como fiel representante de la nacionalidad chilena\u201d, destac\u00f3 el Oficial Jefe.<\/p>\n<figure id=\"attachment_63640\" aria-describedby=\"caption-attachment-63640\" style=\"width: 300px\" class=\"wp-caption alignright\"><a href=\"https:\/\/i0.wp.com\/www.eltrabajo.cl\/portal\/wp-content\/uploads\/2015\/11\/Homenaje-a-Teniente-Merino-Correa-4.jpg\"><img data-recalc-dims=\"1\" loading=\"lazy\" decoding=\"async\" class=\"wp-image-63640 size-medium\" src=\"https:\/\/i0.wp.com\/www.eltrabajo.cl\/portal\/wp-content\/uploads\/2015\/11\/Homenaje-a-Teniente-Merino-Correa-4-300x198.jpg?resize=300%2C198\" alt=\"Los gobernadores de Los Andes, San Felipe y Petorca y el prefecto subrogante de Carabineros, Teniente Coronel, Marcelo Arancibia participaron de la ceremonia solemne en homenaje al Teniente Hern\u00e1n Merino Correa.\" width=\"300\" height=\"198\" srcset=\"https:\/\/i0.wp.com\/eltrabajo.cl\/portal\/wp-content\/uploads\/2015\/11\/Homenaje-a-Teniente-Merino-Correa-4.jpg?resize=300%2C198&amp;ssl=1 300w, https:\/\/i0.wp.com\/eltrabajo.cl\/portal\/wp-content\/uploads\/2015\/11\/Homenaje-a-Teniente-Merino-Correa-4.jpg?resize=200%2C132&amp;ssl=1 200w, https:\/\/i0.wp.com\/eltrabajo.cl\/portal\/wp-content\/uploads\/2015\/11\/Homenaje-a-Teniente-Merino-Correa-4.jpg?resize=227%2C150&amp;ssl=1 227w, https:\/\/i0.wp.com\/eltrabajo.cl\/portal\/wp-content\/uploads\/2015\/11\/Homenaje-a-Teniente-Merino-Correa-4.jpg?resize=400%2C264&amp;ssl=1 400w, https:\/\/i0.wp.com\/eltrabajo.cl\/portal\/wp-content\/uploads\/2015\/11\/Homenaje-a-Teniente-Merino-Correa-4.jpg?w=530&amp;ssl=1 530w\" sizes=\"auto, (max-width: 300px) 100vw, 300px\" \/><\/a><figcaption id=\"caption-attachment-63640\" class=\"wp-caption-text\">Los gobernadores de Los Andes, San Felipe y Petorca y el prefecto subrogante de Carabineros, Teniente Coronel, Marcelo Arancibia participaron de la ceremonia solemne en homenaje al Teniente Hern\u00e1n Merino Correa.<\/figcaption><\/figure>\n<p>Por su parte, el gobernador de Petorca, Mario Fuentes, sostuvo que es \u201cvalorable que la instituci\u00f3n recuerde a sus m\u00e1rtires, porque recordar nuestra historia nos hace aprender lecciones y tambi\u00e9n podemos recordar a quienes han dado su vida por la patria\u201d.<br \/>\n\u201cEl prefecto nos ha dado una lecci\u00f3n de c\u00f3mo se es capaz de valorar el trabajo de todos los funcionarios que hoy d\u00eda est\u00e1n, y que -d\u00eda a d\u00eda-, se enfrentan al riesgo de la seguridad propia y la de sus familias\u201d, concluyo el representante del Ejecutivo en la Provincia de Petorca.<\/p>\n","protected":false},"excerpt":{"rendered":"<p>Con una solemne ceremonia, Carabineros de la Prefectura Aconcagua, rindi\u00f3 homenaje al Teniente Hern\u00e1n Merino Correa, quien ha sido elevado a la categor\u00eda de H\u00e9roe Nacional del Siglo XX, luego de que&#8230;<\/p>\n","protected":false},"author":482,"featured_media":63639,"comment_status":"open","ping_status":"open","sticky":false,"template":"","format":"standard","meta":{"advanced_seo_description":"","jetpack_seo_html_title":"","jetpack_seo_noindex":false,"_jetpack_memberships_contains_paid_content":false,"footnotes":""},"categories":[15],"tags":[],"class_list":["post-63638","post","type-post","status-publish","format-standard","has-post-thumbnail","hentry","category-comunidad"],"jetpack_featured_media_url":"https:\/\/i0.wp.com\/eltrabajo.cl\/portal\/wp-content\/uploads\/2015\/11\/Homenaje-a-Teniente-Merino-Correa-3.jpg?fit=530%2C350&ssl=1","jetpack_sharing_enabled":true,"jetpack_likes_enabled":true,"jetpack-related-posts":[],"_links":{"self":[{"href":"https:\/\/eltrabajo.cl\/portal\/wp-json\/wp\/v2\/posts\/63638","targetHints":{"allow":["GET"]}}],"collection":[{"href":"https:\/\/eltrabajo.cl\/portal\/wp-json\/wp\/v2\/posts"}],"about":[{"href":"https:\/\/eltrabajo.cl\/portal\/wp-json\/wp\/v2\/types\/post"}],"author":[{"embeddable":true,"href":"https:\/\/eltrabajo.cl\/portal\/wp-json\/wp\/v2\/users\/482"}],"replies":[{"embeddable":true,"href":"https:\/\/eltrabajo.cl\/portal\/wp-json\/wp\/v2\/comments?post=63638"}],"version-history":[{"count":0,"href":"https:\/\/eltrabajo.cl\/portal\/wp-json\/wp\/v2\/posts\/63638\/revisions"}],"wp:featuredmedia":[{"embeddable":true,"href":"https:\/\/eltrabajo.cl\/portal\/wp-json\/wp\/v2\/media\/63639"}],"wp:attachment":[{"href":"https:\/\/eltrabajo.cl\/portal\/wp-json\/wp\/v2\/media?parent=63638"}],"wp:term":[{"taxonomy":"category","embeddable":true,"href":"https:\/\/eltrabajo.cl\/portal\/wp-json\/wp\/v2\/categories?post=63638"},{"taxonomy":"post_tag","embeddable":true,"href":"https:\/\/eltrabajo.cl\/portal\/wp-json\/wp\/v2\/tags?post=63638"}],"curies":[{"name":"wp","href":"https:\/\/api.w.org\/{rel}","templated":true}]}}