{"id":63643,"date":"2015-11-09T09:26:57","date_gmt":"2015-11-09T12:26:57","guid":{"rendered":"http:\/\/www.eltrabajo.cl\/portal\/?p=63643"},"modified":"2015-11-09T09:26:57","modified_gmt":"2015-11-09T12:26:57","slug":"junto-a-un-centenar-de-usuarias-programa-mujeres-jefas-de-hogar-realiza-noveno-encuentro","status":"publish","type":"post","link":"https:\/\/eltrabajo.cl\/portal\/junto-a-un-centenar-de-usuarias-programa-mujeres-jefas-de-hogar-realiza-noveno-encuentro\/","title":{"rendered":"Junto a un centenar de usuarias programa Mujeres Jefas de Hogar realiza noveno encuentro"},"content":{"rendered":"<figure id=\"attachment_63644\" aria-describedby=\"caption-attachment-63644\" style=\"width: 300px\" class=\"wp-caption alignleft\"><a href=\"https:\/\/i0.wp.com\/www.eltrabajo.cl\/portal\/wp-content\/uploads\/2015\/11\/ENTREGA-DE-FONDOS-II.jpg\"><img data-recalc-dims=\"1\" loading=\"lazy\" decoding=\"async\" class=\"wp-image-63644 size-medium\" src=\"https:\/\/i0.wp.com\/www.eltrabajo.cl\/portal\/wp-content\/uploads\/2015\/11\/ENTREGA-DE-FONDOS-II-300x198.jpg?resize=300%2C198\" alt=\"La jornada cerr\u00f3 con la entrega de fondos para el emprendimiento de las usuarias.\" width=\"300\" height=\"198\" srcset=\"https:\/\/i0.wp.com\/eltrabajo.cl\/portal\/wp-content\/uploads\/2015\/11\/ENTREGA-DE-FONDOS-II.jpg?resize=300%2C198&amp;ssl=1 300w, https:\/\/i0.wp.com\/eltrabajo.cl\/portal\/wp-content\/uploads\/2015\/11\/ENTREGA-DE-FONDOS-II.jpg?resize=200%2C132&amp;ssl=1 200w, https:\/\/i0.wp.com\/eltrabajo.cl\/portal\/wp-content\/uploads\/2015\/11\/ENTREGA-DE-FONDOS-II.jpg?resize=228%2C150&amp;ssl=1 228w, https:\/\/i0.wp.com\/eltrabajo.cl\/portal\/wp-content\/uploads\/2015\/11\/ENTREGA-DE-FONDOS-II.jpg?resize=400%2C263&amp;ssl=1 400w, https:\/\/i0.wp.com\/eltrabajo.cl\/portal\/wp-content\/uploads\/2015\/11\/ENTREGA-DE-FONDOS-II.jpg?w=530&amp;ssl=1 530w\" sizes=\"auto, (max-width: 300px) 100vw, 300px\" \/><\/a><figcaption id=\"caption-attachment-63644\" class=\"wp-caption-text\">La jornada cerr\u00f3 con la entrega de fondos para el emprendimiento de las usuarias.<\/figcaption><\/figure>\n<p><strong>LLAY LLAY.<\/strong>&#8211; El programa Mujeres Jefas de Hogar realiz\u00f3 el encuentro 2015 de usuarias, al cual asistieron diversas autoridades municipales y provinciales adem\u00e1s la coordinadora del Programa Jefas de Hogar, Luz Mar\u00eda Salinas y 105 usuarias.<br \/>\nLa jornada se desarroll\u00f3 de una manera l\u00fadica y reflexiva. Donde las usuarias a trav\u00e9s de role-playing (juegos de rol) grupales, representaron casos de la vida real; al final, en un taller grupal, tomaron decisiones.<br \/>\nEl primer caso se enfoc\u00f3 en representar el da\u00f1o sicol\u00f3gico y f\u00edsico en el entorno familiar. Se present\u00f3 la vulnerabilidad de una madre y su hija. El abuso de un t\u00edo contra la menor. Las usuarias concluyeron que deben identificar y denunciar el abuso y no permitirlo.<br \/>\nEl segundo caso represent\u00f3, la necesidad de autonom\u00eda f\u00edsica y de toma de decisiones, enmarcada dentro de un ambiente de violencia intrafamiliar. El alcalde Mario Marillanca, trabajador social de profesi\u00f3n, se refiri\u00f3 al maltrato al interior del hogar como una enfermedad social, y \u201clo m\u00e1s importante es que hay que reconocer las enfermedades. Lo mismo pasa con el tema de la violencia intrafamiliar, cuando cree que eso es normal, estamos mal. La mujer tiene que estar consciente, que cosas de ese tipo no es normal\u201d, concluy\u00f3 el profesional.<br \/>\nEl tercer caso grafic\u00f3, la necesidad de autonom\u00eda econ\u00f3mica y valoraci\u00f3n de la mujer. El juego de roles represent\u00f3 \u201cla masculinidad mal entendida\u201d. Un tema que abord\u00f3 en su discurso la directora del Servicio Nacional de la Mujer Sernam, explic\u00f3, que existen talleres de reeducaci\u00f3n para hombres violentos, \u201cdonde el 90 % deja de ser agresor f\u00edsico y el 60 % deja de ser agresor sicol\u00f3gico\u201d.<br \/>\nEl encuentro cerr\u00f3 con la entrega de fondos para el emprendimiento de las usuarias, en algunos casos reforzar y mejorar los ya existentes, y en otros, dar el vamos a sus iniciativas.<br \/>\n<strong>Marianela Quevedo<\/strong><\/p>\n","protected":false},"excerpt":{"rendered":"<p>LLAY LLAY.&#8211; El programa Mujeres Jefas de Hogar realiz\u00f3 el encuentro 2015 de usuarias, al cual asistieron diversas autoridades municipales y provinciales adem\u00e1s la coordinadora del Programa Jefas de Hogar, Luz Mar\u00eda&#8230;<\/p>\n","protected":false},"author":482,"featured_media":63644,"comment_status":"open","ping_status":"open","sticky":false,"template":"","format":"standard","meta":{"advanced_seo_description":"","jetpack_seo_html_title":"","jetpack_seo_noindex":false,"_jetpack_memberships_contains_paid_content":false,"footnotes":""},"categories":[15],"tags":[],"class_list":["post-63643","post","type-post","status-publish","format-standard","has-post-thumbnail","hentry","category-comunidad"],"jetpack_featured_media_url":"https:\/\/i0.wp.com\/eltrabajo.cl\/portal\/wp-content\/uploads\/2015\/11\/ENTREGA-DE-FONDOS-II.jpg?fit=530%2C349&ssl=1","jetpack_sharing_enabled":true,"jetpack_likes_enabled":true,"jetpack-related-posts":[],"_links":{"self":[{"href":"https:\/\/eltrabajo.cl\/portal\/wp-json\/wp\/v2\/posts\/63643","targetHints":{"allow":["GET"]}}],"collection":[{"href":"https:\/\/eltrabajo.cl\/portal\/wp-json\/wp\/v2\/posts"}],"about":[{"href":"https:\/\/eltrabajo.cl\/portal\/wp-json\/wp\/v2\/types\/post"}],"author":[{"embeddable":true,"href":"https:\/\/eltrabajo.cl\/portal\/wp-json\/wp\/v2\/users\/482"}],"replies":[{"embeddable":true,"href":"https:\/\/eltrabajo.cl\/portal\/wp-json\/wp\/v2\/comments?post=63643"}],"version-history":[{"count":0,"href":"https:\/\/eltrabajo.cl\/portal\/wp-json\/wp\/v2\/posts\/63643\/revisions"}],"wp:featuredmedia":[{"embeddable":true,"href":"https:\/\/eltrabajo.cl\/portal\/wp-json\/wp\/v2\/media\/63644"}],"wp:attachment":[{"href":"https:\/\/eltrabajo.cl\/portal\/wp-json\/wp\/v2\/media?parent=63643"}],"wp:term":[{"taxonomy":"category","embeddable":true,"href":"https:\/\/eltrabajo.cl\/portal\/wp-json\/wp\/v2\/categories?post=63643"},{"taxonomy":"post_tag","embeddable":true,"href":"https:\/\/eltrabajo.cl\/portal\/wp-json\/wp\/v2\/tags?post=63643"}],"curies":[{"name":"wp","href":"https:\/\/api.w.org\/{rel}","templated":true}]}}