{"id":63653,"date":"2015-11-09T09:32:49","date_gmt":"2015-11-09T12:32:49","guid":{"rendered":"http:\/\/www.eltrabajo.cl\/portal\/?p=63653"},"modified":"2015-11-09T09:32:49","modified_gmt":"2015-11-09T12:32:49","slug":"feriantes-disminuyen-sus-ventas-producto-de-suciedad-de-garzas","status":"publish","type":"post","link":"https:\/\/eltrabajo.cl\/portal\/feriantes-disminuyen-sus-ventas-producto-de-suciedad-de-garzas\/","title":{"rendered":"Feriantes disminuyen sus ventas producto de suciedad de garzas"},"content":{"rendered":"<figure id=\"attachment_63654\" aria-describedby=\"caption-attachment-63654\" style=\"width: 300px\" class=\"wp-caption alignleft\"><a href=\"https:\/\/i0.wp.com\/www.eltrabajo.cl\/portal\/wp-content\/uploads\/2015\/11\/FERIANTES-ALAMEDA-ALESSANDRI-1.jpg\"><img data-recalc-dims=\"1\" loading=\"lazy\" decoding=\"async\" class=\"wp-image-63654 size-medium\" src=\"https:\/\/i0.wp.com\/www.eltrabajo.cl\/portal\/wp-content\/uploads\/2015\/11\/FERIANTES-ALAMEDA-ALESSANDRI-1-300x198.jpg?resize=300%2C198\" alt=\"Los feriantes de Putaendo esperan que las autoridades los ayuden a mejorar la situaci\u00f3n, ya sea podando los \u00e1rboles o lavando la calle los domingos.\" width=\"300\" height=\"198\" srcset=\"https:\/\/i0.wp.com\/eltrabajo.cl\/portal\/wp-content\/uploads\/2015\/11\/FERIANTES-ALAMEDA-ALESSANDRI-1.jpg?resize=300%2C198&amp;ssl=1 300w, https:\/\/i0.wp.com\/eltrabajo.cl\/portal\/wp-content\/uploads\/2015\/11\/FERIANTES-ALAMEDA-ALESSANDRI-1.jpg?resize=200%2C132&amp;ssl=1 200w, https:\/\/i0.wp.com\/eltrabajo.cl\/portal\/wp-content\/uploads\/2015\/11\/FERIANTES-ALAMEDA-ALESSANDRI-1.jpg?resize=228%2C150&amp;ssl=1 228w, https:\/\/i0.wp.com\/eltrabajo.cl\/portal\/wp-content\/uploads\/2015\/11\/FERIANTES-ALAMEDA-ALESSANDRI-1.jpg?resize=400%2C263&amp;ssl=1 400w, https:\/\/i0.wp.com\/eltrabajo.cl\/portal\/wp-content\/uploads\/2015\/11\/FERIANTES-ALAMEDA-ALESSANDRI-1.jpg?w=530&amp;ssl=1 530w\" sizes=\"auto, (max-width: 300px) 100vw, 300px\" \/><\/a><figcaption id=\"caption-attachment-63654\" class=\"wp-caption-text\">Los feriantes de Putaendo esperan que las autoridades los ayuden a mejorar la situaci\u00f3n, ya sea podando los \u00e1rboles o lavando la calle los domingos.<\/figcaption><\/figure>\n<p><strong>PUTAENDO<\/strong>.- Los comerciantes que conforman la feria que habitualmente funciona los domingos en la alameda Alessandri de Putaendo, sostuvieron que sus ventas han deca\u00eddo considerablemente producto del excremento de garzas alojadas en los \u00e1rboles del sector. Pamela Mill\u00f3n Reinoso, en representaci\u00f3n de los nueve feriantes de la alameda Alessandri, precis\u00f3 que la situaci\u00f3n ya es cr\u00edtica, porque sus habituales clientes han decidido no comprar m\u00e1s en el lugar, pues el olor es insoportable y las heces de estas aves se encuentran casi en todo el espacio ocupado por la feria.<br \/>\nEn este sentido, Mill\u00f3n declar\u00f3 que plantearon este inconveniente al Concejal Sergio Zamora, agregando que esperan que sus gestiones ante el municipio permitan la b\u00fasqueda de una situaci\u00f3n al problema que los aqueja, a trav\u00e9s de la poda de \u00e1rboles o mandando a lavar la calle los d\u00edas domingo.<br \/>\nPudimos constatar la veracidad de esta situaci\u00f3n y constatar que el olor es insoportable producto del excremento que dejan caer las garzas.<br \/>\n<strong>Patricio Gallardo M.<\/strong><\/p>\n","protected":false},"excerpt":{"rendered":"<p>PUTAENDO.- Los comerciantes que conforman la feria que habitualmente funciona los domingos en la alameda Alessandri de Putaendo, sostuvieron que sus ventas han deca\u00eddo considerablemente producto del excremento de garzas alojadas en&#8230;<\/p>\n","protected":false},"author":482,"featured_media":63654,"comment_status":"open","ping_status":"open","sticky":false,"template":"","format":"standard","meta":{"advanced_seo_description":"","jetpack_seo_html_title":"","jetpack_seo_noindex":false,"_jetpack_memberships_contains_paid_content":false,"footnotes":""},"categories":[1],"tags":[],"class_list":["post-63653","post","type-post","status-publish","format-standard","has-post-thumbnail","hentry","category-cronica"],"jetpack_featured_media_url":"https:\/\/i0.wp.com\/eltrabajo.cl\/portal\/wp-content\/uploads\/2015\/11\/FERIANTES-ALAMEDA-ALESSANDRI-1.jpg?fit=530%2C349&ssl=1","jetpack_sharing_enabled":true,"jetpack_likes_enabled":true,"jetpack-related-posts":[],"_links":{"self":[{"href":"https:\/\/eltrabajo.cl\/portal\/wp-json\/wp\/v2\/posts\/63653","targetHints":{"allow":["GET"]}}],"collection":[{"href":"https:\/\/eltrabajo.cl\/portal\/wp-json\/wp\/v2\/posts"}],"about":[{"href":"https:\/\/eltrabajo.cl\/portal\/wp-json\/wp\/v2\/types\/post"}],"author":[{"embeddable":true,"href":"https:\/\/eltrabajo.cl\/portal\/wp-json\/wp\/v2\/users\/482"}],"replies":[{"embeddable":true,"href":"https:\/\/eltrabajo.cl\/portal\/wp-json\/wp\/v2\/comments?post=63653"}],"version-history":[{"count":0,"href":"https:\/\/eltrabajo.cl\/portal\/wp-json\/wp\/v2\/posts\/63653\/revisions"}],"wp:featuredmedia":[{"embeddable":true,"href":"https:\/\/eltrabajo.cl\/portal\/wp-json\/wp\/v2\/media\/63654"}],"wp:attachment":[{"href":"https:\/\/eltrabajo.cl\/portal\/wp-json\/wp\/v2\/media?parent=63653"}],"wp:term":[{"taxonomy":"category","embeddable":true,"href":"https:\/\/eltrabajo.cl\/portal\/wp-json\/wp\/v2\/categories?post=63653"},{"taxonomy":"post_tag","embeddable":true,"href":"https:\/\/eltrabajo.cl\/portal\/wp-json\/wp\/v2\/tags?post=63653"}],"curies":[{"name":"wp","href":"https:\/\/api.w.org\/{rel}","templated":true}]}}