{"id":63659,"date":"2015-11-09T09:49:57","date_gmt":"2015-11-09T12:49:57","guid":{"rendered":"http:\/\/www.eltrabajo.cl\/portal\/?p=63659"},"modified":"2015-11-09T09:49:57","modified_gmt":"2015-11-09T12:49:57","slug":"hosla-recibio-nueva-ambulancia-para-traslado-de-pacientes","status":"publish","type":"post","link":"https:\/\/eltrabajo.cl\/portal\/hosla-recibio-nueva-ambulancia-para-traslado-de-pacientes\/","title":{"rendered":"Hosla recibi\u00f3 nueva ambulancia para traslado de pacientes"},"content":{"rendered":"<figure id=\"attachment_63660\" aria-describedby=\"caption-attachment-63660\" style=\"width: 300px\" class=\"wp-caption alignleft\"><a href=\"https:\/\/i0.wp.com\/www.eltrabajo.cl\/portal\/wp-content\/uploads\/2015\/11\/nueva-ambulancia.jpg\"><img data-recalc-dims=\"1\" loading=\"lazy\" decoding=\"async\" class=\"wp-image-63660 size-medium\" src=\"https:\/\/i0.wp.com\/www.eltrabajo.cl\/portal\/wp-content\/uploads\/2015\/11\/nueva-ambulancia-300x198.jpg?resize=300%2C198\" alt=\"Diversas autoridades participaron de la entrega de una nueva ambulancia para el Hospital de Los Andes, que busca dotar a los hospitales p\u00fablicos de ambulancias y renovar las que estaban dadas de baja.\" width=\"300\" height=\"198\" srcset=\"https:\/\/i0.wp.com\/eltrabajo.cl\/portal\/wp-content\/uploads\/2015\/11\/nueva-ambulancia.jpg?resize=300%2C198&amp;ssl=1 300w, https:\/\/i0.wp.com\/eltrabajo.cl\/portal\/wp-content\/uploads\/2015\/11\/nueva-ambulancia.jpg?resize=200%2C132&amp;ssl=1 200w, https:\/\/i0.wp.com\/eltrabajo.cl\/portal\/wp-content\/uploads\/2015\/11\/nueva-ambulancia.jpg?resize=227%2C150&amp;ssl=1 227w, https:\/\/i0.wp.com\/eltrabajo.cl\/portal\/wp-content\/uploads\/2015\/11\/nueva-ambulancia.jpg?resize=400%2C264&amp;ssl=1 400w, https:\/\/i0.wp.com\/eltrabajo.cl\/portal\/wp-content\/uploads\/2015\/11\/nueva-ambulancia.jpg?w=530&amp;ssl=1 530w\" sizes=\"auto, (max-width: 300px) 100vw, 300px\" \/><\/a><figcaption id=\"caption-attachment-63660\" class=\"wp-caption-text\">Diversas autoridades participaron de la entrega de una nueva ambulancia para el Hospital de Los Andes, que busca dotar a los hospitales p\u00fablicos de ambulancias y renovar las que estaban dadas de baja.<\/figcaption><\/figure>\n<ul>\n<li><strong>Inversi\u00f3n de $ 47 millones permitir\u00e1 trasladar con seguridad y oportunidad a pacientes del establecimiento.<\/strong><\/li>\n<\/ul>\n<p>Una ambulancia que permitir\u00e1 responder con mayor oportunidad a los traslados de pacientes que necesitan ser derivados a su domicilio, a di\u00e1lisis u otros establecimientos de la red de Aconcagua, entreg\u00f3 esta ma\u00f1ana el Servicio de Salud Aconcagua al Hospital San Juan de Dios de Los Andes. Se trata de un veh\u00edculo dotado de todos los requisitos t\u00e9cnicos y humanos para realizar el traslado de estas personas con total seguridad.<br \/>\nEl Director del Hospital de Los Andes, Jimmy Walker, indic\u00f3 que el m\u00f3vil tuvo un valor de $47 millones y es un esfuerzo que ha hecho el Gobierno para dotar a los hospitales p\u00fablicos de ambulancias y renovar las que estaban dadas de baja. \u201cEsto nos permite realizar los traslados secundarios de todos aquellos pacientes que deben ser derivados a hospitales de mayor complejidad o para procedimientos que nosotros no realizamos, por lo que es una gran oportunidad de poder cumplir con esa tarea\u201d, se\u00f1al\u00f3 Walker.<br \/>\nPor su parte, la Directora del Servicio de Salud Aconcagua, Dra. Vilma Olave, destac\u00f3 la importancia de la entrega de este veh\u00edculo que forma parte de una inversi\u00f3n del Ministerio de Salud cercana a los $800 millones, la que renovar\u00e1 la flota vehicular de la red asistencial de Aconcagua. Precis\u00f3 que en total se incorporar\u00e1n 14 nuevas ambulancias, de las cuales 10 son para reponer veh\u00edculos antiguos y otras cuatro son de alta complejidad para aumentar la dotaci\u00f3n del Samu. En el caso de estas \u00faltimas, indic\u00f3 que est\u00e1 contemplada tambi\u00e9n la contrataci\u00f3n del personal para su operaci\u00f3n.<br \/>\nEn tanto, la gobernadora de Los Andes, Mar\u00eda Victoria Rodr\u00edguez, resalt\u00f3 que esta nueva ambulancia contribuye al cumplimiento del programa de Gobierno de la Presidenta Bachelet, especialmente a lo relacionado en la oportunidad de atenci\u00f3n en salud. \u201cTenemos localidades rurales muy apartadas, hay pacientes que requieren de traslados importantes desde sus domicilios hasta los centros de atenci\u00f3n y esta ambulancia va a permitir que esos traslados sean seguros y en condiciones \u00f3ptimas\u201d, indic\u00f3 la autoridad.<br \/>\nLa ambulancia que recibi\u00f3 el Hospital andino cuenta con un completo equipamiento que permite trasladar con seguridad cl\u00ednica a los pacientes. Del mismo modo, el veh\u00edculo est\u00e1 dotado de diversos sistemas de seguridad mec\u00e1nica activa y pasiva.<br \/>\nLa ceremonia de recepci\u00f3n del veh\u00edculo se desarroll\u00f3 durante esta ma\u00f1ana en el frontis del Hospital y cont\u00f3 con la participaci\u00f3n de autoridades, directivos de salud, dirigentes de organizaciones de trabajadores de la salud e integrantes del consejo consultivo de usuarios del establecimiento.<\/p>\n","protected":false},"excerpt":{"rendered":"<p>Inversi\u00f3n de $ 47 millones permitir\u00e1 trasladar con seguridad y oportunidad a pacientes del establecimiento. Una ambulancia que permitir\u00e1 responder con mayor oportunidad a los traslados de pacientes que necesitan ser derivados&#8230;<\/p>\n","protected":false},"author":482,"featured_media":63660,"comment_status":"open","ping_status":"open","sticky":false,"template":"","format":"standard","meta":{"advanced_seo_description":"","jetpack_seo_html_title":"","jetpack_seo_noindex":false,"_jetpack_memberships_contains_paid_content":false,"footnotes":""},"categories":[1],"tags":[],"class_list":["post-63659","post","type-post","status-publish","format-standard","has-post-thumbnail","hentry","category-cronica"],"jetpack_featured_media_url":"https:\/\/i0.wp.com\/eltrabajo.cl\/portal\/wp-content\/uploads\/2015\/11\/nueva-ambulancia.jpg?fit=530%2C350&ssl=1","jetpack_sharing_enabled":true,"jetpack_likes_enabled":true,"jetpack-related-posts":[],"_links":{"self":[{"href":"https:\/\/eltrabajo.cl\/portal\/wp-json\/wp\/v2\/posts\/63659","targetHints":{"allow":["GET"]}}],"collection":[{"href":"https:\/\/eltrabajo.cl\/portal\/wp-json\/wp\/v2\/posts"}],"about":[{"href":"https:\/\/eltrabajo.cl\/portal\/wp-json\/wp\/v2\/types\/post"}],"author":[{"embeddable":true,"href":"https:\/\/eltrabajo.cl\/portal\/wp-json\/wp\/v2\/users\/482"}],"replies":[{"embeddable":true,"href":"https:\/\/eltrabajo.cl\/portal\/wp-json\/wp\/v2\/comments?post=63659"}],"version-history":[{"count":0,"href":"https:\/\/eltrabajo.cl\/portal\/wp-json\/wp\/v2\/posts\/63659\/revisions"}],"wp:featuredmedia":[{"embeddable":true,"href":"https:\/\/eltrabajo.cl\/portal\/wp-json\/wp\/v2\/media\/63660"}],"wp:attachment":[{"href":"https:\/\/eltrabajo.cl\/portal\/wp-json\/wp\/v2\/media?parent=63659"}],"wp:term":[{"taxonomy":"category","embeddable":true,"href":"https:\/\/eltrabajo.cl\/portal\/wp-json\/wp\/v2\/categories?post=63659"},{"taxonomy":"post_tag","embeddable":true,"href":"https:\/\/eltrabajo.cl\/portal\/wp-json\/wp\/v2\/tags?post=63659"}],"curies":[{"name":"wp","href":"https:\/\/api.w.org\/{rel}","templated":true}]}}