{"id":63662,"date":"2015-11-09T09:52:14","date_gmt":"2015-11-09T12:52:14","guid":{"rendered":"http:\/\/www.eltrabajo.cl\/portal\/?p=63662"},"modified":"2015-11-09T09:52:14","modified_gmt":"2015-11-09T12:52:14","slug":"presentan-programa-quiero-mi-barrio-en-villa-250-anos-de-san-felipe","status":"publish","type":"post","link":"https:\/\/eltrabajo.cl\/portal\/presentan-programa-quiero-mi-barrio-en-villa-250-anos-de-san-felipe\/","title":{"rendered":"Presentan programa \u2018Quiero Mi Barrio\u2019 en villa 250 A\u00f1os de San Felipe"},"content":{"rendered":"<figure id=\"attachment_63663\" aria-describedby=\"caption-attachment-63663\" style=\"width: 300px\" class=\"wp-caption alignleft\"><a href=\"https:\/\/i0.wp.com\/www.eltrabajo.cl\/portal\/wp-content\/uploads\/2015\/11\/Quiero-Mi-Barrio-San-Felipe.jpg\"><img data-recalc-dims=\"1\" loading=\"lazy\" decoding=\"async\" class=\"wp-image-63663 size-medium\" src=\"https:\/\/i0.wp.com\/www.eltrabajo.cl\/portal\/wp-content\/uploads\/2015\/11\/Quiero-Mi-Barrio-San-Felipe-300x198.jpg?resize=300%2C198\" alt=\"Diversas autoridades asistieron a la socializaci\u00f3n del programa \u2018Quiero mi Barrio\u2019, en la villa 250 A\u00f1os de San Felipe.\" width=\"300\" height=\"198\" srcset=\"https:\/\/i0.wp.com\/eltrabajo.cl\/portal\/wp-content\/uploads\/2015\/11\/Quiero-Mi-Barrio-San-Felipe.jpg?resize=300%2C198&amp;ssl=1 300w, https:\/\/i0.wp.com\/eltrabajo.cl\/portal\/wp-content\/uploads\/2015\/11\/Quiero-Mi-Barrio-San-Felipe.jpg?resize=200%2C132&amp;ssl=1 200w, https:\/\/i0.wp.com\/eltrabajo.cl\/portal\/wp-content\/uploads\/2015\/11\/Quiero-Mi-Barrio-San-Felipe.jpg?resize=227%2C150&amp;ssl=1 227w, https:\/\/i0.wp.com\/eltrabajo.cl\/portal\/wp-content\/uploads\/2015\/11\/Quiero-Mi-Barrio-San-Felipe.jpg?resize=400%2C264&amp;ssl=1 400w, https:\/\/i0.wp.com\/eltrabajo.cl\/portal\/wp-content\/uploads\/2015\/11\/Quiero-Mi-Barrio-San-Felipe.jpg?w=530&amp;ssl=1 530w\" sizes=\"auto, (max-width: 300px) 100vw, 300px\" \/><\/a><figcaption id=\"caption-attachment-63663\" class=\"wp-caption-text\">Diversas autoridades asistieron a la socializaci\u00f3n del programa \u2018Quiero mi Barrio\u2019, en la villa 250 A\u00f1os de San Felipe.<\/figcaption><\/figure>\n<p>Con la intenci\u00f3n de dar a conocer a la comunidad el Programa de Recuperaci\u00f3n de barrios \u2018Quiero Mi Barrio\u2019 del Ministerio de Vivienda y Urbanismo (Minvu) en la comuna de San Felipe, es que hasta la villa 250 A\u00f1os arribaron el gobernador Eduardo Le\u00f3n, el alcalde Patricio Freire y el director Regional de Serviu, Nelson Basaes, quienes, en compa\u00f1\u00eda de los profesionales que han gestionado esta iniciativa gubernamental que naci\u00f3 como compromiso de la Presidenta Bachelet durante su anterior Gobierno y la comunidad de las villas 250 A\u00f1os, Sol Naciente, Villa Industrial y Renacer, lograron promover la participaci\u00f3n de la vecindad en el proceso de mejoramiento de su entorno y dar cuenta de los elementos que componen los principios del programa.<br \/>\nEste proyecto, tiene una inversi\u00f3n que supera los $900 millones. Se ejecutar\u00e1 en un periodo de 2 a\u00f1os, identificando las necesidades de la comunidad en aspectos como seguridad, infraestructura e intervenci\u00f3n.<br \/>\nEs por ello, que para el gobernador Eduardo Le\u00f3n, es fundamental conocer la opini\u00f3n y participaci\u00f3n de los vecinos. \u201cMantenemos un trabajo permanente en este sector junto al Municipio y hoy est\u00e1 el Director Regional de Serviu acompa\u00f1\u00e1ndonos a este importante hito. Ya tenemos un consejo del desarrollo vecinal constituido de estas 4 villas, as\u00ed que hay que seguir trabajando en conjunto con ellos tal como lo hemos realizado siempre\u201d, sostuvo.<br \/>\nEn tanto, el alcalde Patricio Freire destac\u00f3 que esta iniciativa tambi\u00e9n ha tenido buenos resultados en otros puntos de la comuna como el Sector de Las Acacias. \u201cQuiero mi barrio es un gran proyecto, que debemos realizarlo con participaci\u00f3n ciudadana, en conjunto, conocer sus necesidades muy urgente y ac\u00e1 tenemos muchos proyectos que materializaremos. Por lo que estamos muy contentos de este programa del Gobierno que ha dado resultados en varios barrios de la comuna, cambiando la calidad de vida de los habitantes\u201d, afirm\u00f3 el jefe comunal.<br \/>\nPor su parte, el director Regional de Serviu, Nelson Bases, afirm\u00f3 que \u201cvamos a iniciar, durante el primer trimestre del pr\u00f3ximo a\u00f1o, el mejoramiento del acceso de estas villas por calle Dardignac. Una inversi\u00f3n cercana a los $40 millones que permitir\u00e1 reponer la calzada oriente de las aceras y reconstruir la calzada poniente para que de una mejor entrada en estas 4 villas\u201d, puntualiz\u00f3.<br \/>\nFinalmente, Geovanni Irarr\u00e1zabal, presidente del Consejo Vecinal del \u2018Quiero Mi Barrio\u2019, destac\u00f3 que \u201ces muy que esta iniciativa est\u00e9 en nuestro barrio. Es muy necesario que la gente sepa que el Gobierno est\u00e1 con ellos. Este plan de Gobierno es fundamental para nosotros, porque permitir\u00e1 que nos quitemos el estigma que tenemos\u201d, a\u00f1adi\u00f3.<br \/>\nAdem\u00e1s, los vecinos pudieron visitar distintos stand establecidos para brindarles distintos servicios.<br \/>\nEn la ocasi\u00f3n, diversos servicios p\u00fablicos colocaron stand donde se realizaron distintas intervenciones con la comunidad.<\/p>\n","protected":false},"excerpt":{"rendered":"<p>Con la intenci\u00f3n de dar a conocer a la comunidad el Programa de Recuperaci\u00f3n de barrios \u2018Quiero Mi Barrio\u2019 del Ministerio de Vivienda y Urbanismo (Minvu) en la comuna de San Felipe,&#8230;<\/p>\n","protected":false},"author":482,"featured_media":63663,"comment_status":"open","ping_status":"open","sticky":false,"template":"","format":"standard","meta":{"advanced_seo_description":"","jetpack_seo_html_title":"","jetpack_seo_noindex":false,"_jetpack_memberships_contains_paid_content":false,"footnotes":""},"categories":[1],"tags":[],"class_list":["post-63662","post","type-post","status-publish","format-standard","has-post-thumbnail","hentry","category-cronica"],"jetpack_featured_media_url":"https:\/\/i0.wp.com\/eltrabajo.cl\/portal\/wp-content\/uploads\/2015\/11\/Quiero-Mi-Barrio-San-Felipe.jpg?fit=530%2C350&ssl=1","jetpack_sharing_enabled":true,"jetpack_likes_enabled":true,"jetpack-related-posts":[],"_links":{"self":[{"href":"https:\/\/eltrabajo.cl\/portal\/wp-json\/wp\/v2\/posts\/63662","targetHints":{"allow":["GET"]}}],"collection":[{"href":"https:\/\/eltrabajo.cl\/portal\/wp-json\/wp\/v2\/posts"}],"about":[{"href":"https:\/\/eltrabajo.cl\/portal\/wp-json\/wp\/v2\/types\/post"}],"author":[{"embeddable":true,"href":"https:\/\/eltrabajo.cl\/portal\/wp-json\/wp\/v2\/users\/482"}],"replies":[{"embeddable":true,"href":"https:\/\/eltrabajo.cl\/portal\/wp-json\/wp\/v2\/comments?post=63662"}],"version-history":[{"count":0,"href":"https:\/\/eltrabajo.cl\/portal\/wp-json\/wp\/v2\/posts\/63662\/revisions"}],"wp:featuredmedia":[{"embeddable":true,"href":"https:\/\/eltrabajo.cl\/portal\/wp-json\/wp\/v2\/media\/63663"}],"wp:attachment":[{"href":"https:\/\/eltrabajo.cl\/portal\/wp-json\/wp\/v2\/media?parent=63662"}],"wp:term":[{"taxonomy":"category","embeddable":true,"href":"https:\/\/eltrabajo.cl\/portal\/wp-json\/wp\/v2\/categories?post=63662"},{"taxonomy":"post_tag","embeddable":true,"href":"https:\/\/eltrabajo.cl\/portal\/wp-json\/wp\/v2\/tags?post=63662"}],"curies":[{"name":"wp","href":"https:\/\/api.w.org\/{rel}","templated":true}]}}