{"id":63665,"date":"2015-11-09T09:55:11","date_gmt":"2015-11-09T12:55:11","guid":{"rendered":"http:\/\/www.eltrabajo.cl\/portal\/?p=63665"},"modified":"2015-11-09T09:55:11","modified_gmt":"2015-11-09T12:55:11","slug":"jovenes-roban-carro-porta-ataudes-desde-cementerio-de-santa-maria","status":"publish","type":"post","link":"https:\/\/eltrabajo.cl\/portal\/jovenes-roban-carro-porta-ataudes-desde-cementerio-de-santa-maria\/","title":{"rendered":"J\u00f3venes roban carro porta ata\u00fades desde Cementerio de Santa Mar\u00eda"},"content":{"rendered":"<figure id=\"attachment_63666\" aria-describedby=\"caption-attachment-63666\" style=\"width: 300px\" class=\"wp-caption alignleft\"><a href=\"https:\/\/i0.wp.com\/www.eltrabajo.cl\/portal\/wp-content\/uploads\/2015\/11\/detenidos-robo-cementerio.jpg\"><img data-recalc-dims=\"1\" loading=\"lazy\" decoding=\"async\" class=\"wp-image-63666 size-medium\" src=\"https:\/\/i0.wp.com\/www.eltrabajo.cl\/portal\/wp-content\/uploads\/2015\/11\/detenidos-robo-cementerio-300x198.jpg?resize=300%2C198\" alt=\"Los detenidos fueron identificados como Francisco H.B. y Francisco Z.H. de 19 a\u00f1os de edad, quedando a disposici\u00f3n de la Fiscal\u00eda por el delito de robo en lugar no habitado.\" width=\"300\" height=\"198\" srcset=\"https:\/\/i0.wp.com\/eltrabajo.cl\/portal\/wp-content\/uploads\/2015\/11\/detenidos-robo-cementerio.jpg?resize=300%2C198&amp;ssl=1 300w, https:\/\/i0.wp.com\/eltrabajo.cl\/portal\/wp-content\/uploads\/2015\/11\/detenidos-robo-cementerio.jpg?resize=200%2C132&amp;ssl=1 200w, https:\/\/i0.wp.com\/eltrabajo.cl\/portal\/wp-content\/uploads\/2015\/11\/detenidos-robo-cementerio.jpg?resize=227%2C150&amp;ssl=1 227w, https:\/\/i0.wp.com\/eltrabajo.cl\/portal\/wp-content\/uploads\/2015\/11\/detenidos-robo-cementerio.jpg?resize=400%2C264&amp;ssl=1 400w, https:\/\/i0.wp.com\/eltrabajo.cl\/portal\/wp-content\/uploads\/2015\/11\/detenidos-robo-cementerio.jpg?w=530&amp;ssl=1 530w\" sizes=\"auto, (max-width: 300px) 100vw, 300px\" \/><\/a><figcaption id=\"caption-attachment-63666\" class=\"wp-caption-text\">Los detenidos fueron identificados como Francisco H.B. y Francisco Z.H. de 19 a\u00f1os de edad, quedando a disposici\u00f3n de la Fiscal\u00eda por el delito de robo en lugar no habitado.<\/figcaption><\/figure>\n<ul>\n<li><strong>El delito se origin\u00f3 la tarde del pasado viernes cuando los antisociales violentaron la puerta de una bodega al interior del campo santo para sustraer la especie y huir del lugar.<\/strong><\/li>\n<\/ul>\n<p>Dos j\u00f3venes de 19 a\u00f1os de edad fueron detenidos por Carabineros de la Tenencia de Santa Mar\u00eda, luego de haber protagonizado el robo de un carro utilizado para el trasporte de f\u00e9retros perteneciente al Cementerio parroquial de esa comuna.<br \/>\nLos hechos ocurrieron a eso de las 15:00 horas del pasado viernes, cuando los sujetos ingresaron hasta el campo santo ubicado en calle Ignacio Carrera Pinto de esa localidad, apoder\u00e1ndose de un carro de arrastre manual de uso exclusivo del cementerio para ingresar los ata\u00fades.<br \/>\nEl delito fue advertido por el cuidador del recinto, el que se percat\u00f3 que los individuos utilizaron herramientas para violentar la puerta de una bodega, con el fin de sustraer la especie. El testigo dio cuenta de los hechos a Carabineros v\u00eda telef\u00f3nica, proporcionando las caracter\u00edsticas f\u00edsicas y de vestimentas de los antisociales, quienes escaparon por la v\u00eda p\u00fablica en direcci\u00f3n al puente Chorrillos de ese sector.<br \/>\nInmediatamente los efectivos policiales se desplazaron por las arterias indicadas, observando a los sujetos que portaban dicha especie. Estos sujetos, al advertir la presencia de Carabineros, abandonaron el carro y escaparon hacia unos parronales para impedir su arresto.<br \/>\nSin embargo, la polic\u00eda en persecuci\u00f3n de estos individuos, logr\u00f3 dar alcance a los maleantes que opon\u00edan resistencia a su detenci\u00f3n, siendo conducidos hasta la unidad policial, recuperando de esta forma la especie robada.<br \/>\nLos imputados fueron individualizados como Francisco H.B. y Francisco Z.H. ambos de 19 a\u00f1os de edad, sin antecedentes policiales y domiciliados en la comuna de Santa Mar\u00eda.<br \/>\nPor instrucci\u00f3n de la Fiscal\u00eda, los detenidos fueron sometidos a control de detenci\u00f3n la ma\u00f1ana de este s\u00e1bado por el delito de robo en lugar no habitado.<br \/>\n<strong>Pablo Salinas Sald\u00edas<\/strong><\/p>\n","protected":false},"excerpt":{"rendered":"<p>El delito se origin\u00f3 la tarde del pasado viernes cuando los antisociales violentaron la puerta de una bodega al interior del campo santo para sustraer la especie y huir del lugar. Dos&#8230;<\/p>\n","protected":false},"author":482,"featured_media":63666,"comment_status":"open","ping_status":"open","sticky":false,"template":"","format":"standard","meta":{"advanced_seo_description":"","jetpack_seo_html_title":"","jetpack_seo_noindex":false,"_jetpack_memberships_contains_paid_content":false,"footnotes":""},"categories":[21],"tags":[],"class_list":["post-63665","post","type-post","status-publish","format-standard","has-post-thumbnail","hentry","category-policial"],"jetpack_featured_media_url":"https:\/\/i0.wp.com\/eltrabajo.cl\/portal\/wp-content\/uploads\/2015\/11\/detenidos-robo-cementerio.jpg?fit=530%2C350&ssl=1","jetpack_sharing_enabled":true,"jetpack_likes_enabled":true,"jetpack-related-posts":[],"_links":{"self":[{"href":"https:\/\/eltrabajo.cl\/portal\/wp-json\/wp\/v2\/posts\/63665","targetHints":{"allow":["GET"]}}],"collection":[{"href":"https:\/\/eltrabajo.cl\/portal\/wp-json\/wp\/v2\/posts"}],"about":[{"href":"https:\/\/eltrabajo.cl\/portal\/wp-json\/wp\/v2\/types\/post"}],"author":[{"embeddable":true,"href":"https:\/\/eltrabajo.cl\/portal\/wp-json\/wp\/v2\/users\/482"}],"replies":[{"embeddable":true,"href":"https:\/\/eltrabajo.cl\/portal\/wp-json\/wp\/v2\/comments?post=63665"}],"version-history":[{"count":0,"href":"https:\/\/eltrabajo.cl\/portal\/wp-json\/wp\/v2\/posts\/63665\/revisions"}],"wp:featuredmedia":[{"embeddable":true,"href":"https:\/\/eltrabajo.cl\/portal\/wp-json\/wp\/v2\/media\/63666"}],"wp:attachment":[{"href":"https:\/\/eltrabajo.cl\/portal\/wp-json\/wp\/v2\/media?parent=63665"}],"wp:term":[{"taxonomy":"category","embeddable":true,"href":"https:\/\/eltrabajo.cl\/portal\/wp-json\/wp\/v2\/categories?post=63665"},{"taxonomy":"post_tag","embeddable":true,"href":"https:\/\/eltrabajo.cl\/portal\/wp-json\/wp\/v2\/tags?post=63665"}],"curies":[{"name":"wp","href":"https:\/\/api.w.org\/{rel}","templated":true}]}}