{"id":63668,"date":"2015-11-09T09:57:25","date_gmt":"2015-11-09T12:57:25","guid":{"rendered":"http:\/\/www.eltrabajo.cl\/portal\/?p=63668"},"modified":"2015-11-09T09:57:25","modified_gmt":"2015-11-09T12:57:25","slug":"siniestro-destruyo-un-salon-de-eventos-en-las-termas-el-corazon","status":"publish","type":"post","link":"https:\/\/eltrabajo.cl\/portal\/siniestro-destruyo-un-salon-de-eventos-en-las-termas-el-corazon\/","title":{"rendered":"Siniestro destruy\u00f3 un sal\u00f3n de eventos en las Termas El Coraz\u00f3n"},"content":{"rendered":"<figure id=\"attachment_63669\" aria-describedby=\"caption-attachment-63669\" style=\"width: 300px\" class=\"wp-caption alignleft\"><a href=\"https:\/\/i0.wp.com\/www.eltrabajo.cl\/portal\/wp-content\/uploads\/2015\/11\/incendio-ba%C3%B1os-el-corazon-foto%40XaviMunozI.jpg\"><img data-recalc-dims=\"1\" loading=\"lazy\" decoding=\"async\" class=\"wp-image-63669 size-medium\" src=\"https:\/\/i0.wp.com\/www.eltrabajo.cl\/portal\/wp-content\/uploads\/2015\/11\/incendio-ba%C3%B1os-el-corazon-foto%40XaviMunozI-300x198.jpg?resize=300%2C198\" alt=\"Las enormes llamas obligaron a actuar a compa\u00f1\u00edas de Bomberos de San Esteban y Los Andes que trabajaron en la extinci\u00f3n del fuego. (Foto @XaviMunozI)\" width=\"300\" height=\"198\" srcset=\"https:\/\/i0.wp.com\/eltrabajo.cl\/portal\/wp-content\/uploads\/2015\/11\/incendio-ba%C3%B1os-el-corazon-foto%40XaviMunozI.jpg?resize=300%2C198&amp;ssl=1 300w, https:\/\/i0.wp.com\/eltrabajo.cl\/portal\/wp-content\/uploads\/2015\/11\/incendio-ba%C3%B1os-el-corazon-foto%40XaviMunozI.jpg?resize=200%2C132&amp;ssl=1 200w, https:\/\/i0.wp.com\/eltrabajo.cl\/portal\/wp-content\/uploads\/2015\/11\/incendio-ba%C3%B1os-el-corazon-foto%40XaviMunozI.jpg?resize=228%2C150&amp;ssl=1 228w, https:\/\/i0.wp.com\/eltrabajo.cl\/portal\/wp-content\/uploads\/2015\/11\/incendio-ba%C3%B1os-el-corazon-foto%40XaviMunozI.jpg?resize=400%2C263&amp;ssl=1 400w, https:\/\/i0.wp.com\/eltrabajo.cl\/portal\/wp-content\/uploads\/2015\/11\/incendio-ba%C3%B1os-el-corazon-foto%40XaviMunozI.jpg?w=530&amp;ssl=1 530w\" sizes=\"auto, (max-width: 300px) 100vw, 300px\" \/><\/a><figcaption id=\"caption-attachment-63669\" class=\"wp-caption-text\">Las enormes llamas obligaron a actuar a compa\u00f1\u00edas de Bomberos de San Esteban y Los Andes que trabajaron en la extinci\u00f3n del fuego. (Foto @XaviMunozI)<\/figcaption><\/figure>\n<p><strong>SAN ESTEBAN<\/strong>.- Un incendio de proporciones destruy\u00f3 casi en su totalidad un sal\u00f3n de eventos del Hotel Balneario \u2018Termas El Coraz\u00f3n\u2019 en la comuna de San Esteban.<br \/>\nDe acuerdo a las primeras informaciones, el siniestro se declar\u00f3 a eso de las 12:30 horas de este domingo, afectando a una instalaci\u00f3n que estaba desocupada en esos momentos.<br \/>\nUna vez dada la alarma, concurrieron al lugar unidades de los Cuerpos de Bomberos de San Esteban y Los Andes, no obstante al llegar la estructura ya estaba envuelta en llamas.<br \/>\nAsimismo, se activaron los protocolos de seguridad del centro termal, no resultando personas lesionadas.<br \/>\nEl Departamento T\u00e9cnico de Bomberos deber\u00e1 realizar los peritajes para establecer el origen del fuego que fue controlado tras casi una hora de trabajo, evitando as\u00ed su propagaci\u00f3n a otras dependencias.<\/p>\n","protected":false},"excerpt":{"rendered":"<p>SAN ESTEBAN.- Un incendio de proporciones destruy\u00f3 casi en su totalidad un sal\u00f3n de eventos del Hotel Balneario \u2018Termas El Coraz\u00f3n\u2019 en la comuna de San Esteban. De acuerdo a las primeras&#8230;<\/p>\n","protected":false},"author":482,"featured_media":63669,"comment_status":"open","ping_status":"open","sticky":false,"template":"","format":"standard","meta":{"advanced_seo_description":"","jetpack_seo_html_title":"","jetpack_seo_noindex":false,"_jetpack_memberships_contains_paid_content":false,"footnotes":""},"categories":[21],"tags":[],"class_list":["post-63668","post","type-post","status-publish","format-standard","has-post-thumbnail","hentry","category-policial"],"jetpack_featured_media_url":"https:\/\/i0.wp.com\/eltrabajo.cl\/portal\/wp-content\/uploads\/2015\/11\/incendio-ba%C3%B1os-el-corazon-foto%40XaviMunozI.jpg?fit=530%2C349&ssl=1","jetpack_sharing_enabled":true,"jetpack_likes_enabled":true,"jetpack-related-posts":[],"_links":{"self":[{"href":"https:\/\/eltrabajo.cl\/portal\/wp-json\/wp\/v2\/posts\/63668","targetHints":{"allow":["GET"]}}],"collection":[{"href":"https:\/\/eltrabajo.cl\/portal\/wp-json\/wp\/v2\/posts"}],"about":[{"href":"https:\/\/eltrabajo.cl\/portal\/wp-json\/wp\/v2\/types\/post"}],"author":[{"embeddable":true,"href":"https:\/\/eltrabajo.cl\/portal\/wp-json\/wp\/v2\/users\/482"}],"replies":[{"embeddable":true,"href":"https:\/\/eltrabajo.cl\/portal\/wp-json\/wp\/v2\/comments?post=63668"}],"version-history":[{"count":0,"href":"https:\/\/eltrabajo.cl\/portal\/wp-json\/wp\/v2\/posts\/63668\/revisions"}],"wp:featuredmedia":[{"embeddable":true,"href":"https:\/\/eltrabajo.cl\/portal\/wp-json\/wp\/v2\/media\/63669"}],"wp:attachment":[{"href":"https:\/\/eltrabajo.cl\/portal\/wp-json\/wp\/v2\/media?parent=63668"}],"wp:term":[{"taxonomy":"category","embeddable":true,"href":"https:\/\/eltrabajo.cl\/portal\/wp-json\/wp\/v2\/categories?post=63668"},{"taxonomy":"post_tag","embeddable":true,"href":"https:\/\/eltrabajo.cl\/portal\/wp-json\/wp\/v2\/tags?post=63668"}],"curies":[{"name":"wp","href":"https:\/\/api.w.org\/{rel}","templated":true}]}}