{"id":63671,"date":"2015-11-09T10:04:30","date_gmt":"2015-11-09T13:04:30","guid":{"rendered":"http:\/\/www.eltrabajo.cl\/portal\/?p=63671"},"modified":"2015-11-09T10:04:30","modified_gmt":"2015-11-09T13:04:30","slug":"candidatas-de-la-fiesta-de-la-primavera-presentadas-en-la-terraza","status":"publish","type":"post","link":"https:\/\/eltrabajo.cl\/portal\/candidatas-de-la-fiesta-de-la-primavera-presentadas-en-la-terraza\/","title":{"rendered":"Candidatas de la Fiesta de la Primavera presentadas en la terraza"},"content":{"rendered":"<figure id=\"attachment_63672\" aria-describedby=\"caption-attachment-63672\" style=\"width: 300px\" class=\"wp-caption alignleft\"><a href=\"https:\/\/i0.wp.com\/www.eltrabajo.cl\/portal\/wp-content\/uploads\/2015\/11\/Organizadores33.jpg\"><img data-recalc-dims=\"1\" loading=\"lazy\" decoding=\"async\" class=\"wp-image-63672 size-medium\" src=\"https:\/\/i0.wp.com\/www.eltrabajo.cl\/portal\/wp-content\/uploads\/2015\/11\/Organizadores33-300x198.jpg?resize=300%2C198\" alt=\"LA COMISI\u00d3N.- Parte de la Comisi\u00f3n Organizadora Fiesta de la Primavera 2015, les acompa\u00f1an algunas candidatas.\" width=\"300\" height=\"198\" srcset=\"https:\/\/i0.wp.com\/eltrabajo.cl\/portal\/wp-content\/uploads\/2015\/11\/Organizadores33.jpg?resize=300%2C198&amp;ssl=1 300w, https:\/\/i0.wp.com\/eltrabajo.cl\/portal\/wp-content\/uploads\/2015\/11\/Organizadores33.jpg?resize=200%2C132&amp;ssl=1 200w, https:\/\/i0.wp.com\/eltrabajo.cl\/portal\/wp-content\/uploads\/2015\/11\/Organizadores33.jpg?resize=228%2C150&amp;ssl=1 228w, https:\/\/i0.wp.com\/eltrabajo.cl\/portal\/wp-content\/uploads\/2015\/11\/Organizadores33.jpg?resize=400%2C263&amp;ssl=1 400w, https:\/\/i0.wp.com\/eltrabajo.cl\/portal\/wp-content\/uploads\/2015\/11\/Organizadores33.jpg?w=530&amp;ssl=1 530w\" sizes=\"auto, (max-width: 300px) 100vw, 300px\" \/><\/a><figcaption id=\"caption-attachment-63672\" class=\"wp-caption-text\">LA COMISI\u00d3N.- Parte de la Comisi\u00f3n Organizadora Fiesta de la Primavera 2015, les acompa\u00f1an algunas candidatas.<\/figcaption><\/figure>\n<p>Fue con danza de primer nivel; aplausos a montones y con el desfile de las sanfelipe\u00f1as m\u00e1s bellas de nuestra comuna, que la tarde del s\u00e1bado el alcalde Patricio Freire y la Comisi\u00f3n Organizadora Fiesta de la Primavera 2015, dieron el Vamos oficial a este popular certamen de simpat\u00eda y desarrollo social en nuestra comuna.<br \/>\nSe trata de nueve bellas mujeres, quienes participan por su junta vecinal o por organizaciones sociales de San Felipe, involucrando en ello a toda la comuna de manera positiva. Dos de las candidatas no pudieron asistir a la presentaci\u00f3n, pero ello no impide que en Diario El Trabajo te demos a conocer sus nombres.<\/p>\n<p><strong>LAS CANDIDATAS<\/strong><br \/>\nPaulina Sequeira representa al Club Social Avanzar con alegr\u00eda; Jimena Hidalgo participa a nombre de la Junta Vecinal de La Quebrada; Javiera Osorio es la representante de la Escuela Industrial de San Felipe; Daisy Gald\u00e1mes por el Taller Femenino Aconcagua; Edith Soto participa con la Junta de Vecinos Los Campos; por la Junta de Vecinos Portal Aconcagua, participa Katherine Garc\u00eda y Nataly Pino lo hace por varias agrupaciones en conjunto de nuestra comuna.<br \/>\nDiario El Trabajo habl\u00f3 con Pierina Rivillo, presidente de la Comisi\u00f3n Organizadora Fiesta de la Primavera 2015, quien nos indic\u00f3 que \u00abyo invito a todas las juntas vecinales a seguir participando en esta jornada 2015 de la Fiesta de la Primavera, habr\u00e1 premios para las candidatas y para los carros aleg\u00f3ricos\u00bb.<br \/>\nPor su parte el alcalde Patricio Freire, tambi\u00e9n invit\u00f3 a m\u00e1s personas e instituciones a seguir postulando a estas fiestas, el l\u00edmite es el 21 de noviembre. \u00abUna linda fiesta que empieza este s\u00e1bado, est\u00e1n ya participando las candidatas y carros aleg\u00f3ricos, el llamado es a que se sigan registrando m\u00e1s candidatas y comunidades a esta fiesta de todos\u00bb, dijo el edil.<br \/>\nNo pas\u00f3 desapercibido para nuestro medio el se\u00f1or Enrique Carrasco, pionero de la Fiesta de la Primavera.<br \/>\n\u00abEs para m\u00ed una gran alegr\u00eda el poder ver a estas bellas jovencitas participando en esta fiesta, a m\u00ed me correspondi\u00f3 organizar y ser parte de las comisiones de esta actividad, cuando se hac\u00edan en Curim\u00f3n, de eso hace ya much\u00edsimos a\u00f1os, por eso sigo apoyando la Fiesta de la Primavera\u00bb, dijo el experimentado animador de eventos masivos, quien ahora est\u00e1 en retiro parcial.<br \/>\nEs importante tambi\u00e9n destacar que todo el engranaje de esta jornada 2015 de estas fiestas, est\u00e1 coordinada con Alicia Niclaux, asistente social de la Municipalidad.<br \/>\n<strong>Roberto Gonz\u00e1lez Short<\/strong><br \/>\n<strong>rgonzalez@eltrabajo.cl<\/strong><\/p>\n<div class=\"tiled-gallery type-rectangular tiled-gallery-unresized\" data-original-width=\"640\" data-carousel-extra='null' itemscope itemtype=\"http:\/\/schema.org\/ImageGallery\" > <div class=\"gallery-row\" style=\"width: 640px; height: 283px;\" data-original-width=\"640\" data-original-height=\"283\" > <div class=\"gallery-group images-1\" style=\"width: 427px; height: 283px;\" data-original-width=\"427\" data-original-height=\"283\" > <div class=\"tiled-gallery-item tiled-gallery-item-large\" itemprop=\"associatedMedia\" itemscope itemtype=\"http:\/\/schema.org\/ImageObject\"> <a href=\"https:\/\/eltrabajo.cl\/portal\/candidatas-de-la-fiesta-de-la-primavera-presentadas-en-la-terraza\/barras2\/\" border=\"0\" itemprop=\"url\"> <meta itemprop=\"width\" content=\"423\"> <meta itemprop=\"height\" content=\"279\"> <img decoding=\"async\" class=\"\" data-attachment-id=\"63673\" data-orig-file=\"https:\/\/eltrabajo.cl\/portal\/wp-content\/uploads\/2015\/11\/Barras2.jpg\" data-orig-size=\"530,350\" data-comments-opened=\"1\" data-image-meta=\"{&quot;aperture&quot;:&quot;0&quot;,&quot;credit&quot;:&quot;&quot;,&quot;camera&quot;:&quot;&quot;,&quot;caption&quot;:&quot;&quot;,&quot;created_timestamp&quot;:&quot;0&quot;,&quot;copyright&quot;:&quot;&quot;,&quot;focal_length&quot;:&quot;0&quot;,&quot;iso&quot;:&quot;0&quot;,&quot;shutter_speed&quot;:&quot;0&quot;,&quot;title&quot;:&quot;&quot;,&quot;orientation&quot;:&quot;0&quot;}\" data-image-title=\"Barras2\" data-image-description=\"&lt;p&gt;MUCHO INTER\u00c9S.- Cientos de personas acudieron a la terraza para disfrutar del candor de las bellas sanfelipe\u00f1as, quienes dan vida y fuerza a esta Fiesta de la Primavera 2015.&lt;\/p&gt; \" data-medium-file=\"https:\/\/i0.wp.com\/eltrabajo.cl\/portal\/wp-content\/uploads\/2015\/11\/Barras2.jpg?fit=300%2C198&#038;ssl=1\" data-large-file=\"https:\/\/i0.wp.com\/eltrabajo.cl\/portal\/wp-content\/uploads\/2015\/11\/Barras2.jpg?fit=530%2C350&#038;ssl=1\" src=\"https:\/\/i0.wp.com\/eltrabajo.cl\/portal\/wp-content\/uploads\/2015\/11\/Barras2.jpg?w=423&#038;h=279&#038;ssl=1\" srcset=\"https:\/\/i0.wp.com\/eltrabajo.cl\/portal\/wp-content\/uploads\/2015\/11\/Barras2.jpg?w=530&amp;ssl=1 530w, https:\/\/i0.wp.com\/eltrabajo.cl\/portal\/wp-content\/uploads\/2015\/11\/Barras2.jpg?resize=200%2C132&amp;ssl=1 200w, https:\/\/i0.wp.com\/eltrabajo.cl\/portal\/wp-content\/uploads\/2015\/11\/Barras2.jpg?resize=300%2C198&amp;ssl=1 300w, https:\/\/i0.wp.com\/eltrabajo.cl\/portal\/wp-content\/uploads\/2015\/11\/Barras2.jpg?resize=227%2C150&amp;ssl=1 227w, https:\/\/i0.wp.com\/eltrabajo.cl\/portal\/wp-content\/uploads\/2015\/11\/Barras2.jpg?resize=400%2C264&amp;ssl=1 400w\" width=\"423\" height=\"279\" loading=\"lazy\" data-original-width=\"423\" data-original-height=\"279\" itemprop=\"http:\/\/schema.org\/image\" title=\"Barras2\" alt=\"MUCHO INTER\u00c9S.- Cientos de personas acudieron a la terraza para disfrutar del candor de las bellas sanfelipe\u00f1as, quienes dan vida y fuerza a esta Fiesta de la Primavera 2015.\" style=\"width: 423px; height: 279px;\" \/> <\/a> <div class=\"tiled-gallery-caption\" itemprop=\"caption description\"> MUCHO INTER\u00c9S.- Cientos de personas acudieron a la terraza para disfrutar del candor de las bellas sanfelipe\u00f1as, quienes dan vida y fuerza a esta Fiesta de la Primavera 2015. <\/div> <\/div> <\/div> <!-- close group --> <div class=\"gallery-group images-2\" style=\"width: 213px; height: 283px;\" data-original-width=\"213\" data-original-height=\"283\" > <div class=\"tiled-gallery-item tiled-gallery-item-small\" itemprop=\"associatedMedia\" itemscope itemtype=\"http:\/\/schema.org\/ImageObject\"> <a href=\"https:\/\/eltrabajo.cl\/portal\/candidatas-de-la-fiesta-de-la-primavera-presentadas-en-la-terraza\/barras1\/\" border=\"0\" itemprop=\"url\"> <meta itemprop=\"width\" content=\"209\"> <meta itemprop=\"height\" content=\"138\"> <img decoding=\"async\" class=\"\" data-attachment-id=\"63678\" data-orig-file=\"https:\/\/eltrabajo.cl\/portal\/wp-content\/uploads\/2015\/11\/Barras1.jpg\" data-orig-size=\"530,349\" data-comments-opened=\"1\" data-image-meta=\"{&quot;aperture&quot;:&quot;0&quot;,&quot;credit&quot;:&quot;&quot;,&quot;camera&quot;:&quot;&quot;,&quot;caption&quot;:&quot;&quot;,&quot;created_timestamp&quot;:&quot;0&quot;,&quot;copyright&quot;:&quot;&quot;,&quot;focal_length&quot;:&quot;0&quot;,&quot;iso&quot;:&quot;0&quot;,&quot;shutter_speed&quot;:&quot;0&quot;,&quot;title&quot;:&quot;&quot;,&quot;orientation&quot;:&quot;0&quot;}\" data-image-title=\"Barras1\" data-image-description=\"&lt;p&gt;TODOS COMPROMETIDOS.- Cada candidata llev\u00f3 su barra para que le dieran apoyo, como estos j\u00f3venes de la Escuela Industrial, quienes aplaudieron a su candidata.&lt;\/p&gt; \" data-medium-file=\"https:\/\/i0.wp.com\/eltrabajo.cl\/portal\/wp-content\/uploads\/2015\/11\/Barras1.jpg?fit=300%2C198&#038;ssl=1\" data-large-file=\"https:\/\/i0.wp.com\/eltrabajo.cl\/portal\/wp-content\/uploads\/2015\/11\/Barras1.jpg?fit=530%2C349&#038;ssl=1\" src=\"https:\/\/i0.wp.com\/eltrabajo.cl\/portal\/wp-content\/uploads\/2015\/11\/Barras1.jpg?w=209&#038;h=138&#038;ssl=1\" srcset=\"https:\/\/i0.wp.com\/eltrabajo.cl\/portal\/wp-content\/uploads\/2015\/11\/Barras1.jpg?w=530&amp;ssl=1 530w, https:\/\/i0.wp.com\/eltrabajo.cl\/portal\/wp-content\/uploads\/2015\/11\/Barras1.jpg?resize=200%2C132&amp;ssl=1 200w, https:\/\/i0.wp.com\/eltrabajo.cl\/portal\/wp-content\/uploads\/2015\/11\/Barras1.jpg?resize=300%2C198&amp;ssl=1 300w, https:\/\/i0.wp.com\/eltrabajo.cl\/portal\/wp-content\/uploads\/2015\/11\/Barras1.jpg?resize=228%2C150&amp;ssl=1 228w, https:\/\/i0.wp.com\/eltrabajo.cl\/portal\/wp-content\/uploads\/2015\/11\/Barras1.jpg?resize=400%2C263&amp;ssl=1 400w\" width=\"209\" height=\"138\" loading=\"lazy\" data-original-width=\"209\" data-original-height=\"138\" itemprop=\"http:\/\/schema.org\/image\" title=\"Barras1\" alt=\"TODOS COMPROMETIDOS.- Cada candidata llev\u00f3 su barra para que le dieran apoyo, como estos j\u00f3venes de la Escuela Industrial, quienes aplaudieron a su candidata.\" style=\"width: 209px; height: 138px;\" \/> <\/a> <div class=\"tiled-gallery-caption\" itemprop=\"caption description\"> TODOS COMPROMETIDOS.- Cada candidata llev\u00f3 su barra para que le dieran apoyo, como estos j\u00f3venes de la Escuela Industrial, quienes aplaudieron a su candidata. <\/div> <\/div> <div class=\"tiled-gallery-item tiled-gallery-item-small\" itemprop=\"associatedMedia\" itemscope itemtype=\"http:\/\/schema.org\/ImageObject\"> <a href=\"https:\/\/eltrabajo.cl\/portal\/candidatas-de-la-fiesta-de-la-primavera-presentadas-en-la-terraza\/pierina-rivillo\/\" border=\"0\" itemprop=\"url\"> <meta itemprop=\"width\" content=\"209\"> <meta itemprop=\"height\" content=\"137\"> <img decoding=\"async\" class=\"\" data-attachment-id=\"63676\" data-orig-file=\"https:\/\/eltrabajo.cl\/portal\/wp-content\/uploads\/2015\/11\/Pierina-Rivillo.jpg\" data-orig-size=\"530,349\" data-comments-opened=\"1\" data-image-meta=\"{&quot;aperture&quot;:&quot;0&quot;,&quot;credit&quot;:&quot;&quot;,&quot;camera&quot;:&quot;&quot;,&quot;caption&quot;:&quot;&quot;,&quot;created_timestamp&quot;:&quot;0&quot;,&quot;copyright&quot;:&quot;&quot;,&quot;focal_length&quot;:&quot;0&quot;,&quot;iso&quot;:&quot;0&quot;,&quot;shutter_speed&quot;:&quot;0&quot;,&quot;title&quot;:&quot;&quot;,&quot;orientation&quot;:&quot;0&quot;}\" data-image-title=\"Pierina Rivillo\" data-image-description=\"&lt;p&gt;Pierina Rivillo, presidente de la Comisi\u00f3n Organizadora Fiesta de la Primavera 2015.&lt;\/p&gt; \" data-medium-file=\"https:\/\/i0.wp.com\/eltrabajo.cl\/portal\/wp-content\/uploads\/2015\/11\/Pierina-Rivillo.jpg?fit=300%2C198&#038;ssl=1\" data-large-file=\"https:\/\/i0.wp.com\/eltrabajo.cl\/portal\/wp-content\/uploads\/2015\/11\/Pierina-Rivillo.jpg?fit=530%2C349&#038;ssl=1\" src=\"https:\/\/i0.wp.com\/eltrabajo.cl\/portal\/wp-content\/uploads\/2015\/11\/Pierina-Rivillo.jpg?w=209&#038;h=137&#038;ssl=1\" srcset=\"https:\/\/i0.wp.com\/eltrabajo.cl\/portal\/wp-content\/uploads\/2015\/11\/Pierina-Rivillo.jpg?w=530&amp;ssl=1 530w, https:\/\/i0.wp.com\/eltrabajo.cl\/portal\/wp-content\/uploads\/2015\/11\/Pierina-Rivillo.jpg?resize=200%2C132&amp;ssl=1 200w, https:\/\/i0.wp.com\/eltrabajo.cl\/portal\/wp-content\/uploads\/2015\/11\/Pierina-Rivillo.jpg?resize=300%2C198&amp;ssl=1 300w, https:\/\/i0.wp.com\/eltrabajo.cl\/portal\/wp-content\/uploads\/2015\/11\/Pierina-Rivillo.jpg?resize=228%2C150&amp;ssl=1 228w, https:\/\/i0.wp.com\/eltrabajo.cl\/portal\/wp-content\/uploads\/2015\/11\/Pierina-Rivillo.jpg?resize=400%2C263&amp;ssl=1 400w\" width=\"209\" height=\"137\" loading=\"lazy\" data-original-width=\"209\" data-original-height=\"137\" itemprop=\"http:\/\/schema.org\/image\" title=\"Pierina Rivillo\" alt=\"Pierina Rivillo, presidente de la Comisi\u00f3n Organizadora Fiesta de la Primavera 2015.\" style=\"width: 209px; height: 137px;\" \/> <\/a> <div class=\"tiled-gallery-caption\" itemprop=\"caption description\"> Pierina Rivillo, presidente de la Comisi\u00f3n Organizadora Fiesta de la Primavera 2015. <\/div> <\/div> <\/div> <!-- close group --> <\/div> <!-- close row --> <div class=\"gallery-row\" style=\"width: 640px; height: 423px;\" data-original-width=\"640\" data-original-height=\"423\" > <div class=\"gallery-group images-1\" style=\"width: 640px; height: 423px;\" data-original-width=\"640\" data-original-height=\"423\" > <div class=\"tiled-gallery-item tiled-gallery-item-large\" itemprop=\"associatedMedia\" itemscope itemtype=\"http:\/\/schema.org\/ImageObject\"> <a href=\"https:\/\/eltrabajo.cl\/portal\/candidatas-de-la-fiesta-de-la-primavera-presentadas-en-la-terraza\/enrique-carrasco\/\" border=\"0\" itemprop=\"url\"> <meta itemprop=\"width\" content=\"636\"> <meta itemprop=\"height\" content=\"419\"> <img decoding=\"async\" class=\"\" data-attachment-id=\"63675\" data-orig-file=\"https:\/\/eltrabajo.cl\/portal\/wp-content\/uploads\/2015\/11\/Enrique-Carrasco.jpg\" data-orig-size=\"530,349\" data-comments-opened=\"1\" data-image-meta=\"{&quot;aperture&quot;:&quot;0&quot;,&quot;credit&quot;:&quot;&quot;,&quot;camera&quot;:&quot;&quot;,&quot;caption&quot;:&quot;&quot;,&quot;created_timestamp&quot;:&quot;0&quot;,&quot;copyright&quot;:&quot;&quot;,&quot;focal_length&quot;:&quot;0&quot;,&quot;iso&quot;:&quot;0&quot;,&quot;shutter_speed&quot;:&quot;0&quot;,&quot;title&quot;:&quot;&quot;,&quot;orientation&quot;:&quot;0&quot;}\" data-image-title=\"Enrique Carrasco\" data-image-description=\"&lt;p&gt;Enrique Carrasco, pionero de esta fiesta popular.&lt;\/p&gt; \" data-medium-file=\"https:\/\/i0.wp.com\/eltrabajo.cl\/portal\/wp-content\/uploads\/2015\/11\/Enrique-Carrasco.jpg?fit=300%2C198&#038;ssl=1\" data-large-file=\"https:\/\/i0.wp.com\/eltrabajo.cl\/portal\/wp-content\/uploads\/2015\/11\/Enrique-Carrasco.jpg?fit=530%2C349&#038;ssl=1\" src=\"https:\/\/i0.wp.com\/eltrabajo.cl\/portal\/wp-content\/uploads\/2015\/11\/Enrique-Carrasco.jpg?w=636&#038;h=419&#038;ssl=1\" srcset=\"https:\/\/i0.wp.com\/eltrabajo.cl\/portal\/wp-content\/uploads\/2015\/11\/Enrique-Carrasco.jpg?w=530&amp;ssl=1 530w, https:\/\/i0.wp.com\/eltrabajo.cl\/portal\/wp-content\/uploads\/2015\/11\/Enrique-Carrasco.jpg?resize=200%2C132&amp;ssl=1 200w, https:\/\/i0.wp.com\/eltrabajo.cl\/portal\/wp-content\/uploads\/2015\/11\/Enrique-Carrasco.jpg?resize=300%2C198&amp;ssl=1 300w, https:\/\/i0.wp.com\/eltrabajo.cl\/portal\/wp-content\/uploads\/2015\/11\/Enrique-Carrasco.jpg?resize=228%2C150&amp;ssl=1 228w, https:\/\/i0.wp.com\/eltrabajo.cl\/portal\/wp-content\/uploads\/2015\/11\/Enrique-Carrasco.jpg?resize=400%2C263&amp;ssl=1 400w\" width=\"636\" height=\"419\" loading=\"lazy\" data-original-width=\"636\" data-original-height=\"419\" itemprop=\"http:\/\/schema.org\/image\" title=\"Enrique Carrasco\" alt=\"Enrique Carrasco, pionero de esta fiesta popular.\" style=\"width: 636px; height: 419px;\" \/> <\/a> <div class=\"tiled-gallery-caption\" itemprop=\"caption description\"> Enrique Carrasco, pionero de esta fiesta popular. <\/div> <\/div> <\/div> <!-- close group --> <\/div> <!-- close row --> <\/div>\n","protected":false},"excerpt":{"rendered":"<p>Fue con danza de primer nivel; aplausos a montones y con el desfile de las sanfelipe\u00f1as m\u00e1s bellas de nuestra comuna, que la tarde del s\u00e1bado el alcalde Patricio Freire y la&#8230;<\/p>\n","protected":false},"author":482,"featured_media":63672,"comment_status":"open","ping_status":"open","sticky":false,"template":"","format":"standard","meta":{"advanced_seo_description":"","jetpack_seo_html_title":"","jetpack_seo_noindex":false,"_jetpack_memberships_contains_paid_content":false,"footnotes":""},"categories":[15],"tags":[],"class_list":["post-63671","post","type-post","status-publish","format-standard","has-post-thumbnail","hentry","category-comunidad"],"jetpack_featured_media_url":"https:\/\/i0.wp.com\/eltrabajo.cl\/portal\/wp-content\/uploads\/2015\/11\/Organizadores33.jpg?fit=530%2C349&ssl=1","jetpack_sharing_enabled":true,"jetpack_likes_enabled":true,"jetpack-related-posts":[],"_links":{"self":[{"href":"https:\/\/eltrabajo.cl\/portal\/wp-json\/wp\/v2\/posts\/63671","targetHints":{"allow":["GET"]}}],"collection":[{"href":"https:\/\/eltrabajo.cl\/portal\/wp-json\/wp\/v2\/posts"}],"about":[{"href":"https:\/\/eltrabajo.cl\/portal\/wp-json\/wp\/v2\/types\/post"}],"author":[{"embeddable":true,"href":"https:\/\/eltrabajo.cl\/portal\/wp-json\/wp\/v2\/users\/482"}],"replies":[{"embeddable":true,"href":"https:\/\/eltrabajo.cl\/portal\/wp-json\/wp\/v2\/comments?post=63671"}],"version-history":[{"count":0,"href":"https:\/\/eltrabajo.cl\/portal\/wp-json\/wp\/v2\/posts\/63671\/revisions"}],"wp:featuredmedia":[{"embeddable":true,"href":"https:\/\/eltrabajo.cl\/portal\/wp-json\/wp\/v2\/media\/63672"}],"wp:attachment":[{"href":"https:\/\/eltrabajo.cl\/portal\/wp-json\/wp\/v2\/media?parent=63671"}],"wp:term":[{"taxonomy":"category","embeddable":true,"href":"https:\/\/eltrabajo.cl\/portal\/wp-json\/wp\/v2\/categories?post=63671"},{"taxonomy":"post_tag","embeddable":true,"href":"https:\/\/eltrabajo.cl\/portal\/wp-json\/wp\/v2\/tags?post=63671"}],"curies":[{"name":"wp","href":"https:\/\/api.w.org\/{rel}","templated":true}]}}