{"id":63680,"date":"2015-11-09T10:06:18","date_gmt":"2015-11-09T13:06:18","guid":{"rendered":"http:\/\/www.eltrabajo.cl\/portal\/?p=63680"},"modified":"2015-11-09T10:06:18","modified_gmt":"2015-11-09T13:06:18","slug":"peaton-muere-atropellado-por-camioneta-tras-atravesar-la-ruta-60-ch","status":"publish","type":"post","link":"https:\/\/eltrabajo.cl\/portal\/peaton-muere-atropellado-por-camioneta-tras-atravesar-la-ruta-60-ch\/","title":{"rendered":"Peat\u00f3n muere atropellado por camioneta tras atravesar la ruta 60 CH"},"content":{"rendered":"<figure id=\"attachment_63681\" aria-describedby=\"caption-attachment-63681\" style=\"width: 300px\" class=\"wp-caption alignleft\"><a href=\"https:\/\/i0.wp.com\/www.eltrabajo.cl\/portal\/wp-content\/uploads\/2015\/11\/Accidente.jpg\"><img data-recalc-dims=\"1\" loading=\"lazy\" decoding=\"async\" class=\"wp-image-63681 size-medium\" src=\"https:\/\/i0.wp.com\/www.eltrabajo.cl\/portal\/wp-content\/uploads\/2015\/11\/Accidente-300x198.jpg?resize=300%2C198\" alt=\"Carlos Fa\u00fandez Sep\u00falveda falleci\u00f3 instant\u00e1neamente tras ser embestido por el conductor de una camioneta. Preliminarmente este peat\u00f3n habr\u00eda cruzado la ruta 60 CH por un lugar no habilitado la noche de este s\u00e1bado (Foto Archivo).\" width=\"300\" height=\"198\" srcset=\"https:\/\/i0.wp.com\/eltrabajo.cl\/portal\/wp-content\/uploads\/2015\/11\/Accidente.jpg?resize=300%2C198&amp;ssl=1 300w, https:\/\/i0.wp.com\/eltrabajo.cl\/portal\/wp-content\/uploads\/2015\/11\/Accidente.jpg?resize=200%2C132&amp;ssl=1 200w, https:\/\/i0.wp.com\/eltrabajo.cl\/portal\/wp-content\/uploads\/2015\/11\/Accidente.jpg?resize=227%2C150&amp;ssl=1 227w, https:\/\/i0.wp.com\/eltrabajo.cl\/portal\/wp-content\/uploads\/2015\/11\/Accidente.jpg?resize=400%2C264&amp;ssl=1 400w, https:\/\/i0.wp.com\/eltrabajo.cl\/portal\/wp-content\/uploads\/2015\/11\/Accidente.jpg?w=530&amp;ssl=1 530w\" sizes=\"auto, (max-width: 300px) 100vw, 300px\" \/><\/a><figcaption id=\"caption-attachment-63681\" class=\"wp-caption-text\">Carlos Fa\u00fandez Sep\u00falveda falleci\u00f3 instant\u00e1neamente tras ser embestido por el conductor de una camioneta. Preliminarmente este peat\u00f3n habr\u00eda cruzado la ruta 60 CH por un lugar no habilitado la noche de este s\u00e1bado (Foto Archivo).<\/figcaption><\/figure>\n<ul>\n<li><strong>Por causas que se investigan, el peat\u00f3n habr\u00eda cruzado la carretera por un lugar no habilitado, siendo embestido por una camioneta que se dirig\u00eda hacia la ruta 5 Norte la noche de este s\u00e1bado, origin\u00e1ndose esta tragedia.<\/strong><\/li>\n<\/ul>\n<p>Un lamentable accidente de tr\u00e1nsito con resultado de muerte se produjo a eso de las 21:00 horas del pasado s\u00e1bado, en circunstancias que un hombre de 58 a\u00f1os de edad, identificado como Carlos Fa\u00fandez Sep\u00falveda, aparentemente habr\u00eda atravesado la calzada por un lugar no habilitado, siendo embestido por una camioneta que circulaba por la ruta 60 CH a la altura de la comuna de Llay Llay, provocando instant\u00e1neamente su muerte.<br \/>\nLos hechos se originaron espec\u00edficamente en el kil\u00f3metro 53 de la mencionada carretera, en los momentos que el conductor del veh\u00edculo marca Ford Ranger placa patente BY HD 58, se dirig\u00eda desde San Felipe hacia la ruta 5 Norte, cuando sorpresivamente el peat\u00f3n, quien portaba una bicicleta junto a su cuerpo, habr\u00eda cruzado la carretera de derecha a izquierda, provocando el violento atropello.<br \/>\nA ra\u00edz del accidente, concurri\u00f3 personal del Samu para asistir al herido, sin embargo en el lugar, y pese a los mecanismos de reanimaci\u00f3n efectuados tras las m\u00faltiples fracturas y lesiones, los profesionales de la salud constataron el fallecimiento de Fa\u00fandez Sep\u00falveda, domiciliado en el pasaje Nogales de la Poblaci\u00f3n Chorrillos de Llay Llay.<br \/>\nPor instrucci\u00f3n del Fiscal de turno, se dio paso a las diligencias de los efectivos de la Subcomisar\u00eda Investigadora de Accidentes de Tr\u00e1nsito, Siat de Carabineros de San Felipe, para la investigaci\u00f3n del caso.<br \/>\nEn este sentido, la polic\u00eda uniformada descart\u00f3 preliminarmente la presencia de alcohol en el conductor de la camioneta, no obstante fue sometido a la alcoholemia de rigor en un centro hospitalario, quedando a la espera de citaci\u00f3n por parte de la Fiscal\u00eda para resolver el caso.<br \/>\n<strong>Pablo Salinas Sald\u00edas<\/strong><\/p>\n","protected":false},"excerpt":{"rendered":"<p>Por causas que se investigan, el peat\u00f3n habr\u00eda cruzado la carretera por un lugar no habilitado, siendo embestido por una camioneta que se dirig\u00eda hacia la ruta 5 Norte la noche de&#8230;<\/p>\n","protected":false},"author":482,"featured_media":63681,"comment_status":"open","ping_status":"open","sticky":false,"template":"","format":"standard","meta":{"advanced_seo_description":"","jetpack_seo_html_title":"","jetpack_seo_noindex":false,"_jetpack_memberships_contains_paid_content":false,"footnotes":""},"categories":[21],"tags":[],"class_list":["post-63680","post","type-post","status-publish","format-standard","has-post-thumbnail","hentry","category-policial"],"jetpack_featured_media_url":"https:\/\/i0.wp.com\/eltrabajo.cl\/portal\/wp-content\/uploads\/2015\/11\/Accidente.jpg?fit=530%2C350&ssl=1","jetpack_sharing_enabled":true,"jetpack_likes_enabled":true,"jetpack-related-posts":[],"_links":{"self":[{"href":"https:\/\/eltrabajo.cl\/portal\/wp-json\/wp\/v2\/posts\/63680","targetHints":{"allow":["GET"]}}],"collection":[{"href":"https:\/\/eltrabajo.cl\/portal\/wp-json\/wp\/v2\/posts"}],"about":[{"href":"https:\/\/eltrabajo.cl\/portal\/wp-json\/wp\/v2\/types\/post"}],"author":[{"embeddable":true,"href":"https:\/\/eltrabajo.cl\/portal\/wp-json\/wp\/v2\/users\/482"}],"replies":[{"embeddable":true,"href":"https:\/\/eltrabajo.cl\/portal\/wp-json\/wp\/v2\/comments?post=63680"}],"version-history":[{"count":0,"href":"https:\/\/eltrabajo.cl\/portal\/wp-json\/wp\/v2\/posts\/63680\/revisions"}],"wp:featuredmedia":[{"embeddable":true,"href":"https:\/\/eltrabajo.cl\/portal\/wp-json\/wp\/v2\/media\/63681"}],"wp:attachment":[{"href":"https:\/\/eltrabajo.cl\/portal\/wp-json\/wp\/v2\/media?parent=63680"}],"wp:term":[{"taxonomy":"category","embeddable":true,"href":"https:\/\/eltrabajo.cl\/portal\/wp-json\/wp\/v2\/categories?post=63680"},{"taxonomy":"post_tag","embeddable":true,"href":"https:\/\/eltrabajo.cl\/portal\/wp-json\/wp\/v2\/tags?post=63680"}],"curies":[{"name":"wp","href":"https:\/\/api.w.org\/{rel}","templated":true}]}}