{"id":63683,"date":"2015-11-10T09:09:56","date_gmt":"2015-11-10T12:09:56","guid":{"rendered":"http:\/\/www.eltrabajo.cl\/portal\/?p=63683"},"modified":"2015-11-10T09:09:56","modified_gmt":"2015-11-10T12:09:56","slug":"con-gran-participacion-realizaron-v-peregrinacion-al-santo-cristo-de-rinconada-de-silva","status":"publish","type":"post","link":"https:\/\/eltrabajo.cl\/portal\/con-gran-participacion-realizaron-v-peregrinacion-al-santo-cristo-de-rinconada-de-silva\/","title":{"rendered":"Con gran participaci\u00f3n realizaron V Peregrinaci\u00f3n al Santo Cristo de Rinconada de Silva"},"content":{"rendered":"<figure id=\"attachment_63684\" aria-describedby=\"caption-attachment-63684\" style=\"width: 300px\" class=\"wp-caption alignleft\"><a href=\"https:\/\/i0.wp.com\/www.eltrabajo.cl\/portal\/wp-content\/uploads\/2015\/11\/Peregrinacion-santo-cristo-rinconada-de-silva-1.jpg\"><img data-recalc-dims=\"1\" loading=\"lazy\" decoding=\"async\" class=\"wp-image-63684 size-medium\" src=\"https:\/\/i0.wp.com\/www.eltrabajo.cl\/portal\/wp-content\/uploads\/2015\/11\/Peregrinacion-santo-cristo-rinconada-de-silva-1-300x198.jpg?resize=300%2C198\" alt=\"Cientos de j\u00f3venes participaron de la quinta versi\u00f3n de este encuentro religioso juvenil de Putaendo.\" width=\"300\" height=\"198\" srcset=\"https:\/\/i0.wp.com\/eltrabajo.cl\/portal\/wp-content\/uploads\/2015\/11\/Peregrinacion-santo-cristo-rinconada-de-silva-1.jpg?resize=300%2C198&amp;ssl=1 300w, https:\/\/i0.wp.com\/eltrabajo.cl\/portal\/wp-content\/uploads\/2015\/11\/Peregrinacion-santo-cristo-rinconada-de-silva-1.jpg?resize=200%2C132&amp;ssl=1 200w, https:\/\/i0.wp.com\/eltrabajo.cl\/portal\/wp-content\/uploads\/2015\/11\/Peregrinacion-santo-cristo-rinconada-de-silva-1.jpg?resize=227%2C150&amp;ssl=1 227w, https:\/\/i0.wp.com\/eltrabajo.cl\/portal\/wp-content\/uploads\/2015\/11\/Peregrinacion-santo-cristo-rinconada-de-silva-1.jpg?resize=400%2C264&amp;ssl=1 400w, https:\/\/i0.wp.com\/eltrabajo.cl\/portal\/wp-content\/uploads\/2015\/11\/Peregrinacion-santo-cristo-rinconada-de-silva-1.jpg?w=530&amp;ssl=1 530w\" sizes=\"auto, (max-width: 300px) 100vw, 300px\" \/><\/a><figcaption id=\"caption-attachment-63684\" class=\"wp-caption-text\">Cientos de j\u00f3venes participaron de la quinta versi\u00f3n de este encuentro religioso juvenil de Putaendo.<\/figcaption><\/figure>\n<ul>\n<li><strong>Con la presencia de j\u00f3venes de los tres decanatos de la Iglesia diocesana de San Felipe, el pasado s\u00e1bado se efect\u00fao la V Peregrinaci\u00f3n Juvenil de Putaendo al Santo Cristo de Madera, que este a\u00f1o fue animada con el lema \u2018J\u00f3venes, al cuidado de la Casa Com\u00fan\u2019.<\/strong><\/li>\n<\/ul>\n<p>Este s\u00e1bado 07 de noviembre, se realiz\u00f3 la V Peregrinaci\u00f3n Juvenil Diocesana, que comenz\u00f3 con la celebraci\u00f3n de la Eucarist\u00eda en el Templo Parroquial de Putaendo y que fue presida por Mons. Cristi\u00e1n Contreras Molina, Obispo de la Di\u00f3cesis de San Felipe y concelebrada por los presb\u00edteros: Alberto Requenez, Claudio Acevedo, Crist\u00f3bal Miranda, Gustavo Adolfo Morales y Pedro Salinas.<\/p>\n<figure id=\"attachment_63685\" aria-describedby=\"caption-attachment-63685\" style=\"width: 300px\" class=\"wp-caption alignright\"><a href=\"https:\/\/i0.wp.com\/www.eltrabajo.cl\/portal\/wp-content\/uploads\/2015\/11\/Peregrinacion-santo-cristo-rinconada-de-silva-2.jpg\"><img data-recalc-dims=\"1\" loading=\"lazy\" decoding=\"async\" class=\"wp-image-63685 size-medium\" src=\"https:\/\/i0.wp.com\/www.eltrabajo.cl\/portal\/wp-content\/uploads\/2015\/11\/Peregrinacion-santo-cristo-rinconada-de-silva-2-300x198.jpg?resize=300%2C198\" alt=\"Al finalizar la eucarist\u00eda, los j\u00f3venes asistentes comenzaron a caminar por las calles de Putaendo, para llegar al Santuario del Santo Cristo en Rinconada de Silva.\" width=\"300\" height=\"198\" srcset=\"https:\/\/i0.wp.com\/eltrabajo.cl\/portal\/wp-content\/uploads\/2015\/11\/Peregrinacion-santo-cristo-rinconada-de-silva-2.jpg?resize=300%2C198&amp;ssl=1 300w, https:\/\/i0.wp.com\/eltrabajo.cl\/portal\/wp-content\/uploads\/2015\/11\/Peregrinacion-santo-cristo-rinconada-de-silva-2.jpg?resize=200%2C132&amp;ssl=1 200w, https:\/\/i0.wp.com\/eltrabajo.cl\/portal\/wp-content\/uploads\/2015\/11\/Peregrinacion-santo-cristo-rinconada-de-silva-2.jpg?resize=227%2C150&amp;ssl=1 227w, https:\/\/i0.wp.com\/eltrabajo.cl\/portal\/wp-content\/uploads\/2015\/11\/Peregrinacion-santo-cristo-rinconada-de-silva-2.jpg?resize=400%2C264&amp;ssl=1 400w, https:\/\/i0.wp.com\/eltrabajo.cl\/portal\/wp-content\/uploads\/2015\/11\/Peregrinacion-santo-cristo-rinconada-de-silva-2.jpg?w=530&amp;ssl=1 530w\" sizes=\"auto, (max-width: 300px) 100vw, 300px\" \/><\/a><figcaption id=\"caption-attachment-63685\" class=\"wp-caption-text\">Al finalizar la eucarist\u00eda, los j\u00f3venes asistentes comenzaron a caminar por las calles de Putaendo, para llegar al Santuario del Santo Cristo en Rinconada de Silva.<\/figcaption><\/figure>\n<p>En parte de su homil\u00eda, el Pastor Diocesano invit\u00f3 a los j\u00f3venes a afianzar su compromiso con el medio ambiente y especialmente responder al lema de esta peregrinaci\u00f3n, con acciones y gestos cotidianos para lograr cuidar nuestra \u2018Casa Com\u00fan\u2019. Adem\u00e1s destac\u00f3 la belleza de nuestros valles de Aconcagua, Putaendo y Petorca, siendo lugares privilegiados para contemplar la presencia de Dios en medio de la naturaleza.<br \/>\nAl finalizar la eucarist\u00eda los j\u00f3venes comenzaron a caminar por las calles del centro de la comuna de Putaendo, para peregrinar hasta el Santuario del Santo Cristo, ubicado en Rinconada de Silva. En el sector denominado \u2018Las Quillotanas\u2019 frente a la capilla del lugar, se encontraron con una estaci\u00f3n, en la cual la Pastoral juvenil Mercedaria y de la Parroquia Inmaculada Concepci\u00f3n de Santa Mar\u00eda, motivaron a los j\u00f3venes por medio de la oraci\u00f3n a transformarse en sembradores de vida y esperanza, adem\u00e1s se les hizo entrega de una bolsita con semillas, como signo de su misi\u00f3n de ser sembradores en medio de las comunidades.<br \/>\nPosteriormente continuaron su peregrinaci\u00f3n hasta llegar a la cumbre de Santuario, lugar que estaba preparado para realizar una liturgia para los peregrinos, en la cual se les invito a comprometerse a \u2018Cuidar Nuestra Casa Com\u00fan\u2019, y donde se hizo entrega de un \u00e1rbol que los j\u00f3venes llevaron hasta sus parroquias para ser plantados en un lugar de privilegio como testimonio del compromiso adquirido en este peregrinaci\u00f3n.<\/p>\n","protected":false},"excerpt":{"rendered":"<p>Con la presencia de j\u00f3venes de los tres decanatos de la Iglesia diocesana de San Felipe, el pasado s\u00e1bado se efect\u00fao la V Peregrinaci\u00f3n Juvenil de Putaendo al Santo Cristo de Madera,&#8230;<\/p>\n","protected":false},"author":482,"featured_media":63684,"comment_status":"open","ping_status":"open","sticky":false,"template":"","format":"standard","meta":{"advanced_seo_description":"","jetpack_seo_html_title":"","jetpack_seo_noindex":false,"_jetpack_memberships_contains_paid_content":false,"footnotes":""},"categories":[15],"tags":[],"class_list":["post-63683","post","type-post","status-publish","format-standard","has-post-thumbnail","hentry","category-comunidad"],"jetpack_featured_media_url":"https:\/\/i0.wp.com\/eltrabajo.cl\/portal\/wp-content\/uploads\/2015\/11\/Peregrinacion-santo-cristo-rinconada-de-silva-1.jpg?fit=530%2C350&ssl=1","jetpack_sharing_enabled":true,"jetpack_likes_enabled":true,"jetpack-related-posts":[],"_links":{"self":[{"href":"https:\/\/eltrabajo.cl\/portal\/wp-json\/wp\/v2\/posts\/63683","targetHints":{"allow":["GET"]}}],"collection":[{"href":"https:\/\/eltrabajo.cl\/portal\/wp-json\/wp\/v2\/posts"}],"about":[{"href":"https:\/\/eltrabajo.cl\/portal\/wp-json\/wp\/v2\/types\/post"}],"author":[{"embeddable":true,"href":"https:\/\/eltrabajo.cl\/portal\/wp-json\/wp\/v2\/users\/482"}],"replies":[{"embeddable":true,"href":"https:\/\/eltrabajo.cl\/portal\/wp-json\/wp\/v2\/comments?post=63683"}],"version-history":[{"count":0,"href":"https:\/\/eltrabajo.cl\/portal\/wp-json\/wp\/v2\/posts\/63683\/revisions"}],"wp:featuredmedia":[{"embeddable":true,"href":"https:\/\/eltrabajo.cl\/portal\/wp-json\/wp\/v2\/media\/63684"}],"wp:attachment":[{"href":"https:\/\/eltrabajo.cl\/portal\/wp-json\/wp\/v2\/media?parent=63683"}],"wp:term":[{"taxonomy":"category","embeddable":true,"href":"https:\/\/eltrabajo.cl\/portal\/wp-json\/wp\/v2\/categories?post=63683"},{"taxonomy":"post_tag","embeddable":true,"href":"https:\/\/eltrabajo.cl\/portal\/wp-json\/wp\/v2\/tags?post=63683"}],"curies":[{"name":"wp","href":"https:\/\/api.w.org\/{rel}","templated":true}]}}