{"id":63687,"date":"2015-11-10T09:11:26","date_gmt":"2015-11-10T12:11:26","guid":{"rendered":"http:\/\/www.eltrabajo.cl\/portal\/?p=63687"},"modified":"2015-11-10T09:11:26","modified_gmt":"2015-11-10T12:11:26","slug":"reparan-desperfectos-en-callejon-viejo-las-penas","status":"publish","type":"post","link":"https:\/\/eltrabajo.cl\/portal\/reparan-desperfectos-en-callejon-viejo-las-penas\/","title":{"rendered":"Reparan desperfectos en callej\u00f3n Viejo Las Pe\u00f1as"},"content":{"rendered":"<figure id=\"attachment_63688\" aria-describedby=\"caption-attachment-63688\" style=\"width: 300px\" class=\"wp-caption alignleft\"><a href=\"https:\/\/i0.wp.com\/www.eltrabajo.cl\/portal\/wp-content\/uploads\/2015\/11\/Bacheo-camino-viejo-las-penas.jpg\"><img data-recalc-dims=\"1\" loading=\"lazy\" decoding=\"async\" class=\"wp-image-63688 size-medium\" src=\"https:\/\/i0.wp.com\/www.eltrabajo.cl\/portal\/wp-content\/uploads\/2015\/11\/Bacheo-camino-viejo-las-penas-300x198.jpg?resize=300%2C198\" alt=\"Fueron 600 metros cuadrados los bacheados en el Camino Viejo Las Pe\u00f1as de la comuna de Llay Llay.\" width=\"300\" height=\"198\" srcset=\"https:\/\/i0.wp.com\/eltrabajo.cl\/portal\/wp-content\/uploads\/2015\/11\/Bacheo-camino-viejo-las-penas.jpg?resize=300%2C198&amp;ssl=1 300w, https:\/\/i0.wp.com\/eltrabajo.cl\/portal\/wp-content\/uploads\/2015\/11\/Bacheo-camino-viejo-las-penas.jpg?resize=200%2C132&amp;ssl=1 200w, https:\/\/i0.wp.com\/eltrabajo.cl\/portal\/wp-content\/uploads\/2015\/11\/Bacheo-camino-viejo-las-penas.jpg?resize=227%2C150&amp;ssl=1 227w, https:\/\/i0.wp.com\/eltrabajo.cl\/portal\/wp-content\/uploads\/2015\/11\/Bacheo-camino-viejo-las-penas.jpg?resize=400%2C264&amp;ssl=1 400w, https:\/\/i0.wp.com\/eltrabajo.cl\/portal\/wp-content\/uploads\/2015\/11\/Bacheo-camino-viejo-las-penas.jpg?w=530&amp;ssl=1 530w\" sizes=\"auto, (max-width: 300px) 100vw, 300px\" \/><\/a><figcaption id=\"caption-attachment-63688\" class=\"wp-caption-text\">Fueron 600 metros cuadrados los bacheados en el Camino Viejo Las Pe\u00f1as de la comuna de Llay Llay.<\/figcaption><\/figure>\n<p><strong>LLAY LLAY<\/strong>.- Una nueva cara luce la ruta E 418, m\u00e1s conocido como el Camino Viejo Las Pe\u00f1as. La longitud donde se aplic\u00f3 asfalt\u00f3 en caliente a los hoyos que exist\u00edan, alcanza 2,710 metros equivalentes a 600 metros cuadrados.<br \/>\nRecordemos que hace dos aproximadamente asfaltaron 2 kil\u00f3metros y medio en el conocido camino. Fueron las lluvias y el uso, el que caus\u00f3 alg\u00fan deterior\u00f3, el cual fue subsanado. El alcalde Mario Marillanca resalt\u00f3 \u201cque este trabajo mejora substancialmente la conexi\u00f3n de los vecinos y vecinas de Las Pe\u00f1as con el centro de la ciudad\u201d.<br \/>\nLa jefa de Vialidad San Felipe, ingeniero constructor Claudia Lizama indic\u00f3 que adicionalmente, \u201centre el mes de noviembre a diciembre, realizaremos un Tratamiento Superficial Simple, en el primer kil\u00f3metro comprendido desde Las Masas hasta Las Pe\u00f1as, con una inversi\u00f3n de 15 millones de pesos\u201d.<br \/>\n<strong>Marianela Quevedo<\/strong><\/p>\n","protected":false},"excerpt":{"rendered":"<p>LLAY LLAY.- Una nueva cara luce la ruta E 418, m\u00e1s conocido como el Camino Viejo Las Pe\u00f1as. La longitud donde se aplic\u00f3 asfalt\u00f3 en caliente a los hoyos que exist\u00edan, alcanza&#8230;<\/p>\n","protected":false},"author":482,"featured_media":63688,"comment_status":"open","ping_status":"open","sticky":false,"template":"","format":"standard","meta":{"advanced_seo_description":"","jetpack_seo_html_title":"","jetpack_seo_noindex":false,"_jetpack_memberships_contains_paid_content":false,"footnotes":""},"categories":[15],"tags":[],"class_list":["post-63687","post","type-post","status-publish","format-standard","has-post-thumbnail","hentry","category-comunidad"],"jetpack_featured_media_url":"https:\/\/i0.wp.com\/eltrabajo.cl\/portal\/wp-content\/uploads\/2015\/11\/Bacheo-camino-viejo-las-penas.jpg?fit=530%2C350&ssl=1","jetpack_sharing_enabled":true,"jetpack_likes_enabled":true,"jetpack-related-posts":[],"_links":{"self":[{"href":"https:\/\/eltrabajo.cl\/portal\/wp-json\/wp\/v2\/posts\/63687","targetHints":{"allow":["GET"]}}],"collection":[{"href":"https:\/\/eltrabajo.cl\/portal\/wp-json\/wp\/v2\/posts"}],"about":[{"href":"https:\/\/eltrabajo.cl\/portal\/wp-json\/wp\/v2\/types\/post"}],"author":[{"embeddable":true,"href":"https:\/\/eltrabajo.cl\/portal\/wp-json\/wp\/v2\/users\/482"}],"replies":[{"embeddable":true,"href":"https:\/\/eltrabajo.cl\/portal\/wp-json\/wp\/v2\/comments?post=63687"}],"version-history":[{"count":0,"href":"https:\/\/eltrabajo.cl\/portal\/wp-json\/wp\/v2\/posts\/63687\/revisions"}],"wp:featuredmedia":[{"embeddable":true,"href":"https:\/\/eltrabajo.cl\/portal\/wp-json\/wp\/v2\/media\/63688"}],"wp:attachment":[{"href":"https:\/\/eltrabajo.cl\/portal\/wp-json\/wp\/v2\/media?parent=63687"}],"wp:term":[{"taxonomy":"category","embeddable":true,"href":"https:\/\/eltrabajo.cl\/portal\/wp-json\/wp\/v2\/categories?post=63687"},{"taxonomy":"post_tag","embeddable":true,"href":"https:\/\/eltrabajo.cl\/portal\/wp-json\/wp\/v2\/tags?post=63687"}],"curies":[{"name":"wp","href":"https:\/\/api.w.org\/{rel}","templated":true}]}}