{"id":63694,"date":"2015-11-10T09:27:23","date_gmt":"2015-11-10T12:27:23","guid":{"rendered":"http:\/\/www.eltrabajo.cl\/portal\/?p=63694"},"modified":"2015-11-10T09:27:23","modified_gmt":"2015-11-10T12:27:23","slug":"estudiantes-del-santa-juana-se-lucen-construyendo-autitos-electricos-usando-material-reciclado-y-energia-solar","status":"publish","type":"post","link":"https:\/\/eltrabajo.cl\/portal\/estudiantes-del-santa-juana-se-lucen-construyendo-autitos-electricos-usando-material-reciclado-y-energia-solar\/","title":{"rendered":"Estudiantes del Santa Juana se lucen construyendo autitos el\u00e9ctricos usando material reciclado y energ\u00eda solar"},"content":{"rendered":"<figure id=\"attachment_63695\" aria-describedby=\"caption-attachment-63695\" style=\"width: 300px\" class=\"wp-caption alignleft\"><a href=\"https:\/\/i0.wp.com\/www.eltrabajo.cl\/portal\/wp-content\/uploads\/2015\/11\/Alumnas-Santa-Juana-de-Arco-1.jpg\"><img data-recalc-dims=\"1\" loading=\"lazy\" decoding=\"async\" class=\"wp-image-63695 size-medium\" src=\"https:\/\/i0.wp.com\/www.eltrabajo.cl\/portal\/wp-content\/uploads\/2015\/11\/Alumnas-Santa-Juana-de-Arco-1-300x197.jpg?resize=300%2C197\" alt=\"Las alumnas que participaron de este campeonato interno, obtuvieron un reconocimiento.\" width=\"300\" height=\"197\" srcset=\"https:\/\/i0.wp.com\/eltrabajo.cl\/portal\/wp-content\/uploads\/2015\/11\/Alumnas-Santa-Juana-de-Arco-1.jpg?resize=300%2C197&amp;ssl=1 300w, https:\/\/i0.wp.com\/eltrabajo.cl\/portal\/wp-content\/uploads\/2015\/11\/Alumnas-Santa-Juana-de-Arco-1.jpg?resize=200%2C131&amp;ssl=1 200w, https:\/\/i0.wp.com\/eltrabajo.cl\/portal\/wp-content\/uploads\/2015\/11\/Alumnas-Santa-Juana-de-Arco-1.jpg?resize=228%2C150&amp;ssl=1 228w, https:\/\/i0.wp.com\/eltrabajo.cl\/portal\/wp-content\/uploads\/2015\/11\/Alumnas-Santa-Juana-de-Arco-1.jpg?resize=400%2C263&amp;ssl=1 400w, https:\/\/i0.wp.com\/eltrabajo.cl\/portal\/wp-content\/uploads\/2015\/11\/Alumnas-Santa-Juana-de-Arco-1.jpg?w=530&amp;ssl=1 530w\" sizes=\"auto, (max-width: 300px) 100vw, 300px\" \/><\/a><figcaption id=\"caption-attachment-63695\" class=\"wp-caption-text\">Las alumnas que participaron de este campeonato interno, obtuvieron un reconocimiento.<\/figcaption><\/figure>\n<p>Felices se encontraban las alumnas del 5\u00ba a\u00f1o b\u00e1sico del Colegio Santa Juana de Arco, al participar en el campeonato interno de velocidad y dise\u00f1o de autitos el\u00e9ctricos usando material reciclado de uso dom\u00e9stico. Este proyecto naci\u00f3 a partir del conocimiento, habilidad y destreza para construir circuitos el\u00e9ctricos simples, los cuales pusieron en pr\u00e1ctica creando autitos de creaci\u00f3n personal. Mayor fue la alegr\u00eda de las alumnas cuando experimentaron que el motor de su autito pod\u00eda ser impulsado usando placas solares.<br \/>\nUn trabajo interesante donde las alumnas pudieron desarrollar habilidades cognitivas a trav\u00e9s de la investigaci\u00f3n y estudios relacionados con algunos principios de f\u00edsica como el roce, la velocidad, el movimiento y la energ\u00eda.<br \/>\nLas alumnas premiadas por el dise\u00f1o de su auto fueron Martina Silva, Isidora Urbina Carvajal y Camila Acevedo.<br \/>\nLas alumnas ganadoras por la velocidad de su autito fueron Almendra Vergara, Constanza Castro y Antonia Lobos Cifuentes.<\/p>\n<figure id=\"attachment_63696\" aria-describedby=\"caption-attachment-63696\" style=\"width: 300px\" class=\"wp-caption alignright\"><a href=\"https:\/\/i0.wp.com\/www.eltrabajo.cl\/portal\/wp-content\/uploads\/2015\/11\/Alumnas-Santa-Juana-de-Arco-3.jpg\"><img data-recalc-dims=\"1\" loading=\"lazy\" decoding=\"async\" class=\"wp-image-63696 size-medium\" src=\"https:\/\/i0.wp.com\/www.eltrabajo.cl\/portal\/wp-content\/uploads\/2015\/11\/Alumnas-Santa-Juana-de-Arco-3-300x198.jpg?resize=300%2C198\" alt=\"Este es uno de los autitos creados por las alumnas del Santa Juana, las cuales con mucha habilidad e inteligencia, lograron confeccionarlos.\" width=\"300\" height=\"198\" srcset=\"https:\/\/i0.wp.com\/eltrabajo.cl\/portal\/wp-content\/uploads\/2015\/11\/Alumnas-Santa-Juana-de-Arco-3.jpg?resize=300%2C198&amp;ssl=1 300w, https:\/\/i0.wp.com\/eltrabajo.cl\/portal\/wp-content\/uploads\/2015\/11\/Alumnas-Santa-Juana-de-Arco-3.jpg?resize=200%2C132&amp;ssl=1 200w, https:\/\/i0.wp.com\/eltrabajo.cl\/portal\/wp-content\/uploads\/2015\/11\/Alumnas-Santa-Juana-de-Arco-3.jpg?resize=227%2C150&amp;ssl=1 227w, https:\/\/i0.wp.com\/eltrabajo.cl\/portal\/wp-content\/uploads\/2015\/11\/Alumnas-Santa-Juana-de-Arco-3.jpg?resize=400%2C264&amp;ssl=1 400w, https:\/\/i0.wp.com\/eltrabajo.cl\/portal\/wp-content\/uploads\/2015\/11\/Alumnas-Santa-Juana-de-Arco-3.jpg?w=530&amp;ssl=1 530w\" sizes=\"auto, (max-width: 300px) 100vw, 300px\" \/><\/a><figcaption id=\"caption-attachment-63696\" class=\"wp-caption-text\">Este es uno de los autitos creados por las alumnas del Santa Juana, las cuales con mucha habilidad e inteligencia, lograron confeccionarlos.<\/figcaption><\/figure>\n<p>Cabe destacar que el apoyo constante en las actividades pedag\u00f3gicas por parte de la direcci\u00f3n del colegio, apoderados y profesores son elementos fundamentales para el desarrollo integral de las estudiantes.<br \/>\nEl profesor Carlos Coronado manifest\u00f3 su alegr\u00eda con este proyecto educativo y agreg\u00f3 que con este tipo de estrategias pedag\u00f3gicas las alumnas se motivan y comprometen a\u00fan m\u00e1s con su aprendizaje.<\/p>\n","protected":false},"excerpt":{"rendered":"<p>Felices se encontraban las alumnas del 5\u00ba a\u00f1o b\u00e1sico del Colegio Santa Juana de Arco, al participar en el campeonato interno de velocidad y dise\u00f1o de autitos el\u00e9ctricos usando material reciclado de&#8230;<\/p>\n","protected":false},"author":482,"featured_media":63695,"comment_status":"open","ping_status":"open","sticky":false,"template":"","format":"standard","meta":{"advanced_seo_description":"","jetpack_seo_html_title":"","jetpack_seo_noindex":false,"_jetpack_memberships_contains_paid_content":false,"footnotes":""},"categories":[1],"tags":[],"class_list":["post-63694","post","type-post","status-publish","format-standard","has-post-thumbnail","hentry","category-cronica"],"jetpack_featured_media_url":"https:\/\/i0.wp.com\/eltrabajo.cl\/portal\/wp-content\/uploads\/2015\/11\/Alumnas-Santa-Juana-de-Arco-1.jpg?fit=530%2C348&ssl=1","jetpack_sharing_enabled":true,"jetpack_likes_enabled":true,"jetpack-related-posts":[],"_links":{"self":[{"href":"https:\/\/eltrabajo.cl\/portal\/wp-json\/wp\/v2\/posts\/63694","targetHints":{"allow":["GET"]}}],"collection":[{"href":"https:\/\/eltrabajo.cl\/portal\/wp-json\/wp\/v2\/posts"}],"about":[{"href":"https:\/\/eltrabajo.cl\/portal\/wp-json\/wp\/v2\/types\/post"}],"author":[{"embeddable":true,"href":"https:\/\/eltrabajo.cl\/portal\/wp-json\/wp\/v2\/users\/482"}],"replies":[{"embeddable":true,"href":"https:\/\/eltrabajo.cl\/portal\/wp-json\/wp\/v2\/comments?post=63694"}],"version-history":[{"count":0,"href":"https:\/\/eltrabajo.cl\/portal\/wp-json\/wp\/v2\/posts\/63694\/revisions"}],"wp:featuredmedia":[{"embeddable":true,"href":"https:\/\/eltrabajo.cl\/portal\/wp-json\/wp\/v2\/media\/63695"}],"wp:attachment":[{"href":"https:\/\/eltrabajo.cl\/portal\/wp-json\/wp\/v2\/media?parent=63694"}],"wp:term":[{"taxonomy":"category","embeddable":true,"href":"https:\/\/eltrabajo.cl\/portal\/wp-json\/wp\/v2\/categories?post=63694"},{"taxonomy":"post_tag","embeddable":true,"href":"https:\/\/eltrabajo.cl\/portal\/wp-json\/wp\/v2\/tags?post=63694"}],"curies":[{"name":"wp","href":"https:\/\/api.w.org\/{rel}","templated":true}]}}