{"id":63698,"date":"2015-11-10T09:30:19","date_gmt":"2015-11-10T12:30:19","guid":{"rendered":"http:\/\/www.eltrabajo.cl\/portal\/?p=63698"},"modified":"2015-11-10T09:30:19","modified_gmt":"2015-11-10T12:30:19","slug":"efectuan-primera-jornada-de-manejo-de-conceptos-psiquiatricos-con-medios-de-comunicacion","status":"publish","type":"post","link":"https:\/\/eltrabajo.cl\/portal\/efectuan-primera-jornada-de-manejo-de-conceptos-psiquiatricos-con-medios-de-comunicacion\/","title":{"rendered":"Efect\u00faan primera Jornada de Manejo de Conceptos Psiqui\u00e1tricos con medios de comunicaci\u00f3n"},"content":{"rendered":"<figure id=\"attachment_63699\" aria-describedby=\"caption-attachment-63699\" style=\"width: 300px\" class=\"wp-caption alignleft\"><a href=\"https:\/\/i0.wp.com\/www.eltrabajo.cl\/portal\/wp-content\/uploads\/2015\/11\/Jornada-Conceptos-Psiquiatricos-2.jpg\"><img data-recalc-dims=\"1\" loading=\"lazy\" decoding=\"async\" class=\"wp-image-63699 size-medium\" src=\"https:\/\/i0.wp.com\/www.eltrabajo.cl\/portal\/wp-content\/uploads\/2015\/11\/Jornada-Conceptos-Psiquiatricos-2-300x197.jpg?resize=300%2C197\" alt=\"Hospital Psiqui\u00e1trico impuls\u00f3 el desarrollo de la primera Jornada de Manejo de Conceptos Psiqui\u00e1tricos dirigido a los diferentes medios de comunicaci\u00f3n del Valle del Aconcagua.\" width=\"300\" height=\"197\" srcset=\"https:\/\/i0.wp.com\/eltrabajo.cl\/portal\/wp-content\/uploads\/2015\/11\/Jornada-Conceptos-Psiquiatricos-2.jpg?resize=300%2C197&amp;ssl=1 300w, https:\/\/i0.wp.com\/eltrabajo.cl\/portal\/wp-content\/uploads\/2015\/11\/Jornada-Conceptos-Psiquiatricos-2.jpg?resize=200%2C131&amp;ssl=1 200w, https:\/\/i0.wp.com\/eltrabajo.cl\/portal\/wp-content\/uploads\/2015\/11\/Jornada-Conceptos-Psiquiatricos-2.jpg?resize=228%2C150&amp;ssl=1 228w, https:\/\/i0.wp.com\/eltrabajo.cl\/portal\/wp-content\/uploads\/2015\/11\/Jornada-Conceptos-Psiquiatricos-2.jpg?resize=400%2C263&amp;ssl=1 400w, https:\/\/i0.wp.com\/eltrabajo.cl\/portal\/wp-content\/uploads\/2015\/11\/Jornada-Conceptos-Psiquiatricos-2.jpg?w=530&amp;ssl=1 530w\" sizes=\"auto, (max-width: 300px) 100vw, 300px\" \/><\/a><figcaption id=\"caption-attachment-63699\" class=\"wp-caption-text\">Hospital Psiqui\u00e1trico impuls\u00f3 el desarrollo de la primera Jornada de Manejo de Conceptos Psiqui\u00e1tricos dirigido a los diferentes medios de comunicaci\u00f3n del Valle del Aconcagua.<\/figcaption><\/figure>\n<ul>\n<li><strong>La iniciativa tuvo por objetivo entregar a periodistas y comunicadores de Aconcagua distintas orientaciones acerca de los t\u00e9rminos empleados para referirse a personas en situaci\u00f3n de discapacidad, adem\u00e1s del funcionamiento del establecimiento psiqui\u00e1trico.<\/strong><\/li>\n<\/ul>\n<p>Sin lugar a dudas la realidad de las personas en situaci\u00f3n de discapacidad, principalmente de tipo psiqui\u00e1trica, es a\u00fan invisible para buena parte de la sociedad, m\u00e1s a\u00fan los conceptos asociados a ellas, principalmente para humanizar el trato, como tambi\u00e9n los t\u00e9rminos empleados al referirse al funcionamiento de hospitales psiqui\u00e1tricos en el pa\u00eds, m\u00e1s a\u00fan aquellos que poseen unidades de psiquiatr\u00eda forense.<br \/>\nPor esta raz\u00f3n, el Hospital Psiqui\u00e1trico Dr. Philippe Pinel impuls\u00f3 el desarrollo de la primera Jornada de Manejo de Conceptos Psiqui\u00e1tricos, dirigida a medios de comunicaci\u00f3n del Valle de Aconcagua y encargados de prensa y relaciones p\u00fablicas de municipalidades y reparticiones de gobierno en la regi\u00f3n.<br \/>\nPara abrir esta jornada, el Dr. Jaime Retamal, Director del Psiqui\u00e1trico de Putaendo expuso sobre progreso de la instituci\u00f3n desde su creaci\u00f3n el a\u00f1o 1968 hasta nuestros d\u00edas, enfatizando en la referencia que ha logrado obtener el Philippe Pinel, principalmente en el \u00e1rea de psiquiatr\u00eda forense.<br \/>\nPosteriormente, el m\u00e9dico psiquiatra y exdirector del Hospital, Dr. Nathan Arenas Pessa, hizo una ponencia sobre la evoluci\u00f3n de la psiquiatr\u00eda forense en el establecimiento de la comuna de Putaendo, subrayando casos de rehabilitaci\u00f3n y reinserci\u00f3n exitosos que dan cuenta del trabajo que se realiza en esas unidades, adem\u00e1s del proceso cl\u00ednico que atraviesa una persona con patolog\u00edas psiqui\u00e1tricas y que es sindicada como autora de un delito. Junto con ello, en su exposici\u00f3n el profesional recalc\u00f3 que hoy es un mito decir que el Hospital Psiqui\u00e1trico de Putaendo \u201ces una c\u00e1rcel que s\u00f3lo sirve para personas que fingen una enfermedad mental para evadir a la justicia\u201d.<br \/>\nLa \u00faltima presentaci\u00f3n vino por parte del abogado Cristian Magnan Garc\u00eda, asesor jur\u00eddico de la instituci\u00f3n, quien detall\u00f3 cada concepto asociado a las unidades forenses, factor fundamental considerando que en la actualidad es com\u00fan que se asocien t\u00e9rminos como \u2018c\u00e1rcel\u2019, \u2018reo\u2019, \u2018fuga\u2019 o \u2018condena\u2019 a una persona en situaci\u00f3n de discapacidad ps\u00edquica y a las instalaciones que posee el Philippe Pinel para ellas y ellos.<br \/>\nMagnan respondi\u00f3 cada una de las interrogantes de la prensa aconcag\u00fcina y de los representantes de las reparticiones p\u00fablicas presentes, quienes a su vez agradecieron la orientaci\u00f3n entregada por el Hospital, lo que contribuye a entregar un mensaje claro y preciso a la comunidad.<br \/>\nEl Dr. Jaime Retamal indic\u00f3 que este tipo de charlas explicativas son importantes para quitar los estigmas que existen hacia los usuarios psiqui\u00e1tricos y hacia la instituci\u00f3n, lo que a su vez contribuye a fortalecer un acercamiento con la comunidad, elemento que se logra precisamente a trav\u00e9s de los medios de comunicaci\u00f3n \u201cy por eso consideramos hacer esta jornada, pues los medios de prensa por lo general no manejan los conceptos de un sistema tan complejo y a veces poco conocido como el nuestro, por lo cual se emplean t\u00e9rminos que no reflejan la realidad, por ejemplo, de nuestras unidades forenses\u201d, agreg\u00f3 el m\u00e9dico psiquiatra, quien descart\u00f3 que esta iniciativa se haya efectuado para \u2018pautear\u2019 a la prensa, sino m\u00e1s bien para contribuir a su quehacer informativo a trav\u00e9s del conocimiento.<\/p>\n","protected":false},"excerpt":{"rendered":"<p>La iniciativa tuvo por objetivo entregar a periodistas y comunicadores de Aconcagua distintas orientaciones acerca de los t\u00e9rminos empleados para referirse a personas en situaci\u00f3n de discapacidad, adem\u00e1s del funcionamiento del establecimiento&#8230;<\/p>\n","protected":false},"author":482,"featured_media":63699,"comment_status":"open","ping_status":"open","sticky":false,"template":"","format":"standard","meta":{"advanced_seo_description":"","jetpack_seo_html_title":"","jetpack_seo_noindex":false,"_jetpack_memberships_contains_paid_content":false,"footnotes":""},"categories":[1],"tags":[],"class_list":["post-63698","post","type-post","status-publish","format-standard","has-post-thumbnail","hentry","category-cronica"],"jetpack_featured_media_url":"https:\/\/i0.wp.com\/eltrabajo.cl\/portal\/wp-content\/uploads\/2015\/11\/Jornada-Conceptos-Psiquiatricos-2.jpg?fit=530%2C348&ssl=1","jetpack_sharing_enabled":true,"jetpack_likes_enabled":true,"jetpack-related-posts":[],"_links":{"self":[{"href":"https:\/\/eltrabajo.cl\/portal\/wp-json\/wp\/v2\/posts\/63698","targetHints":{"allow":["GET"]}}],"collection":[{"href":"https:\/\/eltrabajo.cl\/portal\/wp-json\/wp\/v2\/posts"}],"about":[{"href":"https:\/\/eltrabajo.cl\/portal\/wp-json\/wp\/v2\/types\/post"}],"author":[{"embeddable":true,"href":"https:\/\/eltrabajo.cl\/portal\/wp-json\/wp\/v2\/users\/482"}],"replies":[{"embeddable":true,"href":"https:\/\/eltrabajo.cl\/portal\/wp-json\/wp\/v2\/comments?post=63698"}],"version-history":[{"count":0,"href":"https:\/\/eltrabajo.cl\/portal\/wp-json\/wp\/v2\/posts\/63698\/revisions"}],"wp:featuredmedia":[{"embeddable":true,"href":"https:\/\/eltrabajo.cl\/portal\/wp-json\/wp\/v2\/media\/63699"}],"wp:attachment":[{"href":"https:\/\/eltrabajo.cl\/portal\/wp-json\/wp\/v2\/media?parent=63698"}],"wp:term":[{"taxonomy":"category","embeddable":true,"href":"https:\/\/eltrabajo.cl\/portal\/wp-json\/wp\/v2\/categories?post=63698"},{"taxonomy":"post_tag","embeddable":true,"href":"https:\/\/eltrabajo.cl\/portal\/wp-json\/wp\/v2\/tags?post=63698"}],"curies":[{"name":"wp","href":"https:\/\/api.w.org\/{rel}","templated":true}]}}