{"id":63701,"date":"2015-11-10T09:32:42","date_gmt":"2015-11-10T12:32:42","guid":{"rendered":"http:\/\/www.eltrabajo.cl\/portal\/?p=63701"},"modified":"2015-11-10T09:32:42","modified_gmt":"2015-11-10T12:32:42","slug":"servicio-de-salud-realiza-dialogo-con-mujeres-jefas-de-hogar-sobre-despenalizacion-del-aborto-terapeutico","status":"publish","type":"post","link":"https:\/\/eltrabajo.cl\/portal\/servicio-de-salud-realiza-dialogo-con-mujeres-jefas-de-hogar-sobre-despenalizacion-del-aborto-terapeutico\/","title":{"rendered":"Servicio de Salud realiza di\u00e1logo con mujeres jefas de hogar sobre despenalizaci\u00f3n del aborto terap\u00e9utico"},"content":{"rendered":"<figure id=\"attachment_63702\" aria-describedby=\"caption-attachment-63702\" style=\"width: 300px\" class=\"wp-caption alignleft\"><a href=\"https:\/\/i0.wp.com\/www.eltrabajo.cl\/portal\/wp-content\/uploads\/2015\/11\/Dialogo-despenalizacion-aborto.jpg\"><img data-recalc-dims=\"1\" loading=\"lazy\" decoding=\"async\" class=\"wp-image-63702 size-medium\" src=\"https:\/\/i0.wp.com\/www.eltrabajo.cl\/portal\/wp-content\/uploads\/2015\/11\/Dialogo-despenalizacion-aborto-300x199.jpg?resize=300%2C199\" alt=\"La Dra. Vilma Olave particip\u00f3 de un di\u00e1logo efectuado con jefas de hogar sobre la despenalizaci\u00f3n del aborto.\" width=\"300\" height=\"199\" srcset=\"https:\/\/i0.wp.com\/eltrabajo.cl\/portal\/wp-content\/uploads\/2015\/11\/Dialogo-despenalizacion-aborto.jpg?resize=300%2C199&amp;ssl=1 300w, https:\/\/i0.wp.com\/eltrabajo.cl\/portal\/wp-content\/uploads\/2015\/11\/Dialogo-despenalizacion-aborto.jpg?resize=200%2C133&amp;ssl=1 200w, https:\/\/i0.wp.com\/eltrabajo.cl\/portal\/wp-content\/uploads\/2015\/11\/Dialogo-despenalizacion-aborto.jpg?resize=226%2C150&amp;ssl=1 226w, https:\/\/i0.wp.com\/eltrabajo.cl\/portal\/wp-content\/uploads\/2015\/11\/Dialogo-despenalizacion-aborto.jpg?resize=400%2C265&amp;ssl=1 400w, https:\/\/i0.wp.com\/eltrabajo.cl\/portal\/wp-content\/uploads\/2015\/11\/Dialogo-despenalizacion-aborto.jpg?w=528&amp;ssl=1 528w\" sizes=\"auto, (max-width: 300px) 100vw, 300px\" \/><\/a><figcaption id=\"caption-attachment-63702\" class=\"wp-caption-text\">La Dra. Vilma Olave particip\u00f3 de un di\u00e1logo efectuado con jefas de hogar sobre la despenalizaci\u00f3n del aborto.<\/figcaption><\/figure>\n<ul>\n<li><strong>\u201cUna gran oportunidad de compartir con la principal protagonista, la mujer, un tema muy sensible y que de aprobarse finalmente en el Congreso Nacional ser\u00e1 la recuperaci\u00f3n de un derecho eliminado arbitrariamente\u201d, afirm\u00f3 la Dra. Vilma Olave Garrido.<\/strong><\/li>\n<\/ul>\n<p>La Directora del Servicio de Salud Aconcagua, Dra. Vilma Olave, destac\u00f3 y valor\u00f3 el di\u00e1logo sobre despenalizaci\u00f3n del aborto terap\u00e9utico que sostuvo con mujeres trabajadoras y jefas de hogar, agregando que fue una gran oportunidad compartir un tema de alta sensibilidad social y el que luego, de ser aprobado en la Comisi\u00f3n de Salud de la C\u00e1mara, se encuentra en tr\u00e1mite.<br \/>\n\u201cHa sido muy valioso poder compartir con mujeres trabajadoras y jefas de hogar la despenalizaci\u00f3n del aborto terap\u00e9utico en caso de violaci\u00f3n, riesgo de vida de la madre o inviabilidad fetal. Un espacio que nos ha permitido conversar ampliamente y aclarar tajantemente que con la aprobaci\u00f3n de esta ley bajo ning\u00fan punto de vista se est\u00e1 legalizando el aborto en el pa\u00eds\u201d.<br \/>\nEl debate en el Congreso ha sido sobre tres causales espec\u00edficas, algunas de ellas con m\u00e1s discusiones y an\u00e1lisis, pero no se est\u00e1 abriendo ni se deja una puerta para que definitivamente el aborto se legalice. Nunca ha sido esa la intenci\u00f3n, al contrario, se est\u00e1 restableciendo un derecho que hasta el a\u00f1o 1989 estaba vigente en el pa\u00eds y que arbitrariamente se elimin\u00f3, como se acostumbraba en esa \u00e9poca.<br \/>\nEl pa\u00eds ha retomado una discusi\u00f3n seria y responsable. Como otras iniciativas, la Presidenta Bachelet, junto con delegar en las Ministras del Sernam y de Salud el avance de este proceso, ha pedido expresamente escuchar tanto los enfoques t\u00e9cnicos, como tambi\u00e9n, culturales, ideol\u00f3gicos y religiosos. Eso es lo que he querido hacer en esta oportunidad y que continuar\u00e9 haciendo en este y en otros temas que sean de inter\u00e9s para nuestra comunidad y nuestra gesti\u00f3n sanitaria\u201d, finaliz\u00f3 la Directora del Servicio de Salud Aconcagua.<br \/>\nPor su parte, las participantes destacaron el di\u00e1logo abierto y franco de parte de la autoridad de salud y ellas, quienes expresaron y agradecieron la oportunidad de conversar y exponer con sinceridad y responsabilidad sus propias inquietudes.<\/p>\n","protected":false},"excerpt":{"rendered":"<p>\u201cUna gran oportunidad de compartir con la principal protagonista, la mujer, un tema muy sensible y que de aprobarse finalmente en el Congreso Nacional ser\u00e1 la recuperaci\u00f3n de un derecho eliminado arbitrariamente\u201d,&#8230;<\/p>\n","protected":false},"author":482,"featured_media":63702,"comment_status":"open","ping_status":"open","sticky":false,"template":"","format":"standard","meta":{"advanced_seo_description":"","jetpack_seo_html_title":"","jetpack_seo_noindex":false,"_jetpack_memberships_contains_paid_content":false,"footnotes":""},"categories":[15],"tags":[],"class_list":["post-63701","post","type-post","status-publish","format-standard","has-post-thumbnail","hentry","category-comunidad"],"jetpack_featured_media_url":"https:\/\/i0.wp.com\/eltrabajo.cl\/portal\/wp-content\/uploads\/2015\/11\/Dialogo-despenalizacion-aborto.jpg?fit=528%2C350&ssl=1","jetpack_sharing_enabled":true,"jetpack_likes_enabled":true,"jetpack-related-posts":[],"_links":{"self":[{"href":"https:\/\/eltrabajo.cl\/portal\/wp-json\/wp\/v2\/posts\/63701","targetHints":{"allow":["GET"]}}],"collection":[{"href":"https:\/\/eltrabajo.cl\/portal\/wp-json\/wp\/v2\/posts"}],"about":[{"href":"https:\/\/eltrabajo.cl\/portal\/wp-json\/wp\/v2\/types\/post"}],"author":[{"embeddable":true,"href":"https:\/\/eltrabajo.cl\/portal\/wp-json\/wp\/v2\/users\/482"}],"replies":[{"embeddable":true,"href":"https:\/\/eltrabajo.cl\/portal\/wp-json\/wp\/v2\/comments?post=63701"}],"version-history":[{"count":0,"href":"https:\/\/eltrabajo.cl\/portal\/wp-json\/wp\/v2\/posts\/63701\/revisions"}],"wp:featuredmedia":[{"embeddable":true,"href":"https:\/\/eltrabajo.cl\/portal\/wp-json\/wp\/v2\/media\/63702"}],"wp:attachment":[{"href":"https:\/\/eltrabajo.cl\/portal\/wp-json\/wp\/v2\/media?parent=63701"}],"wp:term":[{"taxonomy":"category","embeddable":true,"href":"https:\/\/eltrabajo.cl\/portal\/wp-json\/wp\/v2\/categories?post=63701"},{"taxonomy":"post_tag","embeddable":true,"href":"https:\/\/eltrabajo.cl\/portal\/wp-json\/wp\/v2\/tags?post=63701"}],"curies":[{"name":"wp","href":"https:\/\/api.w.org\/{rel}","templated":true}]}}