{"id":63704,"date":"2015-11-10T09:34:27","date_gmt":"2015-11-10T12:34:27","guid":{"rendered":"http:\/\/www.eltrabajo.cl\/portal\/?p=63704"},"modified":"2015-11-10T09:34:27","modified_gmt":"2015-11-10T12:34:27","slug":"retiran-90-toneladas-de-basura-desde-poblacion-san-felipe","status":"publish","type":"post","link":"https:\/\/eltrabajo.cl\/portal\/retiran-90-toneladas-de-basura-desde-poblacion-san-felipe\/","title":{"rendered":"Retiran 90 toneladas de basura desde Poblaci\u00f3n San Felipe"},"content":{"rendered":"<figure id=\"attachment_63705\" aria-describedby=\"caption-attachment-63705\" style=\"width: 300px\" class=\"wp-caption alignleft\"><a href=\"https:\/\/i0.wp.com\/www.eltrabajo.cl\/portal\/wp-content\/uploads\/2015\/11\/operativo2.jpg\"><img data-recalc-dims=\"1\" loading=\"lazy\" decoding=\"async\" class=\"wp-image-63705 size-medium\" src=\"https:\/\/i0.wp.com\/www.eltrabajo.cl\/portal\/wp-content\/uploads\/2015\/11\/operativo2-300x198.jpg?resize=300%2C198\" alt=\"El operativo se realiz\u00f3 en la Poblaci\u00f3n San Felipe, siendo retiradas 90 toneladas de desechos.\" width=\"300\" height=\"198\" srcset=\"https:\/\/i0.wp.com\/eltrabajo.cl\/portal\/wp-content\/uploads\/2015\/11\/operativo2.jpg?resize=300%2C198&amp;ssl=1 300w, https:\/\/i0.wp.com\/eltrabajo.cl\/portal\/wp-content\/uploads\/2015\/11\/operativo2.jpg?resize=200%2C132&amp;ssl=1 200w, https:\/\/i0.wp.com\/eltrabajo.cl\/portal\/wp-content\/uploads\/2015\/11\/operativo2.jpg?resize=227%2C150&amp;ssl=1 227w, https:\/\/i0.wp.com\/eltrabajo.cl\/portal\/wp-content\/uploads\/2015\/11\/operativo2.jpg?resize=400%2C264&amp;ssl=1 400w, https:\/\/i0.wp.com\/eltrabajo.cl\/portal\/wp-content\/uploads\/2015\/11\/operativo2.jpg?w=530&amp;ssl=1 530w\" sizes=\"auto, (max-width: 300px) 100vw, 300px\" \/><\/a><figcaption id=\"caption-attachment-63705\" class=\"wp-caption-text\">El operativo se realiz\u00f3 en la Poblaci\u00f3n San Felipe, siendo retiradas 90 toneladas de desechos.<\/figcaption><\/figure>\n<ul>\n<li><strong>Alcalde Patricio Freire resalt\u00f3 que esta iniciativa, que se realiz\u00f3 esta vez en la Poblaci\u00f3n San Felipe, permite evitar la formaci\u00f3n de microbasurales y acumulaci\u00f3n de desechos de gran tama\u00f1o en los domicilios.<\/strong><\/li>\n<\/ul>\n<p>Una favorable respuesta de la comunidad ha encontrado la iniciativa impulsada por el alcalde Patricio Freire, orientada a la realizaci\u00f3n de operativos de limpieza en los distintos sectores poblacionales de la comuna, consistente en la instalaci\u00f3n de cubos para el dep\u00f3sito de basura de gran tama\u00f1o.<br \/>\nLa idea a trav\u00e9s de este programa, es que los vecinos puedan aprovechar esta instancia para deshacerse de basura, material en desuso y escombros, por ejemplo, comprendiendo que normalmente estos se mantienen en los domicilios en espera de ser eliminados y finalmente ocupan espacio por mucho tiempo, sin prestar utilidad.<br \/>\n\u201cMuchas veces, estos elementos terminan ocupando espacio y tambi\u00e9n estorbando en la casa, dando lugar a veces, a que algunas personas decidan dejarlas abandonadas en espacios p\u00fablicos, lo que ocasiona la formaci\u00f3n de microbasurales. Son elementos que no retira el cami\u00f3n recolector, por lo tanto, este programa es muy bien acogido por los vecinos\u201d, se\u00f1al\u00f3 el alcalde Freire.<br \/>\nEn esta ocasi\u00f3n, fueron 90 toneladas de desechos las que se retiraron desde la Poblaci\u00f3n San Felipe, lugar que este fin de semana reci\u00e9n pasado fue objeto de la intervenci\u00f3n municipal a trav\u00e9s de este operativo de limpieza.<br \/>\nEl fin de semana anterior, se efectu\u00f3 un operativo similar en el sector de Parras\u00eda, arrojando positivos resultados en la medida que tambi\u00e9n los vecinos y vecinas aprovecharon la instancia para deshacerse de aquellos elementos que les resultan inservibles. As\u00ed, entre estos dos sectores, se han retirado 140 toneladas de desechos.<br \/>\nSeg\u00fan precis\u00f3 la autoridad, se trata de operativos que coordina el municipio con las juntas de vecinos y en ese sentido, coment\u00f3 que este fin de semana se tiene contemplado una nueva acci\u00f3n de este tipo, con la instalaci\u00f3n de cubos para recolectar en las calles Pedro de Valdivia, Hermanos Carrera y avenida Santa Teresa.<\/p>\n","protected":false},"excerpt":{"rendered":"<p>Alcalde Patricio Freire resalt\u00f3 que esta iniciativa, que se realiz\u00f3 esta vez en la Poblaci\u00f3n San Felipe, permite evitar la formaci\u00f3n de microbasurales y acumulaci\u00f3n de desechos de gran tama\u00f1o en los&#8230;<\/p>\n","protected":false},"author":482,"featured_media":63705,"comment_status":"open","ping_status":"open","sticky":false,"template":"","format":"standard","meta":{"advanced_seo_description":"","jetpack_seo_html_title":"","jetpack_seo_noindex":false,"_jetpack_memberships_contains_paid_content":false,"footnotes":""},"categories":[15],"tags":[],"class_list":["post-63704","post","type-post","status-publish","format-standard","has-post-thumbnail","hentry","category-comunidad"],"jetpack_featured_media_url":"https:\/\/i0.wp.com\/eltrabajo.cl\/portal\/wp-content\/uploads\/2015\/11\/operativo2.jpg?fit=530%2C350&ssl=1","jetpack_sharing_enabled":true,"jetpack_likes_enabled":true,"jetpack-related-posts":[],"_links":{"self":[{"href":"https:\/\/eltrabajo.cl\/portal\/wp-json\/wp\/v2\/posts\/63704","targetHints":{"allow":["GET"]}}],"collection":[{"href":"https:\/\/eltrabajo.cl\/portal\/wp-json\/wp\/v2\/posts"}],"about":[{"href":"https:\/\/eltrabajo.cl\/portal\/wp-json\/wp\/v2\/types\/post"}],"author":[{"embeddable":true,"href":"https:\/\/eltrabajo.cl\/portal\/wp-json\/wp\/v2\/users\/482"}],"replies":[{"embeddable":true,"href":"https:\/\/eltrabajo.cl\/portal\/wp-json\/wp\/v2\/comments?post=63704"}],"version-history":[{"count":0,"href":"https:\/\/eltrabajo.cl\/portal\/wp-json\/wp\/v2\/posts\/63704\/revisions"}],"wp:featuredmedia":[{"embeddable":true,"href":"https:\/\/eltrabajo.cl\/portal\/wp-json\/wp\/v2\/media\/63705"}],"wp:attachment":[{"href":"https:\/\/eltrabajo.cl\/portal\/wp-json\/wp\/v2\/media?parent=63704"}],"wp:term":[{"taxonomy":"category","embeddable":true,"href":"https:\/\/eltrabajo.cl\/portal\/wp-json\/wp\/v2\/categories?post=63704"},{"taxonomy":"post_tag","embeddable":true,"href":"https:\/\/eltrabajo.cl\/portal\/wp-json\/wp\/v2\/tags?post=63704"}],"curies":[{"name":"wp","href":"https:\/\/api.w.org\/{rel}","templated":true}]}}