{"id":63707,"date":"2015-11-10T09:37:31","date_gmt":"2015-11-10T12:37:31","guid":{"rendered":"http:\/\/www.eltrabajo.cl\/portal\/?p=63707"},"modified":"2015-11-10T09:37:31","modified_gmt":"2015-11-10T12:37:31","slug":"gobernacion-de-san-felipe-lanza-video-promocional-de-beneficios-y-programas-sociales","status":"publish","type":"post","link":"https:\/\/eltrabajo.cl\/portal\/gobernacion-de-san-felipe-lanza-video-promocional-de-beneficios-y-programas-sociales\/","title":{"rendered":"Gobernaci\u00f3n de San Felipe lanza video promocional de beneficios y programas sociales"},"content":{"rendered":"<figure id=\"attachment_63708\" aria-describedby=\"caption-attachment-63708\" style=\"width: 300px\" class=\"wp-caption alignleft\"><a href=\"https:\/\/i0.wp.com\/www.eltrabajo.cl\/portal\/wp-content\/uploads\/2015\/11\/FOTO-1-GOBERNACI%C3%93N-DE-SAN-FELIPE-.jpg\"><img data-recalc-dims=\"1\" loading=\"lazy\" decoding=\"async\" class=\"wp-image-63708 size-medium\" src=\"https:\/\/i0.wp.com\/www.eltrabajo.cl\/portal\/wp-content\/uploads\/2015\/11\/FOTO-1-GOBERNACI%C3%93N-DE-SAN-FELIPE--300x198.jpg?resize=300%2C198\" alt=\"Gobernaci\u00f3n de San Felipe lanza nuevo video promocionando programas y beneficios sociales, la cita cont\u00f3 con la presencia de otras entidades gubernamentales, municipales y representantes vecinales.\" width=\"300\" height=\"198\" srcset=\"https:\/\/i0.wp.com\/eltrabajo.cl\/portal\/wp-content\/uploads\/2015\/11\/FOTO-1-GOBERNACI%C3%93N-DE-SAN-FELIPE-.jpg?resize=300%2C198&amp;ssl=1 300w, https:\/\/i0.wp.com\/eltrabajo.cl\/portal\/wp-content\/uploads\/2015\/11\/FOTO-1-GOBERNACI%C3%93N-DE-SAN-FELIPE-.jpg?resize=200%2C132&amp;ssl=1 200w, https:\/\/i0.wp.com\/eltrabajo.cl\/portal\/wp-content\/uploads\/2015\/11\/FOTO-1-GOBERNACI%C3%93N-DE-SAN-FELIPE-.jpg?resize=227%2C150&amp;ssl=1 227w, https:\/\/i0.wp.com\/eltrabajo.cl\/portal\/wp-content\/uploads\/2015\/11\/FOTO-1-GOBERNACI%C3%93N-DE-SAN-FELIPE-.jpg?resize=400%2C264&amp;ssl=1 400w, https:\/\/i0.wp.com\/eltrabajo.cl\/portal\/wp-content\/uploads\/2015\/11\/FOTO-1-GOBERNACI%C3%93N-DE-SAN-FELIPE-.jpg?w=530&amp;ssl=1 530w\" sizes=\"auto, (max-width: 300px) 100vw, 300px\" \/><\/a><figcaption id=\"caption-attachment-63708\" class=\"wp-caption-text\">Gobernaci\u00f3n de San Felipe lanza nuevo video promocionando programas y beneficios sociales, la cita cont\u00f3 con la presencia de otras entidades gubernamentales, municipales y representantes vecinales.<\/figcaption><\/figure>\n<ul>\n<li><strong>La iniciativa comunicacional tiene como objetivo masificar las diversas instancias que la poblaci\u00f3n m\u00e1s vulnerable de la provincia tiene para acceder a distintas prestaciones que hoy se encuentran sin ser utilizadas en toda su dimensi\u00f3n.<\/strong><\/li>\n<\/ul>\n<p>La Gobernaci\u00f3n Provincial de San Felipe, junto al Instituto de Previsi\u00f3n Social, IPS y el Departamento de Desarrollo\u00a0<span style=\"line-height: 1.5;\">Social Municipal realizaron el lanzamiento de un nuevo video promocional de los distintos programas y beneficios del Sistema de Protecci\u00f3n Social del Gobierno de la Presidenta Michelle Bachelet.<\/span><\/p>\n<p>El lanzamiento se realiz\u00f3 en dependencias del IPS San Felipe, contando tambi\u00e9n con la presencia de representantes de la Uni\u00f3n Comunal de Juntas de Vecinos, presidida por Francisco Valenzuela, oportunidad en la que el Gobernador Provincial de San Felipe, Eduardo Le\u00f3n argument\u00f3 la importancia de crear esta herramienta audiovisual.<br \/>\n\u201cPara nosotros como Gobierno es importante que la gente conozca y use el Sistema de Protecci\u00f3n Social en su amplio espectro de pol\u00edticas p\u00fablicas destinados a distintas situaciones y personas\u201d, expres\u00f3.<\/p>\n<p>Asimismo la m\u00e1xima autoridad provincial enfatiz\u00f3 que \u201clanzamos esta campa\u00f1a esperando que la gente se interese y se acerque, ya sea, a la Gobernaci\u00f3n, al IPS o a las oficinas municipales de la Dideco\u201d, puntualizando que \u201chay varias prestaciones que no se est\u00e1n ocupando y es importante que la gente que m\u00e1s lo necesita sepa los beneficios que est\u00e1n disponibles para ellos\u201d.<\/p>\n<p>En este sentido, la Jefa de sucursal San Felipe-Los Andes del IPS Isabel Salas, se encarg\u00f3 de felicitar al equipo de la Gobernaci\u00f3n de San Felipe destacando que \u201ces una muy buena iniciativa, sobretodo para nosotros los servicios p\u00fablicos que no solo estamos trabajando todos los d\u00edas sino que adem\u00e1s viendo la posibilidad de poder difundir\u201d.<\/p>\n<p>Respecto del valor que tiene para los vecinos este nuevo canal informativo que se les presenta, el Presidente de la Unco San Felipe, Francisco Valenzuela se\u00f1al\u00f3 que \u201ces batante gratificante ver que se est\u00e9n utilizando todas las plataformas virtuales para dar a conocer todos los beneficios que tenemos como ciudadanos, es un medio bastante masivo y pr\u00e1ctico que va a permitir que todas las familias se enteren de los reales alcances que tienen todos estos beneficios\u201d.<\/p>\n<p>Asimismo, el Seremi de Desarrollo Social Abel Gallardo, se sum\u00f3 al \u00e9nfasis que deben tener los beneficios sociales entregados por el gobierno, describiendo que \u201cel Sistema de Protecci\u00f3n Social de la Presidenta Bachelet es muy amplio y profundo, son much\u00edsimos los beneficios sociales que se entregan a la poblaci\u00f3n vulnerable y adem\u00e1s es multisectorial, no est\u00e1 concentrado en un solo Ministerio, sino que son muchas las instituciones responsables a la hora de materializar esta entrega de beneficios\u201d.<\/p>\n<p>Respecto de la relevancia de esta iniciativa Gallardo afirm\u00f3 que \u201ces tremendamente importante que se haya generado este video comunicativo, porque muchas veces sucede que existiendo una amplia red de Protecci\u00f3n Social, no siempre la poblaci\u00f3n est\u00e1 al tanto de las fechas de los procedimientos ni de la formas de hacer efectivos esos beneficios\u201d, por lo que \u201cesta preocupaci\u00f3n por comunicar de manera din\u00e1mica y atractiva a la poblaci\u00f3n de San Felipe es extraordinario, es una iniciativa que no he visto en otras provincias de la Regi\u00f3n e incluso me voy a permitir solicitar una copia para poder replicarlo a nivel Regional\u201d.<\/p>\n<p>Uno de los \u00edtemes destacados en este video promocional es el Bono al Logro Escolar, beneficio destinado a los ni\u00f1os y ni\u00f1as que tienen mejor rendimiento escolar en sus respectivos cursos y que pertenecen al 30% de las familias m\u00e1s vulnerables.<\/p>\n","protected":false},"excerpt":{"rendered":"<p>La iniciativa comunicacional tiene como objetivo masificar las diversas instancias que la poblaci\u00f3n m\u00e1s vulnerable de la provincia tiene para acceder a distintas prestaciones que hoy se encuentran sin ser utilizadas en&#8230;<\/p>\n","protected":false},"author":482,"featured_media":63708,"comment_status":"open","ping_status":"open","sticky":false,"template":"","format":"standard","meta":{"advanced_seo_description":"","jetpack_seo_html_title":"","jetpack_seo_noindex":false,"_jetpack_memberships_contains_paid_content":false,"footnotes":""},"categories":[15],"tags":[],"class_list":["post-63707","post","type-post","status-publish","format-standard","has-post-thumbnail","hentry","category-comunidad"],"jetpack_featured_media_url":"https:\/\/i0.wp.com\/eltrabajo.cl\/portal\/wp-content\/uploads\/2015\/11\/FOTO-1-GOBERNACI%C3%93N-DE-SAN-FELIPE-.jpg?fit=530%2C350&ssl=1","jetpack_sharing_enabled":true,"jetpack_likes_enabled":true,"jetpack-related-posts":[],"_links":{"self":[{"href":"https:\/\/eltrabajo.cl\/portal\/wp-json\/wp\/v2\/posts\/63707","targetHints":{"allow":["GET"]}}],"collection":[{"href":"https:\/\/eltrabajo.cl\/portal\/wp-json\/wp\/v2\/posts"}],"about":[{"href":"https:\/\/eltrabajo.cl\/portal\/wp-json\/wp\/v2\/types\/post"}],"author":[{"embeddable":true,"href":"https:\/\/eltrabajo.cl\/portal\/wp-json\/wp\/v2\/users\/482"}],"replies":[{"embeddable":true,"href":"https:\/\/eltrabajo.cl\/portal\/wp-json\/wp\/v2\/comments?post=63707"}],"version-history":[{"count":0,"href":"https:\/\/eltrabajo.cl\/portal\/wp-json\/wp\/v2\/posts\/63707\/revisions"}],"wp:featuredmedia":[{"embeddable":true,"href":"https:\/\/eltrabajo.cl\/portal\/wp-json\/wp\/v2\/media\/63708"}],"wp:attachment":[{"href":"https:\/\/eltrabajo.cl\/portal\/wp-json\/wp\/v2\/media?parent=63707"}],"wp:term":[{"taxonomy":"category","embeddable":true,"href":"https:\/\/eltrabajo.cl\/portal\/wp-json\/wp\/v2\/categories?post=63707"},{"taxonomy":"post_tag","embeddable":true,"href":"https:\/\/eltrabajo.cl\/portal\/wp-json\/wp\/v2\/tags?post=63707"}],"curies":[{"name":"wp","href":"https:\/\/api.w.org\/{rel}","templated":true}]}}