{"id":63710,"date":"2015-11-10T09:38:45","date_gmt":"2015-11-10T12:38:45","guid":{"rendered":"http:\/\/www.eltrabajo.cl\/portal\/?p=63710"},"modified":"2015-11-10T09:38:45","modified_gmt":"2015-11-10T12:38:45","slug":"registro-civil-de-san-felipe-retoma-funcionamiento-tras-39-dias-en-paro","status":"publish","type":"post","link":"https:\/\/eltrabajo.cl\/portal\/registro-civil-de-san-felipe-retoma-funcionamiento-tras-39-dias-en-paro\/","title":{"rendered":"Registro Civil de San Felipe retoma funcionamiento tras 39 d\u00edas en paro"},"content":{"rendered":"<figure id=\"attachment_63711\" aria-describedby=\"caption-attachment-63711\" style=\"width: 300px\" class=\"wp-caption alignleft\"><a href=\"https:\/\/i0.wp.com\/www.eltrabajo.cl\/portal\/wp-content\/uploads\/2015\/11\/registro-civil-usuarios.jpg\"><img data-recalc-dims=\"1\" loading=\"lazy\" decoding=\"async\" class=\"wp-image-63711 size-medium\" src=\"https:\/\/i0.wp.com\/www.eltrabajo.cl\/portal\/wp-content\/uploads\/2015\/11\/registro-civil-usuarios-300x198.jpg?resize=300%2C198\" alt=\"Usuarios esperando atenci\u00f3n durante la primera jornada de retorno a las labores del Registro Civil de San Felipe.\" width=\"300\" height=\"198\" srcset=\"https:\/\/i0.wp.com\/eltrabajo.cl\/portal\/wp-content\/uploads\/2015\/11\/registro-civil-usuarios.jpg?resize=300%2C198&amp;ssl=1 300w, https:\/\/i0.wp.com\/eltrabajo.cl\/portal\/wp-content\/uploads\/2015\/11\/registro-civil-usuarios.jpg?resize=200%2C132&amp;ssl=1 200w, https:\/\/i0.wp.com\/eltrabajo.cl\/portal\/wp-content\/uploads\/2015\/11\/registro-civil-usuarios.jpg?resize=227%2C150&amp;ssl=1 227w, https:\/\/i0.wp.com\/eltrabajo.cl\/portal\/wp-content\/uploads\/2015\/11\/registro-civil-usuarios.jpg?resize=400%2C264&amp;ssl=1 400w, https:\/\/i0.wp.com\/eltrabajo.cl\/portal\/wp-content\/uploads\/2015\/11\/registro-civil-usuarios.jpg?w=530&amp;ssl=1 530w\" sizes=\"auto, (max-width: 300px) 100vw, 300px\" \/><\/a><figcaption id=\"caption-attachment-63711\" class=\"wp-caption-text\">Usuarios esperando atenci\u00f3n durante la primera jornada de retorno a las labores del Registro Civil de San Felipe.<\/figcaption><\/figure>\n<ul>\n<li><strong>Gobernador Provincial Eduardo Le\u00f3n valor\u00f3 el plan de contingencia dispuesto durante la paralizaci\u00f3n, el que permiti\u00f3 mitigar la alta demanda de tr\u00e1mites y documentos.<\/strong><\/li>\n<\/ul>\n<p>Inscripci\u00f3n de veh\u00edculos, tr\u00e1mites de Posesi\u00f3n efectiva y renovaci\u00f3n de c\u00e9dulas de identidad, fueron algunos de los tr\u00e1mites con mayor demanda en el Registro Civil de San Felipe, que tras 39 d\u00edas de paralizaci\u00f3n, en la jornada de ayer lunes, volvi\u00f3 a su funcionamiento.<br \/>\nPese a que se esperaba una presencia abrumadora de p\u00fablico realizando diversos tr\u00e1mites en la oficina de calle Santo Domingo, el flujo de atenci\u00f3n fue bastante expedito y, si bien, los tiempos de espera variaron de acuerdo al documento que se solicitaba, en t\u00e9rminos generales un gran porcentaje de usuarios logr\u00f3 recibir la atenci\u00f3n que se les hab\u00eda negado tras la movilizaci\u00f3n determinada por el gremio de funcionarios a nivel nacional desde el 29 de septiembre pasado.<br \/>\nPara Osvaldo Molina, sanfelipe\u00f1o que acudi\u00f3 en busca de atenci\u00f3n en la jornada de reapertura, \u201chay algunos detalles que tienen que corregir, pero debe ser por el flujo de gente, hay que agradecer que regresaran a funcionar normalmente, estuvieron casi 2 meses peleando algo de ellos y est\u00e1 bien aunque los da\u00f1os colaterales son terribles\u201d, agregando que \u201cla atenci\u00f3n ac\u00e1 en San Felipe al menos ha sido buena y r\u00e1pida\u201d.<br \/>\nSin embargo, no todos tuvieron una impresi\u00f3n positiva del retorno al trabajo del Registro Civil, para la se\u00f1ora Mar\u00eda Isabel, quien acudi\u00f3 a inscribir un veh\u00edculo, \u201cla atenci\u00f3n ha sido lenta y a medida que pasa la ma\u00f1ana es peor, tuvimos suerte de que nos sacaran antes el n\u00famero, pero llevamos mucho rato esperando se pegan como 40 minutos en cada n\u00famero y avanza muy poco, parece que el bono que quer\u00edan por buena atenci\u00f3n no se lo merecen\u201d, critic\u00f3.<br \/>\nEn el caso de las personas que debieron hacer fila para la obtenci\u00f3n de alg\u00fan documento, la realidad fue un poco m\u00e1s alentadora: \u201cAvanza bastante r\u00e1pido a esta hora, no s\u00e9 como ir\u00e1 a ser despu\u00e9s, pero no me ha tocado esperar tanto\u201d, se\u00f1al\u00f3 Carmen S\u00e1ez, quien necesitaba solicitar un certificado de antecedentes.<br \/>\nEn relaci\u00f3n a la autoridad y al representante de los funcionarios sanfelipe\u00f1os, el oficial del Registro Civil San Felipe, declin\u00f3 hacer declaraciones aludiendo que \u201ctenemos prohibido hablar con los medios\u201d.<br \/>\nBajo esta circunstancia fue el Gobernador de la Provincia de San Felipe, Eduardo Le\u00f3n, quien se refiri\u00f3 al retorno a la normalidad del Registro Civil, se\u00f1alando que \u201cefectivamente hoy las oficinas ya est\u00e1n atendiendo, pero debemos recordar que tuvimos turnos \u00e9ticos y pusimos a disposici\u00f3n una oficina provisoria que otorgaba visas y c\u00e9dulas de identidad a los vecinos, incluso tuvimos personas de Santiago a las que atendimos, as\u00ed que creemos que con eso pudimos entregar un servicio importante a la comunidad\u201d.<br \/>\nSi bien la jornada estuvo lejos de ser ca\u00f3tica o dram\u00e1tica, seg\u00fan Le\u00f3n, \u201ccon los d\u00edas ir\u00e1 retornando a la normalidad\u201d. Adem\u00e1s, la m\u00e1xima autoridad provincial destac\u00f3 que existen alternativas para diversos tr\u00e1mites, como es el caso de la clave \u00fanica que \u201cpermite obtener muchos certificados desde sus hogares de manera gratuita a trav\u00e9s de los sistemas web\u201d, puntualiz\u00f3. Por \u00faltimo la autoridad aclar\u00f3 que \u201cjunto al Director Regional estamos evaluando d\u00eda a d\u00eda lo que est\u00e1 ocurriendo y si se requiere alg\u00fan otro tipo de servicio lo vamos a implementar\u201d, enfatiz\u00f3.<\/p>\n","protected":false},"excerpt":{"rendered":"<p>Gobernador Provincial Eduardo Le\u00f3n valor\u00f3 el plan de contingencia dispuesto durante la paralizaci\u00f3n, el que permiti\u00f3 mitigar la alta demanda de tr\u00e1mites y documentos. Inscripci\u00f3n de veh\u00edculos, tr\u00e1mites de Posesi\u00f3n efectiva y&#8230;<\/p>\n","protected":false},"author":482,"featured_media":63711,"comment_status":"open","ping_status":"open","sticky":false,"template":"","format":"standard","meta":{"advanced_seo_description":"","jetpack_seo_html_title":"","jetpack_seo_noindex":false,"_jetpack_memberships_contains_paid_content":false,"footnotes":""},"categories":[15],"tags":[],"class_list":["post-63710","post","type-post","status-publish","format-standard","has-post-thumbnail","hentry","category-comunidad"],"jetpack_featured_media_url":"https:\/\/i0.wp.com\/eltrabajo.cl\/portal\/wp-content\/uploads\/2015\/11\/registro-civil-usuarios.jpg?fit=530%2C350&ssl=1","jetpack_sharing_enabled":true,"jetpack_likes_enabled":true,"jetpack-related-posts":[],"_links":{"self":[{"href":"https:\/\/eltrabajo.cl\/portal\/wp-json\/wp\/v2\/posts\/63710","targetHints":{"allow":["GET"]}}],"collection":[{"href":"https:\/\/eltrabajo.cl\/portal\/wp-json\/wp\/v2\/posts"}],"about":[{"href":"https:\/\/eltrabajo.cl\/portal\/wp-json\/wp\/v2\/types\/post"}],"author":[{"embeddable":true,"href":"https:\/\/eltrabajo.cl\/portal\/wp-json\/wp\/v2\/users\/482"}],"replies":[{"embeddable":true,"href":"https:\/\/eltrabajo.cl\/portal\/wp-json\/wp\/v2\/comments?post=63710"}],"version-history":[{"count":0,"href":"https:\/\/eltrabajo.cl\/portal\/wp-json\/wp\/v2\/posts\/63710\/revisions"}],"wp:featuredmedia":[{"embeddable":true,"href":"https:\/\/eltrabajo.cl\/portal\/wp-json\/wp\/v2\/media\/63711"}],"wp:attachment":[{"href":"https:\/\/eltrabajo.cl\/portal\/wp-json\/wp\/v2\/media?parent=63710"}],"wp:term":[{"taxonomy":"category","embeddable":true,"href":"https:\/\/eltrabajo.cl\/portal\/wp-json\/wp\/v2\/categories?post=63710"},{"taxonomy":"post_tag","embeddable":true,"href":"https:\/\/eltrabajo.cl\/portal\/wp-json\/wp\/v2\/tags?post=63710"}],"curies":[{"name":"wp","href":"https:\/\/api.w.org\/{rel}","templated":true}]}}