{"id":63713,"date":"2015-11-10T09:40:58","date_gmt":"2015-11-10T12:40:58","guid":{"rendered":"http:\/\/www.eltrabajo.cl\/portal\/?p=63713"},"modified":"2015-11-10T09:40:58","modified_gmt":"2015-11-10T12:40:58","slug":"a-un-20-llega-avance-de-obras-en-viviendas-de-comite-futura-casa","status":"publish","type":"post","link":"https:\/\/eltrabajo.cl\/portal\/a-un-20-llega-avance-de-obras-en-viviendas-de-comite-futura-casa\/","title":{"rendered":"A un 20% llega avance de obras en viviendas de comit\u00e9 Futura Casa"},"content":{"rendered":"<figure id=\"attachment_63714\" aria-describedby=\"caption-attachment-63714\" style=\"width: 300px\" class=\"wp-caption alignleft\"><a href=\"https:\/\/i0.wp.com\/www.eltrabajo.cl\/portal\/wp-content\/uploads\/2015\/11\/comite-futura-casa.jpg\"><img data-recalc-dims=\"1\" loading=\"lazy\" decoding=\"async\" class=\"wp-image-63714 size-medium\" src=\"https:\/\/i0.wp.com\/www.eltrabajo.cl\/portal\/wp-content\/uploads\/2015\/11\/comite-futura-casa-300x198.jpg?resize=300%2C198\" alt=\"Muy felices se mostraron los vecinos del comit\u00e9 Futura Casa, quienes junto a diversas autoridades recorrieron el lugar para comprobar los avances en la construcci\u00f3n de las viviendas.\" width=\"300\" height=\"198\" srcset=\"https:\/\/i0.wp.com\/eltrabajo.cl\/portal\/wp-content\/uploads\/2015\/11\/comite-futura-casa.jpg?resize=300%2C198&amp;ssl=1 300w, https:\/\/i0.wp.com\/eltrabajo.cl\/portal\/wp-content\/uploads\/2015\/11\/comite-futura-casa.jpg?resize=200%2C132&amp;ssl=1 200w, https:\/\/i0.wp.com\/eltrabajo.cl\/portal\/wp-content\/uploads\/2015\/11\/comite-futura-casa.jpg?resize=228%2C150&amp;ssl=1 228w, https:\/\/i0.wp.com\/eltrabajo.cl\/portal\/wp-content\/uploads\/2015\/11\/comite-futura-casa.jpg?resize=400%2C263&amp;ssl=1 400w, https:\/\/i0.wp.com\/eltrabajo.cl\/portal\/wp-content\/uploads\/2015\/11\/comite-futura-casa.jpg?w=530&amp;ssl=1 530w\" sizes=\"auto, (max-width: 300px) 100vw, 300px\" \/><\/a><figcaption id=\"caption-attachment-63714\" class=\"wp-caption-text\">Muy felices se mostraron los vecinos del comit\u00e9 Futura Casa, quienes junto a diversas autoridades recorrieron el lugar para comprobar los avances en la construcci\u00f3n de las viviendas.<\/figcaption><\/figure>\n<ul>\n<li><strong>Alcalde Patricio Freire junto al director regional del Serviu, Nelson Basaes, al gobernador Eduardo Le\u00f3n y a los vecinos del comit\u00e9 recorrieron el lugar para comprobar los avances en la construcci\u00f3n de las viviendas.<\/strong><\/li>\n<\/ul>\n<p>Alrededor de un 20% de avance muestran los trabajos de construcci\u00f3n del condominio Peumayen, que corresponden al comit\u00e9 Futura Casa que se levanta en el sector de Enc\u00f3n, un proyecto que permitir\u00e1 entregar una soluci\u00f3n habitacional a 92 familias de la comuna de San Felipe.<br \/>\nPara conocer el avance de las obras se trasladaron hasta el sector el alcalde Patricio Freire acompa\u00f1ado del director regional del Serviu, Nelson Basaes y del gobernador Eduardo Le\u00f3n, quienes recorrieron el lugar, comprobando que los trabajos avanzan de acuerdo a la planificaci\u00f3n establecida.<br \/>\nLos vecinos que participaron en el recorrido no ocultaron su felicidad al comprobar que en el mediano plazo podr\u00e1n tener su casa propia, luego de un proceso bastante largo.<br \/>\n\u201cEstamos contentos de ver el avance. Junto a las autoridades y con unas 10 familias estamos viendo los sue\u00f1os que nos hab\u00edan robado y que ahora volvieron porque est\u00e1n construidas (las casas) y tenemos un 20% de avance. Con los vecinos estamos muy contentos y hemos trabajado firmes con los dirigentes\u201d, se\u00f1al\u00f3 Miguel Torres, presidente del comit\u00e9 Futura Casa.<br \/>\nTambi\u00e9n las autoridades se mostraron satisfechas del avance del proyecto, que se ha desarrollado en conjunto con los profesionales del Serviu, del municipio y la constructora a cargo de las obras.<br \/>\n\u201cHoy d\u00eda es una realidad la construcci\u00f3n de las viviendas y se est\u00e1 cumpliendo la carta Gantt de la construcci\u00f3n. Estamos muy contentos por los vecinos porque sus sue\u00f1os se est\u00e1n realizando\u201d, dijo el alcalde Patricio Freire, mientras que el director regional del Serviu, Nelson Bazaes se\u00f1al\u00f3 que \u201cestamos muy contentos, porque estamos cerca del 20% de avance de este proyecto, que ha ido caminando de acuerdo a lo planificado, por lo que abrigamos la esperanza de que cumplamos los compromisos con las familias, porque para estas 92 familias estamos trabajando decididamente\u201d.<\/p>\n","protected":false},"excerpt":{"rendered":"<p>Alcalde Patricio Freire junto al director regional del Serviu, Nelson Basaes, al gobernador Eduardo Le\u00f3n y a los vecinos del comit\u00e9 recorrieron el lugar para comprobar los avances en la construcci\u00f3n de&#8230;<\/p>\n","protected":false},"author":482,"featured_media":63714,"comment_status":"open","ping_status":"open","sticky":false,"template":"","format":"standard","meta":{"advanced_seo_description":"","jetpack_seo_html_title":"","jetpack_seo_noindex":false,"_jetpack_memberships_contains_paid_content":false,"footnotes":""},"categories":[1],"tags":[],"class_list":["post-63713","post","type-post","status-publish","format-standard","has-post-thumbnail","hentry","category-cronica"],"jetpack_featured_media_url":"https:\/\/i0.wp.com\/eltrabajo.cl\/portal\/wp-content\/uploads\/2015\/11\/comite-futura-casa.jpg?fit=530%2C349&ssl=1","jetpack_sharing_enabled":true,"jetpack_likes_enabled":true,"jetpack-related-posts":[],"_links":{"self":[{"href":"https:\/\/eltrabajo.cl\/portal\/wp-json\/wp\/v2\/posts\/63713","targetHints":{"allow":["GET"]}}],"collection":[{"href":"https:\/\/eltrabajo.cl\/portal\/wp-json\/wp\/v2\/posts"}],"about":[{"href":"https:\/\/eltrabajo.cl\/portal\/wp-json\/wp\/v2\/types\/post"}],"author":[{"embeddable":true,"href":"https:\/\/eltrabajo.cl\/portal\/wp-json\/wp\/v2\/users\/482"}],"replies":[{"embeddable":true,"href":"https:\/\/eltrabajo.cl\/portal\/wp-json\/wp\/v2\/comments?post=63713"}],"version-history":[{"count":0,"href":"https:\/\/eltrabajo.cl\/portal\/wp-json\/wp\/v2\/posts\/63713\/revisions"}],"wp:featuredmedia":[{"embeddable":true,"href":"https:\/\/eltrabajo.cl\/portal\/wp-json\/wp\/v2\/media\/63714"}],"wp:attachment":[{"href":"https:\/\/eltrabajo.cl\/portal\/wp-json\/wp\/v2\/media?parent=63713"}],"wp:term":[{"taxonomy":"category","embeddable":true,"href":"https:\/\/eltrabajo.cl\/portal\/wp-json\/wp\/v2\/categories?post=63713"},{"taxonomy":"post_tag","embeddable":true,"href":"https:\/\/eltrabajo.cl\/portal\/wp-json\/wp\/v2\/tags?post=63713"}],"curies":[{"name":"wp","href":"https:\/\/api.w.org\/{rel}","templated":true}]}}