{"id":63716,"date":"2015-11-10T09:44:29","date_gmt":"2015-11-10T12:44:29","guid":{"rendered":"http:\/\/www.eltrabajo.cl\/portal\/?p=63716"},"modified":"2015-11-10T09:44:29","modified_gmt":"2015-11-10T12:44:29","slug":"estudiante-sanfelipena-campeona-sudamericana-de-tangsoo-do","status":"publish","type":"post","link":"https:\/\/eltrabajo.cl\/portal\/estudiante-sanfelipena-campeona-sudamericana-de-tangsoo-do\/","title":{"rendered":"Estudiante Sanfelipe\u00f1a Campeona Sudamericana de TangSoo Do"},"content":{"rendered":"<figure id=\"attachment_63717\" aria-describedby=\"caption-attachment-63717\" style=\"width: 300px\" class=\"wp-caption alignleft\"><a href=\"https:\/\/i0.wp.com\/www.eltrabajo.cl\/portal\/wp-content\/uploads\/2015\/11\/javiera-gonzalez2.jpg\"><img data-recalc-dims=\"1\" loading=\"lazy\" decoding=\"async\" class=\"wp-image-63717 size-medium\" src=\"https:\/\/i0.wp.com\/www.eltrabajo.cl\/portal\/wp-content\/uploads\/2015\/11\/javiera-gonzalez2-300x199.jpg?resize=300%2C199\" alt=\"Javiera Gonz\u00e1lez, es alumna del Liceo Cordillera.\" width=\"300\" height=\"199\" srcset=\"https:\/\/i0.wp.com\/eltrabajo.cl\/portal\/wp-content\/uploads\/2015\/11\/javiera-gonzalez2.jpg?resize=300%2C199&amp;ssl=1 300w, https:\/\/i0.wp.com\/eltrabajo.cl\/portal\/wp-content\/uploads\/2015\/11\/javiera-gonzalez2.jpg?resize=200%2C133&amp;ssl=1 200w, https:\/\/i0.wp.com\/eltrabajo.cl\/portal\/wp-content\/uploads\/2015\/11\/javiera-gonzalez2.jpg?resize=226%2C150&amp;ssl=1 226w, https:\/\/i0.wp.com\/eltrabajo.cl\/portal\/wp-content\/uploads\/2015\/11\/javiera-gonzalez2.jpg?resize=400%2C265&amp;ssl=1 400w, https:\/\/i0.wp.com\/eltrabajo.cl\/portal\/wp-content\/uploads\/2015\/11\/javiera-gonzalez2.jpg?w=528&amp;ssl=1 528w\" sizes=\"auto, (max-width: 300px) 100vw, 300px\" \/><\/a><figcaption id=\"caption-attachment-63717\" class=\"wp-caption-text\">Javiera Gonz\u00e1lez, es alumna del Liceo Cordillera.<\/figcaption><\/figure>\n<ul>\n<li><strong>El torneo sudamericano realizado en la Regi\u00f3n Metropolitana, cont\u00f3 con representantes de Brasil, Uruguay y Honduras.<\/strong><\/li>\n<\/ul>\n<p>Javiera Gonz\u00e1lez Aguirre, estudiante de 3er a\u00f1o de ense\u00f1anza media del Liceo Bicentenario Cordillera, con 17 a\u00f1os obtuvo el pasado fin de semana el primer lugar del Torneo Sudamericano de Artes Marciales realizado en la Comuna de Cerro Navia, Regi\u00f3n Metropolitana.<br \/>\nJaviera, quien practica Artes Marciales desde los 9 a\u00f1os, se erigi\u00f3 como la mejor exponente sudamericana de la disciplina TangSoo do, categor\u00eda juvenil, en combate individual derrotando en la final a la representante de Argentina con un puntaje de 5 a 2.<br \/>\nEsta artista marcial sanfelipe\u00f1a entrena bajo el alero del Club Kido Karate, que es dirigido por el maestro Rodrigo Gormaz S\u00e1nchez, cintur\u00f3n negro 4\u00b0 dan, quien entrena a Gonz\u00e1lez desde hace casi 3 a\u00f1os.<br \/>\nPara Javiera \u201cfue una experiencia muy bonita, haber estado ah\u00ed fue incre\u00edble porque uno ve a personas de otros lugares y tambi\u00e9n uno quiere ganar por Chile, eso fue lo que m\u00e1s me motiv\u00f3 a estar adentro y ganarlo\u201d, destac\u00f3.<br \/>\nAdem\u00e1s, la campeona sudamericana se\u00f1al\u00f3 que \u201cigual se siente extra\u00f1o porque varias personas me han felicitado y eso se siente bien por el apoyo\u201d.<br \/>\nEl torneo en el cual Javiera Gonz\u00e1lez se qued\u00f3 con el lugar m\u00e1s alto del podio sudamericano, fue organizado por el club Karate Do kyuShinRyu Chile, en donde participaron clubes de distintos pa\u00edses del continente y adem\u00e1s cont\u00f3 con grandes exponentes de otras disciplinas marciales como el Kung fu, Kempo, Tae Kwon Do, Light Contact, etc.<\/p>\n<div class=\"tiled-gallery type-rectangular tiled-gallery-unresized\" data-original-width=\"640\" data-carousel-extra='null' itemscope itemtype=\"http:\/\/schema.org\/ImageGallery\" > <div class=\"gallery-row\" style=\"width: 640px; height: 212px;\" data-original-width=\"640\" data-original-height=\"212\" > <div class=\"gallery-group images-1\" style=\"width: 321px; height: 212px;\" data-original-width=\"321\" data-original-height=\"212\" > <div class=\"tiled-gallery-item tiled-gallery-item-large\" itemprop=\"associatedMedia\" itemscope itemtype=\"http:\/\/schema.org\/ImageObject\"> <a href=\"https:\/\/eltrabajo.cl\/portal\/estudiante-sanfelipena-campeona-sudamericana-de-tangsoo-do\/javiera-gonzalez-campeona\/\" border=\"0\" itemprop=\"url\"> <meta itemprop=\"width\" content=\"317\"> <meta itemprop=\"height\" content=\"208\"> <img decoding=\"async\" class=\"\" data-attachment-id=\"63718\" data-orig-file=\"https:\/\/eltrabajo.cl\/portal\/wp-content\/uploads\/2015\/11\/javiera-gonzalez-campeona.jpg\" data-orig-size=\"530,348\" data-comments-opened=\"1\" data-image-meta=\"{&quot;aperture&quot;:&quot;0&quot;,&quot;credit&quot;:&quot;&quot;,&quot;camera&quot;:&quot;&quot;,&quot;caption&quot;:&quot;&quot;,&quot;created_timestamp&quot;:&quot;0&quot;,&quot;copyright&quot;:&quot;&quot;,&quot;focal_length&quot;:&quot;0&quot;,&quot;iso&quot;:&quot;0&quot;,&quot;shutter_speed&quot;:&quot;0&quot;,&quot;title&quot;:&quot;&quot;,&quot;orientation&quot;:&quot;0&quot;}\" data-image-title=\"javiera gonzalez campeona\" data-image-description=\"&lt;p&gt;Javiera Gonz\u00e1lez campeona sudamericana de TangSoo do.&lt;\/p&gt; \" data-medium-file=\"https:\/\/i0.wp.com\/eltrabajo.cl\/portal\/wp-content\/uploads\/2015\/11\/javiera-gonzalez-campeona.jpg?fit=300%2C197&#038;ssl=1\" data-large-file=\"https:\/\/i0.wp.com\/eltrabajo.cl\/portal\/wp-content\/uploads\/2015\/11\/javiera-gonzalez-campeona.jpg?fit=530%2C348&#038;ssl=1\" src=\"https:\/\/i0.wp.com\/eltrabajo.cl\/portal\/wp-content\/uploads\/2015\/11\/javiera-gonzalez-campeona.jpg?w=317&#038;h=208&#038;ssl=1\" srcset=\"https:\/\/i0.wp.com\/eltrabajo.cl\/portal\/wp-content\/uploads\/2015\/11\/javiera-gonzalez-campeona.jpg?w=530&amp;ssl=1 530w, https:\/\/i0.wp.com\/eltrabajo.cl\/portal\/wp-content\/uploads\/2015\/11\/javiera-gonzalez-campeona.jpg?resize=200%2C131&amp;ssl=1 200w, https:\/\/i0.wp.com\/eltrabajo.cl\/portal\/wp-content\/uploads\/2015\/11\/javiera-gonzalez-campeona.jpg?resize=300%2C197&amp;ssl=1 300w, https:\/\/i0.wp.com\/eltrabajo.cl\/portal\/wp-content\/uploads\/2015\/11\/javiera-gonzalez-campeona.jpg?resize=228%2C150&amp;ssl=1 228w, https:\/\/i0.wp.com\/eltrabajo.cl\/portal\/wp-content\/uploads\/2015\/11\/javiera-gonzalez-campeona.jpg?resize=400%2C263&amp;ssl=1 400w\" width=\"317\" height=\"208\" loading=\"lazy\" data-original-width=\"317\" data-original-height=\"208\" itemprop=\"http:\/\/schema.org\/image\" title=\"javiera gonzalez campeona\" alt=\"Javiera Gonz\u00e1lez campeona sudamericana de TangSoo do.\" style=\"width: 317px; height: 208px;\" \/> <\/a> <div class=\"tiled-gallery-caption\" itemprop=\"caption description\"> Javiera Gonz\u00e1lez campeona sudamericana de TangSoo do. <\/div> <\/div> <\/div> <!-- close group --> <div class=\"gallery-group images-1\" style=\"width: 319px; height: 212px;\" data-original-width=\"319\" data-original-height=\"212\" > <div class=\"tiled-gallery-item tiled-gallery-item-large\" itemprop=\"associatedMedia\" itemscope itemtype=\"http:\/\/schema.org\/ImageObject\"> <a href=\"https:\/\/eltrabajo.cl\/portal\/estudiante-sanfelipena-campeona-sudamericana-de-tangsoo-do\/javiera-gonzalez-y-su-club\/\" border=\"0\" itemprop=\"url\"> <meta itemprop=\"width\" content=\"315\"> <meta itemprop=\"height\" content=\"208\"> <img decoding=\"async\" class=\"\" data-attachment-id=\"63719\" data-orig-file=\"https:\/\/eltrabajo.cl\/portal\/wp-content\/uploads\/2015\/11\/javiera-gonzalez-y-su-club.jpg\" data-orig-size=\"530,350\" data-comments-opened=\"1\" data-image-meta=\"{&quot;aperture&quot;:&quot;0&quot;,&quot;credit&quot;:&quot;&quot;,&quot;camera&quot;:&quot;&quot;,&quot;caption&quot;:&quot;&quot;,&quot;created_timestamp&quot;:&quot;0&quot;,&quot;copyright&quot;:&quot;&quot;,&quot;focal_length&quot;:&quot;0&quot;,&quot;iso&quot;:&quot;0&quot;,&quot;shutter_speed&quot;:&quot;0&quot;,&quot;title&quot;:&quot;&quot;,&quot;orientation&quot;:&quot;0&quot;}\" data-image-title=\"javiera gonzalez y su club\" data-image-description=\"&lt;p&gt;La estudiante del Liceo Cordillera junto a su equipo del Club Kido Karate TangSoo do.&lt;\/p&gt; \" data-medium-file=\"https:\/\/i0.wp.com\/eltrabajo.cl\/portal\/wp-content\/uploads\/2015\/11\/javiera-gonzalez-y-su-club.jpg?fit=300%2C198&#038;ssl=1\" data-large-file=\"https:\/\/i0.wp.com\/eltrabajo.cl\/portal\/wp-content\/uploads\/2015\/11\/javiera-gonzalez-y-su-club.jpg?fit=530%2C350&#038;ssl=1\" src=\"https:\/\/i0.wp.com\/eltrabajo.cl\/portal\/wp-content\/uploads\/2015\/11\/javiera-gonzalez-y-su-club.jpg?w=315&#038;h=208&#038;ssl=1\" srcset=\"https:\/\/i0.wp.com\/eltrabajo.cl\/portal\/wp-content\/uploads\/2015\/11\/javiera-gonzalez-y-su-club.jpg?w=530&amp;ssl=1 530w, https:\/\/i0.wp.com\/eltrabajo.cl\/portal\/wp-content\/uploads\/2015\/11\/javiera-gonzalez-y-su-club.jpg?resize=200%2C132&amp;ssl=1 200w, https:\/\/i0.wp.com\/eltrabajo.cl\/portal\/wp-content\/uploads\/2015\/11\/javiera-gonzalez-y-su-club.jpg?resize=300%2C198&amp;ssl=1 300w, https:\/\/i0.wp.com\/eltrabajo.cl\/portal\/wp-content\/uploads\/2015\/11\/javiera-gonzalez-y-su-club.jpg?resize=227%2C150&amp;ssl=1 227w, https:\/\/i0.wp.com\/eltrabajo.cl\/portal\/wp-content\/uploads\/2015\/11\/javiera-gonzalez-y-su-club.jpg?resize=400%2C264&amp;ssl=1 400w\" width=\"315\" height=\"208\" loading=\"lazy\" data-original-width=\"315\" data-original-height=\"208\" itemprop=\"http:\/\/schema.org\/image\" title=\"javiera gonzalez y su club\" alt=\"La estudiante del Liceo Cordillera junto a su equipo del Club Kido Karate TangSoo do.\" style=\"width: 315px; height: 208px;\" \/> <\/a> <div class=\"tiled-gallery-caption\" itemprop=\"caption description\"> La estudiante del Liceo Cordillera junto a su equipo del Club Kido Karate TangSoo do. <\/div> <\/div> <\/div> <!-- close group --> <\/div> <!-- close row --> <\/div>\n","protected":false},"excerpt":{"rendered":"<p>El torneo sudamericano realizado en la Regi\u00f3n Metropolitana, cont\u00f3 con representantes de Brasil, Uruguay y Honduras. Javiera Gonz\u00e1lez Aguirre, estudiante de 3er a\u00f1o de ense\u00f1anza media del Liceo Bicentenario Cordillera, con 17&#8230;<\/p>\n","protected":false},"author":482,"featured_media":63717,"comment_status":"open","ping_status":"open","sticky":false,"template":"","format":"standard","meta":{"advanced_seo_description":"","jetpack_seo_html_title":"","jetpack_seo_noindex":false,"_jetpack_memberships_contains_paid_content":false,"footnotes":""},"categories":[15],"tags":[],"class_list":["post-63716","post","type-post","status-publish","format-standard","has-post-thumbnail","hentry","category-comunidad"],"jetpack_featured_media_url":"https:\/\/i0.wp.com\/eltrabajo.cl\/portal\/wp-content\/uploads\/2015\/11\/javiera-gonzalez2.jpg?fit=528%2C350&ssl=1","jetpack_sharing_enabled":true,"jetpack_likes_enabled":true,"jetpack-related-posts":[],"_links":{"self":[{"href":"https:\/\/eltrabajo.cl\/portal\/wp-json\/wp\/v2\/posts\/63716","targetHints":{"allow":["GET"]}}],"collection":[{"href":"https:\/\/eltrabajo.cl\/portal\/wp-json\/wp\/v2\/posts"}],"about":[{"href":"https:\/\/eltrabajo.cl\/portal\/wp-json\/wp\/v2\/types\/post"}],"author":[{"embeddable":true,"href":"https:\/\/eltrabajo.cl\/portal\/wp-json\/wp\/v2\/users\/482"}],"replies":[{"embeddable":true,"href":"https:\/\/eltrabajo.cl\/portal\/wp-json\/wp\/v2\/comments?post=63716"}],"version-history":[{"count":0,"href":"https:\/\/eltrabajo.cl\/portal\/wp-json\/wp\/v2\/posts\/63716\/revisions"}],"wp:featuredmedia":[{"embeddable":true,"href":"https:\/\/eltrabajo.cl\/portal\/wp-json\/wp\/v2\/media\/63717"}],"wp:attachment":[{"href":"https:\/\/eltrabajo.cl\/portal\/wp-json\/wp\/v2\/media?parent=63716"}],"wp:term":[{"taxonomy":"category","embeddable":true,"href":"https:\/\/eltrabajo.cl\/portal\/wp-json\/wp\/v2\/categories?post=63716"},{"taxonomy":"post_tag","embeddable":true,"href":"https:\/\/eltrabajo.cl\/portal\/wp-json\/wp\/v2\/tags?post=63716"}],"curies":[{"name":"wp","href":"https:\/\/api.w.org\/{rel}","templated":true}]}}