{"id":63721,"date":"2015-11-10T09:48:36","date_gmt":"2015-11-10T12:48:36","guid":{"rendered":"http:\/\/www.eltrabajo.cl\/portal\/?p=63721"},"modified":"2015-11-10T09:48:36","modified_gmt":"2015-11-10T12:48:36","slug":"condenan-a-11-anos-de-carcel-a-tio-que-violo-a-sobrina-de-14","status":"publish","type":"post","link":"https:\/\/eltrabajo.cl\/portal\/condenan-a-11-anos-de-carcel-a-tio-que-violo-a-sobrina-de-14\/","title":{"rendered":"Condenan a 11 a\u00f1os de c\u00e1rcel a t\u00edo que viol\u00f3 a sobrina de 14"},"content":{"rendered":"<figure id=\"attachment_63722\" aria-describedby=\"caption-attachment-63722\" style=\"width: 300px\" class=\"wp-caption alignleft\"><a href=\"https:\/\/i0.wp.com\/www.eltrabajo.cl\/portal\/wp-content\/uploads\/2015\/11\/ni%C3%B1a-abusada.jpg\"><img data-recalc-dims=\"1\" loading=\"lazy\" decoding=\"async\" class=\"wp-image-63722 size-medium\" src=\"https:\/\/i0.wp.com\/www.eltrabajo.cl\/portal\/wp-content\/uploads\/2015\/11\/ni%C3%B1a-abusada-300x198.jpg?resize=300%2C198\" alt=\"La menor de 14 a\u00f1os fue abusada y violada en reiteradas oportunidades por su t\u00edo en la localidad de El \u00d1ilhue en la comuna de Catemu hasta el a\u00f1o 2014. (Foto Referencial) \" width=\"300\" height=\"198\" srcset=\"https:\/\/i0.wp.com\/eltrabajo.cl\/portal\/wp-content\/uploads\/2015\/11\/ni%C3%B1a-abusada.jpg?resize=300%2C198&amp;ssl=1 300w, https:\/\/i0.wp.com\/eltrabajo.cl\/portal\/wp-content\/uploads\/2015\/11\/ni%C3%B1a-abusada.jpg?resize=200%2C132&amp;ssl=1 200w, https:\/\/i0.wp.com\/eltrabajo.cl\/portal\/wp-content\/uploads\/2015\/11\/ni%C3%B1a-abusada.jpg?resize=228%2C150&amp;ssl=1 228w, https:\/\/i0.wp.com\/eltrabajo.cl\/portal\/wp-content\/uploads\/2015\/11\/ni%C3%B1a-abusada.jpg?resize=400%2C263&amp;ssl=1 400w, https:\/\/i0.wp.com\/eltrabajo.cl\/portal\/wp-content\/uploads\/2015\/11\/ni%C3%B1a-abusada.jpg?w=530&amp;ssl=1 530w\" sizes=\"auto, (max-width: 300px) 100vw, 300px\" \/><\/a><figcaption id=\"caption-attachment-63722\" class=\"wp-caption-text\">La menor de 14 a\u00f1os fue abusada y violada en reiteradas oportunidades por su t\u00edo en la localidad de El \u00d1ilhue en la comuna de Catemu hasta el a\u00f1o 2014. (Foto Referencial)<\/figcaption><\/figure>\n<ul>\n<li><strong>El condenado Juan del Carmen Tapia Delgado de 66 a\u00f1os de edad, se encuentra privado de libertad desde que fue formalizado por los delitos de abuso sexual y violaci\u00f3n reiterada de una menor de edad en la comuna de Catemu.<\/strong><\/li>\n<\/ul>\n<p>A cumplir una pena de 11 a\u00f1os de c\u00e1rcel fue la sentencia impuesta por el Tribunal Oral en lo Penal de San Felipe, en contra de Juan del Carmen Tapia Delgado, tras ser considerado culpable de los delitos de abuso sexual y violaci\u00f3n reiterada a su sobrina menor de edad, en el sector El \u00d1ilhue de la comuna de Catemu.<br \/>\nDiversas pericias cient\u00edficas y psicol\u00f3gicas fueron fundamentales para acreditar estas graves imputaciones que indic\u00f3 la menor, sosteniendo que el actual condenado la someti\u00f3 inicialmente a reiterados abusos de connotaci\u00f3n sexual durante el a\u00f1o 2013.<\/p>\n<figure id=\"attachment_63723\" aria-describedby=\"caption-attachment-63723\" style=\"width: 300px\" class=\"wp-caption alignright\"><a href=\"https:\/\/i0.wp.com\/www.eltrabajo.cl\/portal\/wp-content\/uploads\/2015\/11\/Fiscal-Daniela-Quevedo1.jpg\"><img data-recalc-dims=\"1\" loading=\"lazy\" decoding=\"async\" class=\"wp-image-63723 size-medium\" src=\"https:\/\/i0.wp.com\/www.eltrabajo.cl\/portal\/wp-content\/uploads\/2015\/11\/Fiscal-Daniela-Quevedo1-300x198.jpg?resize=300%2C198\" alt=\"La Fiscal Daniela Quevedo a cargo de este caso, se mostr\u00f3 conforme con la condena impuesta por el Tribunal Oral en Lo Penal de San Felipe.\" width=\"300\" height=\"198\" srcset=\"https:\/\/i0.wp.com\/eltrabajo.cl\/portal\/wp-content\/uploads\/2015\/11\/Fiscal-Daniela-Quevedo1.jpg?resize=300%2C198&amp;ssl=1 300w, https:\/\/i0.wp.com\/eltrabajo.cl\/portal\/wp-content\/uploads\/2015\/11\/Fiscal-Daniela-Quevedo1.jpg?resize=200%2C132&amp;ssl=1 200w, https:\/\/i0.wp.com\/eltrabajo.cl\/portal\/wp-content\/uploads\/2015\/11\/Fiscal-Daniela-Quevedo1.jpg?resize=228%2C150&amp;ssl=1 228w, https:\/\/i0.wp.com\/eltrabajo.cl\/portal\/wp-content\/uploads\/2015\/11\/Fiscal-Daniela-Quevedo1.jpg?resize=400%2C263&amp;ssl=1 400w, https:\/\/i0.wp.com\/eltrabajo.cl\/portal\/wp-content\/uploads\/2015\/11\/Fiscal-Daniela-Quevedo1.jpg?w=530&amp;ssl=1 530w\" sizes=\"auto, (max-width: 300px) 100vw, 300px\" \/><\/a><figcaption id=\"caption-attachment-63723\" class=\"wp-caption-text\">La Fiscal Daniela Quevedo a cargo de este caso, se mostr\u00f3 conforme con la condena impuesta por el Tribunal Oral en Lo Penal de San Felipe.<\/figcaption><\/figure>\n<p>La v\u00edctima, quien en aquel entonces ten\u00eda 13 a\u00f1os de edad, estaba siendo criada por su padre tras la p\u00e9rdida de su progenitora afectada de un c\u00e1ncer mamario, cuando la ni\u00f1a ten\u00eda apenas 6 a\u00f1os de vida.<br \/>\nEn la localidad de El \u00d1ilhue de Catemu, el n\u00facleo familiar es bastante amplio y cercano a la convivencia habitual. Sin embargo, la investigaci\u00f3n arroj\u00f3 que Juan Tapia Vargas, aprovechando su condici\u00f3n de t\u00edo, cometi\u00f3 las vejaciones al interior de la vivienda cuando la menor se encontraba sola, mientras su padre se encontraba trabajando.<br \/>\nLa v\u00edctima se\u00f1al\u00f3 ante la terna de jueces del Tribunal Oral, que durante dos a\u00f1os fue abusada y posteriormente violada por su t\u00edo hasta el mes de noviembre del a\u00f1o 2014, cuando fue amenazada, por lo que relat\u00f3 los hechos a una prima, inici\u00e1ndose la correspondiente denuncia ante la Polic\u00eda que indag\u00f3 el caso por medio de investigaciones que fueron dando credibilidad a los testimonios de la afectada.<br \/>\nTras un a\u00f1o de investigaci\u00f3n de estos cr\u00edmenes, la Fiscal\u00eda exhibi\u00f3 las contundentes pericias y pruebas testimoniales para acreditar la participaci\u00f3n del acusado que finalmente, culminado este juicio, fue condenado a cumplir una pena de 11 a\u00f1os de presidio efectivo.<br \/>\nLa Fiscal de Delitos Sexuales de San Felipe, Daniela Quevedo Henr\u00edquez se mostr\u00f3 conforme con el resultado judicial tras encabezar las investigaciones de estos atentados sexuales a una menor de edad, pese a que se persegu\u00eda una condena de 15 a\u00f1os, \u201cestamos satisfechos con la condena y est\u00e1 dentro de los par\u00e1metros que pod\u00eda imponer este Tribunal\u201d, afirm\u00f3 la persecutora a Diario El Trabajo.<br \/>\nPor su parte la Defensa del condenado mantiene diez d\u00edas de plazo para presentar eventualmente ante la Corte de Apelaciones un recurso de nulidad contra este juicio.<br \/>\n<strong>Pablo Salinas Sald\u00edas<\/strong><\/p>\n","protected":false},"excerpt":{"rendered":"<p>El condenado Juan del Carmen Tapia Delgado de 66 a\u00f1os de edad, se encuentra privado de libertad desde que fue formalizado por los delitos de abuso sexual y violaci\u00f3n reiterada de una&#8230;<\/p>\n","protected":false},"author":482,"featured_media":63722,"comment_status":"open","ping_status":"open","sticky":false,"template":"","format":"standard","meta":{"advanced_seo_description":"","jetpack_seo_html_title":"","jetpack_seo_noindex":false,"_jetpack_memberships_contains_paid_content":false,"footnotes":""},"categories":[21],"tags":[],"class_list":["post-63721","post","type-post","status-publish","format-standard","has-post-thumbnail","hentry","category-policial"],"jetpack_featured_media_url":"https:\/\/i0.wp.com\/eltrabajo.cl\/portal\/wp-content\/uploads\/2015\/11\/ni%C3%B1a-abusada.jpg?fit=530%2C349&ssl=1","jetpack_sharing_enabled":true,"jetpack_likes_enabled":true,"jetpack-related-posts":[],"_links":{"self":[{"href":"https:\/\/eltrabajo.cl\/portal\/wp-json\/wp\/v2\/posts\/63721","targetHints":{"allow":["GET"]}}],"collection":[{"href":"https:\/\/eltrabajo.cl\/portal\/wp-json\/wp\/v2\/posts"}],"about":[{"href":"https:\/\/eltrabajo.cl\/portal\/wp-json\/wp\/v2\/types\/post"}],"author":[{"embeddable":true,"href":"https:\/\/eltrabajo.cl\/portal\/wp-json\/wp\/v2\/users\/482"}],"replies":[{"embeddable":true,"href":"https:\/\/eltrabajo.cl\/portal\/wp-json\/wp\/v2\/comments?post=63721"}],"version-history":[{"count":0,"href":"https:\/\/eltrabajo.cl\/portal\/wp-json\/wp\/v2\/posts\/63721\/revisions"}],"wp:featuredmedia":[{"embeddable":true,"href":"https:\/\/eltrabajo.cl\/portal\/wp-json\/wp\/v2\/media\/63722"}],"wp:attachment":[{"href":"https:\/\/eltrabajo.cl\/portal\/wp-json\/wp\/v2\/media?parent=63721"}],"wp:term":[{"taxonomy":"category","embeddable":true,"href":"https:\/\/eltrabajo.cl\/portal\/wp-json\/wp\/v2\/categories?post=63721"},{"taxonomy":"post_tag","embeddable":true,"href":"https:\/\/eltrabajo.cl\/portal\/wp-json\/wp\/v2\/tags?post=63721"}],"curies":[{"name":"wp","href":"https:\/\/api.w.org\/{rel}","templated":true}]}}