{"id":63767,"date":"2015-11-12T08:57:20","date_gmt":"2015-11-12T11:57:20","guid":{"rendered":"http:\/\/www.eltrabajo.cl\/portal\/?p=63767"},"modified":"2015-11-12T08:57:20","modified_gmt":"2015-11-12T11:57:20","slug":"asociacion-de-futbol-de-san-felipe-estampa-un-severo-reclamo-en-vina-del-mar","status":"publish","type":"post","link":"https:\/\/eltrabajo.cl\/portal\/asociacion-de-futbol-de-san-felipe-estampa-un-severo-reclamo-en-vina-del-mar\/","title":{"rendered":"Asociaci\u00f3n de F\u00fatbol de San Felipe estampa un severo reclamo en Vi\u00f1a Del Mar"},"content":{"rendered":"<figure id=\"attachment_63768\" aria-describedby=\"caption-attachment-63768\" style=\"width: 300px\" class=\"wp-caption alignleft\"><a href=\"https:\/\/i0.wp.com\/www.eltrabajo.cl\/portal\/wp-content\/uploads\/2015\/11\/raul-reinoso.jpg\"><img data-recalc-dims=\"1\" loading=\"lazy\" decoding=\"async\" class=\"wp-image-63768 size-medium\" src=\"https:\/\/i0.wp.com\/www.eltrabajo.cl\/portal\/wp-content\/uploads\/2015\/11\/raul-reinoso-300x197.jpg?resize=300%2C197\" alt=\"Ra\u00fal Reinoso en su calidad de presidente del balompi\u00e9 aficionado sanfelipe\u00f1o, hizo un reclamo formal por los hechos acaecidos en Catemu por la semifinal del Regional U17.\" width=\"300\" height=\"197\" srcset=\"https:\/\/i0.wp.com\/eltrabajo.cl\/portal\/wp-content\/uploads\/2015\/11\/raul-reinoso.jpg?resize=300%2C197&amp;ssl=1 300w, https:\/\/i0.wp.com\/eltrabajo.cl\/portal\/wp-content\/uploads\/2015\/11\/raul-reinoso.jpg?resize=200%2C131&amp;ssl=1 200w, https:\/\/i0.wp.com\/eltrabajo.cl\/portal\/wp-content\/uploads\/2015\/11\/raul-reinoso.jpg?resize=228%2C150&amp;ssl=1 228w, https:\/\/i0.wp.com\/eltrabajo.cl\/portal\/wp-content\/uploads\/2015\/11\/raul-reinoso.jpg?resize=400%2C263&amp;ssl=1 400w, https:\/\/i0.wp.com\/eltrabajo.cl\/portal\/wp-content\/uploads\/2015\/11\/raul-reinoso.jpg?w=530&amp;ssl=1 530w\" sizes=\"auto, (max-width: 300px) 100vw, 300px\" \/><\/a><figcaption id=\"caption-attachment-63768\" class=\"wp-caption-text\">Ra\u00fal Reinoso en su calidad de presidente del balompi\u00e9 aficionado sanfelipe\u00f1o, hizo un reclamo formal por los hechos acaecidos en Catemu por la semifinal del Regional U17.<\/figcaption><\/figure>\n<p>Durante el martes en la tarde, el presidente de la Asociaci\u00f3n de F\u00fatbol Amateur de San Felipe, Ra\u00fal \u2018Rulo\u2019 Reinoso, se traslad\u00f3 hasta Vi\u00f1a Del Mar, ciudad donde se encuentra la sede de Arfa Quinta Regi\u00f3n para hacer entrega de un escrito en el cual formalmente el ente rector del balompi\u00e9 aficionado sanfelipe\u00f1o solicita que de acuerdo al reglamento ANFA, se apliquen sanciones a la Asociaci\u00f3n de Catemu, a ra\u00edz de los incidentes y graves fallas de organizaci\u00f3n en el partido de revanchas por las semifinales del Regional U17, entre las selecciones de Catemu y San Felipe, el que como se recordar\u00e1 de manera aplastante gan\u00f3 el equipo sanfelipe\u00f1o.<br \/>\nRa\u00fal Reinoso, afirm\u00f3 que una vez concluido el partido, el bus que traslad\u00f3 a la delegaci\u00f3n sanfelipe\u00f1a fue objeto de una cobarde agresi\u00f3n con piedras, las que hicieron trizas algunos vidrios de la maquina perteneciente a una conocida empresa de transportes de la ciudad. \u201cEl reglamento de Anfa, es claro en este punto y dice que los da\u00f1os deben ser cubiertos por la asociaci\u00f3n responsable, en esta caso Catemu, ya que fue su gente la que hizo los destrozos\u201d, dijo el dirigente sanfelipe\u00f1o, quien tambi\u00e9n denuncio la p\u00e9sima organizaci\u00f3n del partido. \u201cCuando se jug\u00f3 en San Felipe, dimos todas las garant\u00edas, pero resulta que en la revancha hubo tal grado de desorganizaci\u00f3n que por ejemplo no hab\u00edan \u00e1rbitros y por lo mismo el partido se tuvo que retrasar en dos horas\u201d, denunci\u00f3, Reinoso, el que espera que los organismos respectivos que administran el f\u00fatbol amateur, tomen las medidas correspondientes. \u201cPara nosotros es vital que alguien se haga cargo de los destrozos que sufri\u00f3 el bus, porque con la actitud vand\u00e1lica se afect\u00f3 la fuente laboral de un empresario que con mucho esfuerzo ha logrado salir adelante\u201d, finaliz\u00f3 el mandam\u00e1s de la Asociaci\u00f3n de San Felipe.<\/p>\n","protected":false},"excerpt":{"rendered":"<p>Durante el martes en la tarde, el presidente de la Asociaci\u00f3n de F\u00fatbol Amateur de San Felipe, Ra\u00fal \u2018Rulo\u2019 Reinoso, se traslad\u00f3 hasta Vi\u00f1a Del Mar, ciudad donde se encuentra la sede&#8230;<\/p>\n","protected":false},"author":482,"featured_media":63768,"comment_status":"open","ping_status":"open","sticky":false,"template":"","format":"standard","meta":{"advanced_seo_description":"","jetpack_seo_html_title":"","jetpack_seo_noindex":false,"_jetpack_memberships_contains_paid_content":false,"footnotes":""},"categories":[19],"tags":[],"class_list":["post-63767","post","type-post","status-publish","format-standard","has-post-thumbnail","hentry","category-deportes"],"jetpack_featured_media_url":"https:\/\/i0.wp.com\/eltrabajo.cl\/portal\/wp-content\/uploads\/2015\/11\/raul-reinoso.jpg?fit=530%2C348&ssl=1","jetpack_sharing_enabled":true,"jetpack_likes_enabled":true,"jetpack-related-posts":[],"_links":{"self":[{"href":"https:\/\/eltrabajo.cl\/portal\/wp-json\/wp\/v2\/posts\/63767","targetHints":{"allow":["GET"]}}],"collection":[{"href":"https:\/\/eltrabajo.cl\/portal\/wp-json\/wp\/v2\/posts"}],"about":[{"href":"https:\/\/eltrabajo.cl\/portal\/wp-json\/wp\/v2\/types\/post"}],"author":[{"embeddable":true,"href":"https:\/\/eltrabajo.cl\/portal\/wp-json\/wp\/v2\/users\/482"}],"replies":[{"embeddable":true,"href":"https:\/\/eltrabajo.cl\/portal\/wp-json\/wp\/v2\/comments?post=63767"}],"version-history":[{"count":0,"href":"https:\/\/eltrabajo.cl\/portal\/wp-json\/wp\/v2\/posts\/63767\/revisions"}],"wp:featuredmedia":[{"embeddable":true,"href":"https:\/\/eltrabajo.cl\/portal\/wp-json\/wp\/v2\/media\/63768"}],"wp:attachment":[{"href":"https:\/\/eltrabajo.cl\/portal\/wp-json\/wp\/v2\/media?parent=63767"}],"wp:term":[{"taxonomy":"category","embeddable":true,"href":"https:\/\/eltrabajo.cl\/portal\/wp-json\/wp\/v2\/categories?post=63767"},{"taxonomy":"post_tag","embeddable":true,"href":"https:\/\/eltrabajo.cl\/portal\/wp-json\/wp\/v2\/tags?post=63767"}],"curies":[{"name":"wp","href":"https:\/\/api.w.org\/{rel}","templated":true}]}}