{"id":63773,"date":"2015-11-12T09:03:51","date_gmt":"2015-11-12T12:03:51","guid":{"rendered":"http:\/\/www.eltrabajo.cl\/portal\/?p=63773"},"modified":"2015-11-12T09:03:51","modified_gmt":"2015-11-12T12:03:51","slug":"trabajadores-de-aconcagua-participan-de-2a-sesion-de-dialogo-ciudadano-en-prevision-social","status":"publish","type":"post","link":"https:\/\/eltrabajo.cl\/portal\/trabajadores-de-aconcagua-participan-de-2a-sesion-de-dialogo-ciudadano-en-prevision-social\/","title":{"rendered":"Trabajadores de Aconcagua participan de 2\u00aa Sesi\u00f3n de Di\u00e1logo Ciudadano en Previsi\u00f3n Social"},"content":{"rendered":"<figure id=\"attachment_63774\" aria-describedby=\"caption-attachment-63774\" style=\"width: 300px\" class=\"wp-caption alignleft\"><a href=\"https:\/\/i0.wp.com\/www.eltrabajo.cl\/portal\/wp-content\/uploads\/2015\/11\/Sesion-Dialogo-Participativo.jpg\"><img data-recalc-dims=\"1\" loading=\"lazy\" decoding=\"async\" class=\"wp-image-63774 size-medium\" src=\"https:\/\/i0.wp.com\/www.eltrabajo.cl\/portal\/wp-content\/uploads\/2015\/11\/Sesion-Dialogo-Participativo-300x198.jpg?resize=300%2C198\" alt=\"Este segundo encuentro convoc\u00f3 a trabajadores independientes y a honorarios.\" width=\"300\" height=\"198\" srcset=\"https:\/\/i0.wp.com\/eltrabajo.cl\/portal\/wp-content\/uploads\/2015\/11\/Sesion-Dialogo-Participativo.jpg?resize=300%2C198&amp;ssl=1 300w, https:\/\/i0.wp.com\/eltrabajo.cl\/portal\/wp-content\/uploads\/2015\/11\/Sesion-Dialogo-Participativo.jpg?resize=200%2C132&amp;ssl=1 200w, https:\/\/i0.wp.com\/eltrabajo.cl\/portal\/wp-content\/uploads\/2015\/11\/Sesion-Dialogo-Participativo.jpg?resize=228%2C150&amp;ssl=1 228w, https:\/\/i0.wp.com\/eltrabajo.cl\/portal\/wp-content\/uploads\/2015\/11\/Sesion-Dialogo-Participativo.jpg?resize=400%2C263&amp;ssl=1 400w, https:\/\/i0.wp.com\/eltrabajo.cl\/portal\/wp-content\/uploads\/2015\/11\/Sesion-Dialogo-Participativo.jpg?w=530&amp;ssl=1 530w\" sizes=\"auto, (max-width: 300px) 100vw, 300px\" \/><\/a><figcaption id=\"caption-attachment-63774\" class=\"wp-caption-text\">Este segundo encuentro convoc\u00f3 a trabajadores independientes y a honorarios.<\/figcaption><\/figure>\n<ul>\n<li><strong>Durante la actividad se presentaron las conclusiones y propuestas del Primer Di\u00e1logo Ciudadano en Previsi\u00f3n Social<\/strong><\/li>\n<\/ul>\n<p><strong>CALLE LARGA<\/strong>.- En el marco de la ejecuci\u00f3n del proyecto de Educaci\u00f3n Previsional para Fortalecer el Buen Trabajo, se realiz\u00f3 la Segunda Sesi\u00f3n del Di\u00e1logo Ciudadano en Previsi\u00f3n Social, actividad que tuvo por objetivo democratizar el acceso a la informaci\u00f3n sobre temas relacionados con los beneficios o desventajas de cotizar en las AFP, como tambi\u00e9n sobre las ventajas o complejidades de entregar mensualmente dineros al sistema p\u00fablico de salud o isapres.<br \/>\nDurante este encuentro en el que participaron principalmente trabajadores independientes y a honorarios, se present\u00f3 el documento que fue el resultado de la primera sesi\u00f3n de di\u00e1logos, donde los participantes del proyecto levantaron sus observaciones y propuestas en torno al mejoramiento de nuestro actual Sistema de Pensiones, centrado en el Pilar Contributivo y las propuestas de Comisi\u00f3n Bravo al respecto.<br \/>\n\u201cEl trabajo de la primera mesa se entreg\u00f3 a las autoridades regionales y parlamentarios. Queremos que ellos reaccionen a este documento. El material que se recoge ahora va a la Subsecretar\u00eda de Previsi\u00f3n Social, quienes se comprometieron a levantar un documento que vaya a la Comisi\u00f3n de Ministros, ya que como la Comisi\u00f3n Bravo no logr\u00f3 un acuerdo sobre un modelo de cambio, lo que se nombr\u00f3 fue una Comisi\u00f3n de Ministros quienes van a decidir cu\u00e1les propuestas se van a implementar y cu\u00e1les no, es por eso que nos interesa que esa Comisi\u00f3n de Ministros conozca qu\u00e9 es lo que m\u00e1s le interesa a la poblaci\u00f3n\u201d, sostuvo Isabel del Campo, Gerente Fundaci\u00f3n Trabajo Para un Hermano.<br \/>\nAlgunas de las propuestas realizadas durante el Primer Di\u00e1logo Ciudadano y que se presentaron en el documento dado a conocer a las autoridades, fueron:<br \/>\n1.- Que la superintendencia de AFP se fortalezca, que tenga reales facultades. 2.- La obligatoriedad en la Ense\u00f1anza Media o superior tener el ramo de Educaci\u00f3n C\u00edvica, Educaci\u00f3n Previsional y Ley Laboral. 3.- Que sean multifondos realmente, que podamos dividir el ahorro en los cinco fondos si queremos. 4.- Que el Sistema Previsional que tiene las Fuerzas Armadas, sea el modelo que se aplique a todos los trabajadores de Chile. 5.- Que sea obligatorio el 70% de tasa de recambio para cualquier sistema de pensiones. 6.- Que las AFP, con parte de sus ganancias cree un fondo solidario.<\/p>\n","protected":false},"excerpt":{"rendered":"<p>Durante la actividad se presentaron las conclusiones y propuestas del Primer Di\u00e1logo Ciudadano en Previsi\u00f3n Social CALLE LARGA.- En el marco de la ejecuci\u00f3n del proyecto de Educaci\u00f3n Previsional para Fortalecer el&#8230;<\/p>\n","protected":false},"author":482,"featured_media":63774,"comment_status":"open","ping_status":"open","sticky":false,"template":"","format":"standard","meta":{"advanced_seo_description":"","jetpack_seo_html_title":"","jetpack_seo_noindex":false,"_jetpack_memberships_contains_paid_content":false,"footnotes":""},"categories":[15],"tags":[],"class_list":["post-63773","post","type-post","status-publish","format-standard","has-post-thumbnail","hentry","category-comunidad"],"jetpack_featured_media_url":"https:\/\/i0.wp.com\/eltrabajo.cl\/portal\/wp-content\/uploads\/2015\/11\/Sesion-Dialogo-Participativo.jpg?fit=530%2C349&ssl=1","jetpack_sharing_enabled":true,"jetpack_likes_enabled":true,"jetpack-related-posts":[],"_links":{"self":[{"href":"https:\/\/eltrabajo.cl\/portal\/wp-json\/wp\/v2\/posts\/63773","targetHints":{"allow":["GET"]}}],"collection":[{"href":"https:\/\/eltrabajo.cl\/portal\/wp-json\/wp\/v2\/posts"}],"about":[{"href":"https:\/\/eltrabajo.cl\/portal\/wp-json\/wp\/v2\/types\/post"}],"author":[{"embeddable":true,"href":"https:\/\/eltrabajo.cl\/portal\/wp-json\/wp\/v2\/users\/482"}],"replies":[{"embeddable":true,"href":"https:\/\/eltrabajo.cl\/portal\/wp-json\/wp\/v2\/comments?post=63773"}],"version-history":[{"count":0,"href":"https:\/\/eltrabajo.cl\/portal\/wp-json\/wp\/v2\/posts\/63773\/revisions"}],"wp:featuredmedia":[{"embeddable":true,"href":"https:\/\/eltrabajo.cl\/portal\/wp-json\/wp\/v2\/media\/63774"}],"wp:attachment":[{"href":"https:\/\/eltrabajo.cl\/portal\/wp-json\/wp\/v2\/media?parent=63773"}],"wp:term":[{"taxonomy":"category","embeddable":true,"href":"https:\/\/eltrabajo.cl\/portal\/wp-json\/wp\/v2\/categories?post=63773"},{"taxonomy":"post_tag","embeddable":true,"href":"https:\/\/eltrabajo.cl\/portal\/wp-json\/wp\/v2\/tags?post=63773"}],"curies":[{"name":"wp","href":"https:\/\/api.w.org\/{rel}","templated":true}]}}