{"id":63776,"date":"2015-11-12T09:05:26","date_gmt":"2015-11-12T12:05:26","guid":{"rendered":"http:\/\/www.eltrabajo.cl\/portal\/?p=63776"},"modified":"2015-11-12T09:05:26","modified_gmt":"2015-11-12T12:05:26","slug":"rotarios-andinos-inician-campana-para-ampliar-sala-de-curaciones-avanzadas-en-hosla","status":"publish","type":"post","link":"https:\/\/eltrabajo.cl\/portal\/rotarios-andinos-inician-campana-para-ampliar-sala-de-curaciones-avanzadas-en-hosla\/","title":{"rendered":"Rotarios andinos inician campa\u00f1a para ampliar sala de curaciones avanzadas en Hosla"},"content":{"rendered":"<figure id=\"attachment_63777\" aria-describedby=\"caption-attachment-63777\" style=\"width: 300px\" class=\"wp-caption alignleft\"><a href=\"https:\/\/i0.wp.com\/www.eltrabajo.cl\/portal\/wp-content\/uploads\/2015\/11\/sala_curaciones3.jpg\"><img data-recalc-dims=\"1\" loading=\"lazy\" decoding=\"async\" class=\"wp-image-63777 size-medium\" src=\"https:\/\/i0.wp.com\/www.eltrabajo.cl\/portal\/wp-content\/uploads\/2015\/11\/sala_curaciones3-300x198.jpg?resize=300%2C198\" alt=\"La idea es ampliar las prestaciones anuales que realiza este recinto, de 11.300 a 15.000 con la realizaci\u00f3n de este proyecto.\" width=\"300\" height=\"198\" srcset=\"https:\/\/i0.wp.com\/eltrabajo.cl\/portal\/wp-content\/uploads\/2015\/11\/sala_curaciones3.jpg?resize=300%2C198&amp;ssl=1 300w, https:\/\/i0.wp.com\/eltrabajo.cl\/portal\/wp-content\/uploads\/2015\/11\/sala_curaciones3.jpg?resize=200%2C132&amp;ssl=1 200w, https:\/\/i0.wp.com\/eltrabajo.cl\/portal\/wp-content\/uploads\/2015\/11\/sala_curaciones3.jpg?resize=227%2C150&amp;ssl=1 227w, https:\/\/i0.wp.com\/eltrabajo.cl\/portal\/wp-content\/uploads\/2015\/11\/sala_curaciones3.jpg?resize=400%2C264&amp;ssl=1 400w, https:\/\/i0.wp.com\/eltrabajo.cl\/portal\/wp-content\/uploads\/2015\/11\/sala_curaciones3.jpg?w=530&amp;ssl=1 530w\" sizes=\"auto, (max-width: 300px) 100vw, 300px\" \/><\/a><figcaption id=\"caption-attachment-63777\" class=\"wp-caption-text\">La idea es ampliar las prestaciones anuales que realiza este recinto, de 11.300 a 15.000 con la realizaci\u00f3n de este proyecto.<\/figcaption><\/figure>\n<ul>\n<li><strong>Una de las primeras actividades ser\u00e1 una Gala Art\u00edstica<\/strong><\/li>\n<\/ul>\n<p><strong>LOS ANDES.-<\/strong> El Rotary Club de Los Andes, inici\u00f3 una campa\u00f1a destinada a reunir recursos para poder ampliar la sala de curaciones del Hospital San Juan de Dios.<br \/>\nUna de las primeras acciones ser\u00e1 la realizaci\u00f3n de una gala art\u00edstica el s\u00e1bado 28 de noviembre en el Colegio Ingl\u00e9s de Los Andes, donde habr\u00e1 importantes grupos musicales y degustaciones de vinos, cervezas y tablas.<br \/>\nAcerca de esta iniciativa, el Presidente de Rotary Club Los Andes, Carlos Ravest Moya, manifest\u00f3 que el gran objetivo que persiguen es consolidar la primera etapa del proyecto de ampliaci\u00f3n de la sala de curaciones.<br \/>\nLas entradas tienen un valor de $ 7.000 por persona y la pareja $ 12.000, lo que da derecho a participar del evento y a degustar.<br \/>\n\u201cTenemos varios puntos de ventas, primero las oficinas del Rotary ubicado en Rodr\u00edguez 419, tambi\u00e9n en la Direcci\u00f3n del Hospital, adem\u00e1s de los voluntariados y en la Farmacia del Doctor Simi\u201d, coment\u00f3 el Presidente de los Rotarios Andinos.<br \/>\nCarlos Ravest indic\u00f3 que el proyecto tiene un costo general de aproximadamente 35 mil d\u00f3lares, \u201cy el punto de partida que nosotros nos hemos fijado para echar andar este proyecto bordea los cinco millones de pesos\u201d.<br \/>\nEn tanto, el encargado de proyectos del Rotary, Luis Cadet, precis\u00f3 y manifest\u00f3 que esta nueva sala de curaciones espera solucionar un problema de espacio f\u00edsico que actualmente existe.<br \/>\n\u201cEl Hospital cuenta en este momento con personal y material altamente calificado, pero el espacio f\u00edsico es deficiente, tenemos un espacio cercano a los 18 metros cuadrados y con este proyecto se pretende ampliar a cerca de 40 metros cuadrados y esto va asociado a una mejor implementaci\u00f3n de mobiliario, colocar tina de lavado de heridas, separaci\u00f3n de ambiente entre paciente y paciente, emular los est\u00e1ndares internacionales en cuanto a la calidad de la atenci\u00f3n y el espacio f\u00edsico\u201d, inform\u00f3.<br \/>\nCadet record\u00f3 que en la actualidad se realizan 11.300 prestaciones anuales, \u201cpero con el proyecto aplicado podr\u00edamos llegar sobre las 15.000 prestaciones anuales\u201d.<br \/>\nPor ello, la invitaci\u00f3n de Rotary es que toda la comunidad andina sin excepci\u00f3n participe de esta gala.<\/p>\n","protected":false},"excerpt":{"rendered":"<p>Una de las primeras actividades ser\u00e1 una Gala Art\u00edstica LOS ANDES.- El Rotary Club de Los Andes, inici\u00f3 una campa\u00f1a destinada a reunir recursos para poder ampliar la sala de curaciones del&#8230;<\/p>\n","protected":false},"author":482,"featured_media":63777,"comment_status":"open","ping_status":"open","sticky":false,"template":"","format":"standard","meta":{"advanced_seo_description":"","jetpack_seo_html_title":"","jetpack_seo_noindex":false,"_jetpack_memberships_contains_paid_content":false,"footnotes":""},"categories":[15],"tags":[],"class_list":["post-63776","post","type-post","status-publish","format-standard","has-post-thumbnail","hentry","category-comunidad"],"jetpack_featured_media_url":"https:\/\/i0.wp.com\/eltrabajo.cl\/portal\/wp-content\/uploads\/2015\/11\/sala_curaciones3.jpg?fit=530%2C350&ssl=1","jetpack_sharing_enabled":true,"jetpack_likes_enabled":true,"jetpack-related-posts":[],"_links":{"self":[{"href":"https:\/\/eltrabajo.cl\/portal\/wp-json\/wp\/v2\/posts\/63776","targetHints":{"allow":["GET"]}}],"collection":[{"href":"https:\/\/eltrabajo.cl\/portal\/wp-json\/wp\/v2\/posts"}],"about":[{"href":"https:\/\/eltrabajo.cl\/portal\/wp-json\/wp\/v2\/types\/post"}],"author":[{"embeddable":true,"href":"https:\/\/eltrabajo.cl\/portal\/wp-json\/wp\/v2\/users\/482"}],"replies":[{"embeddable":true,"href":"https:\/\/eltrabajo.cl\/portal\/wp-json\/wp\/v2\/comments?post=63776"}],"version-history":[{"count":0,"href":"https:\/\/eltrabajo.cl\/portal\/wp-json\/wp\/v2\/posts\/63776\/revisions"}],"wp:featuredmedia":[{"embeddable":true,"href":"https:\/\/eltrabajo.cl\/portal\/wp-json\/wp\/v2\/media\/63777"}],"wp:attachment":[{"href":"https:\/\/eltrabajo.cl\/portal\/wp-json\/wp\/v2\/media?parent=63776"}],"wp:term":[{"taxonomy":"category","embeddable":true,"href":"https:\/\/eltrabajo.cl\/portal\/wp-json\/wp\/v2\/categories?post=63776"},{"taxonomy":"post_tag","embeddable":true,"href":"https:\/\/eltrabajo.cl\/portal\/wp-json\/wp\/v2\/tags?post=63776"}],"curies":[{"name":"wp","href":"https:\/\/api.w.org\/{rel}","templated":true}]}}