{"id":63779,"date":"2015-11-12T09:07:00","date_gmt":"2015-11-12T12:07:00","guid":{"rendered":"http:\/\/www.eltrabajo.cl\/portal\/?p=63779"},"modified":"2015-11-12T09:07:00","modified_gmt":"2015-11-12T12:07:00","slug":"de-un-balazo-matan-a-mascota-en-villa-dona-natalia-en-rinconada","status":"publish","type":"post","link":"https:\/\/eltrabajo.cl\/portal\/de-un-balazo-matan-a-mascota-en-villa-dona-natalia-en-rinconada\/","title":{"rendered":"De un balazo matan a mascota en villa Do\u00f1a Natalia en Rinconada"},"content":{"rendered":"<figure id=\"attachment_63780\" aria-describedby=\"caption-attachment-63780\" style=\"width: 300px\" class=\"wp-caption alignleft\"><a href=\"https:\/\/i0.wp.com\/www.eltrabajo.cl\/portal\/wp-content\/uploads\/2015\/11\/max.jpg\"><img data-recalc-dims=\"1\" loading=\"lazy\" decoding=\"async\" class=\"wp-image-63780 size-medium\" src=\"https:\/\/i0.wp.com\/www.eltrabajo.cl\/portal\/wp-content\/uploads\/2015\/11\/max-300x198.jpg?resize=300%2C198\" alt=\"La muerte de Max fue denunciada a la PDI, esperando que puedan encontrar al responsable de su asesinato. \" width=\"300\" height=\"198\" srcset=\"https:\/\/i0.wp.com\/eltrabajo.cl\/portal\/wp-content\/uploads\/2015\/11\/max.jpg?resize=300%2C198&amp;ssl=1 300w, https:\/\/i0.wp.com\/eltrabajo.cl\/portal\/wp-content\/uploads\/2015\/11\/max.jpg?resize=200%2C132&amp;ssl=1 200w, https:\/\/i0.wp.com\/eltrabajo.cl\/portal\/wp-content\/uploads\/2015\/11\/max.jpg?resize=228%2C150&amp;ssl=1 228w, https:\/\/i0.wp.com\/eltrabajo.cl\/portal\/wp-content\/uploads\/2015\/11\/max.jpg?resize=400%2C263&amp;ssl=1 400w, https:\/\/i0.wp.com\/eltrabajo.cl\/portal\/wp-content\/uploads\/2015\/11\/max.jpg?w=530&amp;ssl=1 530w\" sizes=\"auto, (max-width: 300px) 100vw, 300px\" \/><\/a><figcaption id=\"caption-attachment-63780\" class=\"wp-caption-text\">La muerte de Max fue denunciada a la PDI, esperando que puedan encontrar al responsable de su asesinato.<\/figcaption><\/figure>\n<p><strong>RINCONADA.<\/strong>&#8211; Gran conmoci\u00f3n ha provocado en la comuna de Rinconada la muerte de un perro Labrador que fue aparentemente baleado por un desconocido mientras se encontraba en una plazoleta de villa Do\u00f1a Natalia de la comuna.<br \/>\nLa tarde del pasado 6 de noviembre a eso de las 18:30 horas, cuando hay mayor afluencia de ni\u00f1os y mascotas en la plaza Macizo Andino, un desconocido atac\u00f3 a una mascota que se encontraba en el lugar. El canino de raza Labrador Retriever se llamaba Maxwell, m\u00e1s conocido por todos como Max. La mascota recibi\u00f3 presuntamente un disparo en el costado derecho del est\u00f3mago.<br \/>\nA pesar de ser trasladado r\u00e1pidamente a la Cl\u00ednica Veterinaria Cumbres y ser atendido por la doctora Marcia Ram\u00edrez, el can no logr\u00f3 sobrevivir dejando de existir a las 23:20 horas de ese mismo d\u00eda producto de una hemorragia interna que no logr\u00f3 superar, lo que desemboc\u00f3 en tres paros respiratorios desarrollados debido a que su herida era muy grave y claramente efectuada por un humano con total intenci\u00f3n de asesinarlo.<br \/>\nEn el certificado de defunci\u00f3n emanado por la veterinaria antes mencionada, se afirma que \u00abel m\u00e9dico que suscribe certifica que la mascota antes individualizada ingres\u00f3 a Cl\u00ednica Veterinaria Cumbres el d\u00eda viernes 06 de noviembre del 2015 a las 18:45 horas, con claros signos de shock hipovol\u00e9mico a causa de una hemorragia abdominal interna activa, causada por un proyectil o elemento corto punzante que penetr\u00f3 abdomen lateral derecho causando una hemorragia de \u00f3rganos internos que determin\u00f3 la falla multisist\u00e9mica masiva\u00bb.<br \/>\nResulta tremendamente preocupante que se registre un acontecimiento de estas caracter\u00edsticas en villa Do\u00f1a Natalia, considerada una de las m\u00e1s tranquilas de la comuna de Rinconada, ya que donde fue asesinado Max es justamente lugar de reuni\u00f3n diaria de ni\u00f1os y mascotas del sector.<br \/>\nActualmente el hecho se encuentra denunciado en la PDI quienes adem\u00e1s poseen una unidad que tiene que ver con la defensa de los derechos de los animales, se espera encontrar al responsable por ser un peligro constante dado a su absoluta falta de respeto a la vida y su presunta posesi\u00f3n de armas de fuego.<br \/>\nEs lamentable este hecho puesto que los animales tambi\u00e9n sienten y sufren, ellos no pueden hablar y merecen ser respetados, sus vidas valen tanto como las nuestras y tambi\u00e9n tienen una familia que llora su ausencia y extra\u00f1a su compa\u00f1\u00eda, hoy un asesino est\u00e1 libre e impune, se recomienda a los vecinos del sector cuidar ahora m\u00e1s que nunca a sus mascotas y ni\u00f1os, hoy fue Max, ma\u00f1ana no sabemos.<br \/>\n<strong>Daniela Olgu\u00edn<\/strong><\/p>\n","protected":false},"excerpt":{"rendered":"<p>RINCONADA.&#8211; Gran conmoci\u00f3n ha provocado en la comuna de Rinconada la muerte de un perro Labrador que fue aparentemente baleado por un desconocido mientras se encontraba en una plazoleta de villa Do\u00f1a&#8230;<\/p>\n","protected":false},"author":482,"featured_media":63780,"comment_status":"open","ping_status":"open","sticky":false,"template":"","format":"standard","meta":{"advanced_seo_description":"","jetpack_seo_html_title":"","jetpack_seo_noindex":false,"_jetpack_memberships_contains_paid_content":false,"footnotes":""},"categories":[1],"tags":[],"class_list":["post-63779","post","type-post","status-publish","format-standard","has-post-thumbnail","hentry","category-cronica"],"jetpack_featured_media_url":"https:\/\/i0.wp.com\/eltrabajo.cl\/portal\/wp-content\/uploads\/2015\/11\/max.jpg?fit=530%2C349&ssl=1","jetpack_sharing_enabled":true,"jetpack_likes_enabled":true,"jetpack-related-posts":[],"_links":{"self":[{"href":"https:\/\/eltrabajo.cl\/portal\/wp-json\/wp\/v2\/posts\/63779","targetHints":{"allow":["GET"]}}],"collection":[{"href":"https:\/\/eltrabajo.cl\/portal\/wp-json\/wp\/v2\/posts"}],"about":[{"href":"https:\/\/eltrabajo.cl\/portal\/wp-json\/wp\/v2\/types\/post"}],"author":[{"embeddable":true,"href":"https:\/\/eltrabajo.cl\/portal\/wp-json\/wp\/v2\/users\/482"}],"replies":[{"embeddable":true,"href":"https:\/\/eltrabajo.cl\/portal\/wp-json\/wp\/v2\/comments?post=63779"}],"version-history":[{"count":0,"href":"https:\/\/eltrabajo.cl\/portal\/wp-json\/wp\/v2\/posts\/63779\/revisions"}],"wp:featuredmedia":[{"embeddable":true,"href":"https:\/\/eltrabajo.cl\/portal\/wp-json\/wp\/v2\/media\/63780"}],"wp:attachment":[{"href":"https:\/\/eltrabajo.cl\/portal\/wp-json\/wp\/v2\/media?parent=63779"}],"wp:term":[{"taxonomy":"category","embeddable":true,"href":"https:\/\/eltrabajo.cl\/portal\/wp-json\/wp\/v2\/categories?post=63779"},{"taxonomy":"post_tag","embeddable":true,"href":"https:\/\/eltrabajo.cl\/portal\/wp-json\/wp\/v2\/tags?post=63779"}],"curies":[{"name":"wp","href":"https:\/\/api.w.org\/{rel}","templated":true}]}}