{"id":63785,"date":"2015-11-12T09:10:12","date_gmt":"2015-11-12T12:10:12","guid":{"rendered":"http:\/\/www.eltrabajo.cl\/portal\/?p=63785"},"modified":"2015-11-12T09:10:12","modified_gmt":"2015-11-12T12:10:12","slug":"connotado-jazzista-aconcaguino-se-unira-al-orfeon-nacional-de-carabineros","status":"publish","type":"post","link":"https:\/\/eltrabajo.cl\/portal\/connotado-jazzista-aconcaguino-se-unira-al-orfeon-nacional-de-carabineros\/","title":{"rendered":"Connotado jazzista aconcag\u00fcino se unir\u00e1 al Orfe\u00f3n Nacional de Carabineros"},"content":{"rendered":"<figure id=\"attachment_63786\" aria-describedby=\"caption-attachment-63786\" style=\"width: 300px\" class=\"wp-caption alignleft\"><a href=\"https:\/\/i0.wp.com\/www.eltrabajo.cl\/portal\/wp-content\/uploads\/2015\/11\/claudio-venegas-junto-a-prefecto-s-tte-coronel-marcelo-arancibia.jpg\"><img data-recalc-dims=\"1\" loading=\"lazy\" decoding=\"async\" class=\"wp-image-63786 size-medium\" src=\"https:\/\/i0.wp.com\/www.eltrabajo.cl\/portal\/wp-content\/uploads\/2015\/11\/claudio-venegas-junto-a-prefecto-s-tte-coronel-marcelo-arancibia-300x198.jpg?resize=300%2C198\" alt=\"Claudio Venegas junto al Prefecto (s) Teniente Coronel Marcelo Arancibia.\" width=\"300\" height=\"198\" srcset=\"https:\/\/i0.wp.com\/eltrabajo.cl\/portal\/wp-content\/uploads\/2015\/11\/claudio-venegas-junto-a-prefecto-s-tte-coronel-marcelo-arancibia.jpg?resize=300%2C198&amp;ssl=1 300w, https:\/\/i0.wp.com\/eltrabajo.cl\/portal\/wp-content\/uploads\/2015\/11\/claudio-venegas-junto-a-prefecto-s-tte-coronel-marcelo-arancibia.jpg?resize=200%2C132&amp;ssl=1 200w, https:\/\/i0.wp.com\/eltrabajo.cl\/portal\/wp-content\/uploads\/2015\/11\/claudio-venegas-junto-a-prefecto-s-tte-coronel-marcelo-arancibia.jpg?resize=227%2C150&amp;ssl=1 227w, https:\/\/i0.wp.com\/eltrabajo.cl\/portal\/wp-content\/uploads\/2015\/11\/claudio-venegas-junto-a-prefecto-s-tte-coronel-marcelo-arancibia.jpg?resize=400%2C264&amp;ssl=1 400w, https:\/\/i0.wp.com\/eltrabajo.cl\/portal\/wp-content\/uploads\/2015\/11\/claudio-venegas-junto-a-prefecto-s-tte-coronel-marcelo-arancibia.jpg?w=530&amp;ssl=1 530w\" sizes=\"auto, (max-width: 300px) 100vw, 300px\" \/><\/a><figcaption id=\"caption-attachment-63786\" class=\"wp-caption-text\">Claudio Venegas junto al Prefecto (s) Teniente Coronel Marcelo Arancibia.<\/figcaption><\/figure>\n<p>Luego de largas tocatas junto al destacado exponente del bajo, Luis Cheul, y tras cerca de cuatro a\u00f1os ejerciendo la docencia musical, el talentoso exponente del Jazz, Claudio Venegas Urrejola, fue el \u00fanico postulante Aconcag\u00fcino seleccionado para transformarse en Carabinero M\u00fasico.<br \/>\nEl virtuoso baterista, se inscribi\u00f3 este a\u00f1o en la Oficina de Postulaciones Aconcagua de la polic\u00eda uniformada, para participar de un proceso de reclutamiento y selecci\u00f3n que se desarroll\u00f3 a nivel nacional, para buscar nuevos m\u00fasicos para el Orfe\u00f3n Nacional de Carabineros de Chile y sus diferentes bandas de concierto.<br \/>\nUrrejola, deber\u00e1 iniciar ahora un intenso proceso de formaci\u00f3n de seis meses, en r\u00e9gimen de externado, en la Escuela de Formaci\u00f3n de Carabineros (Esfocar), para transformarse -al egresar-, en un integrante m\u00e1s de la polic\u00eda uniformada, con uniforme y todos los beneficios que involucra pertenecer a la instituci\u00f3n de las carabinas cruzadas.<br \/>\nAl conocer la noticia, el futuro polic\u00eda del Escalaf\u00f3n de M\u00fasicos Institucionales, asegur\u00f3 que \u00abes una gran oportunidad para desarrollarme y seguir como m\u00fasico, en una instituci\u00f3n seria donde lo podr\u00e9 hacer de buena forma, de forma profesional\u00bb, recalc\u00f3.<br \/>\nEn tanto, la Oficina de Postulaciones Aconcagua, inform\u00f3 que -tras el t\u00e9rmino de este proceso extraordinario de m\u00fasicos-, contin\u00faa el reclutamiento de j\u00f3venes que quieran inscribirse en el proceso regular que busca formar a los pr\u00f3ximos Carabineros, los cuales ingresan a la instituci\u00f3n, luego de aprobar un curso de formaci\u00f3n de tan s\u00f3lo un a\u00f1o de duraci\u00f3n.<\/p>\n","protected":false},"excerpt":{"rendered":"<p>Luego de largas tocatas junto al destacado exponente del bajo, Luis Cheul, y tras cerca de cuatro a\u00f1os ejerciendo la docencia musical, el talentoso exponente del Jazz, Claudio Venegas Urrejola, fue el&#8230;<\/p>\n","protected":false},"author":482,"featured_media":63786,"comment_status":"open","ping_status":"open","sticky":false,"template":"","format":"standard","meta":{"advanced_seo_description":"","jetpack_seo_html_title":"","jetpack_seo_noindex":false,"_jetpack_memberships_contains_paid_content":false,"footnotes":""},"categories":[15],"tags":[],"class_list":["post-63785","post","type-post","status-publish","format-standard","has-post-thumbnail","hentry","category-comunidad"],"jetpack_featured_media_url":"https:\/\/i0.wp.com\/eltrabajo.cl\/portal\/wp-content\/uploads\/2015\/11\/claudio-venegas-junto-a-prefecto-s-tte-coronel-marcelo-arancibia.jpg?fit=530%2C350&ssl=1","jetpack_sharing_enabled":true,"jetpack_likes_enabled":true,"jetpack-related-posts":[],"_links":{"self":[{"href":"https:\/\/eltrabajo.cl\/portal\/wp-json\/wp\/v2\/posts\/63785","targetHints":{"allow":["GET"]}}],"collection":[{"href":"https:\/\/eltrabajo.cl\/portal\/wp-json\/wp\/v2\/posts"}],"about":[{"href":"https:\/\/eltrabajo.cl\/portal\/wp-json\/wp\/v2\/types\/post"}],"author":[{"embeddable":true,"href":"https:\/\/eltrabajo.cl\/portal\/wp-json\/wp\/v2\/users\/482"}],"replies":[{"embeddable":true,"href":"https:\/\/eltrabajo.cl\/portal\/wp-json\/wp\/v2\/comments?post=63785"}],"version-history":[{"count":0,"href":"https:\/\/eltrabajo.cl\/portal\/wp-json\/wp\/v2\/posts\/63785\/revisions"}],"wp:featuredmedia":[{"embeddable":true,"href":"https:\/\/eltrabajo.cl\/portal\/wp-json\/wp\/v2\/media\/63786"}],"wp:attachment":[{"href":"https:\/\/eltrabajo.cl\/portal\/wp-json\/wp\/v2\/media?parent=63785"}],"wp:term":[{"taxonomy":"category","embeddable":true,"href":"https:\/\/eltrabajo.cl\/portal\/wp-json\/wp\/v2\/categories?post=63785"},{"taxonomy":"post_tag","embeddable":true,"href":"https:\/\/eltrabajo.cl\/portal\/wp-json\/wp\/v2\/tags?post=63785"}],"curies":[{"name":"wp","href":"https:\/\/api.w.org\/{rel}","templated":true}]}}