{"id":63794,"date":"2015-11-12T09:15:11","date_gmt":"2015-11-12T12:15:11","guid":{"rendered":"http:\/\/www.eltrabajo.cl\/portal\/?p=63794"},"modified":"2015-11-12T09:15:11","modified_gmt":"2015-11-12T12:15:11","slug":"siniestro-arraso-gran-parte-de-una-bodega-en-calle-brasil","status":"publish","type":"post","link":"https:\/\/eltrabajo.cl\/portal\/siniestro-arraso-gran-parte-de-una-bodega-en-calle-brasil\/","title":{"rendered":"Siniestro arras\u00f3 gran parte de una bodega en Calle Brasil"},"content":{"rendered":"<figure id=\"attachment_63795\" aria-describedby=\"caption-attachment-63795\" style=\"width: 300px\" class=\"wp-caption alignleft\"><a href=\"https:\/\/i0.wp.com\/www.eltrabajo.cl\/portal\/wp-content\/uploads\/2015\/11\/Incendio-Calle-Brasil-7.jpg\"><img data-recalc-dims=\"1\" loading=\"lazy\" decoding=\"async\" class=\"wp-image-63795 size-medium\" src=\"https:\/\/i0.wp.com\/www.eltrabajo.cl\/portal\/wp-content\/uploads\/2015\/11\/Incendio-Calle-Brasil-7-300x197.jpg?resize=300%2C197\" alt=\"Bomberos tuvo que acudir a un incendio estructural que se registr\u00f3 en una bodega de Calle Brasil durante la noche de este martes.\" width=\"300\" height=\"197\" srcset=\"https:\/\/i0.wp.com\/eltrabajo.cl\/portal\/wp-content\/uploads\/2015\/11\/Incendio-Calle-Brasil-7.jpg?resize=300%2C197&amp;ssl=1 300w, https:\/\/i0.wp.com\/eltrabajo.cl\/portal\/wp-content\/uploads\/2015\/11\/Incendio-Calle-Brasil-7.jpg?resize=200%2C131&amp;ssl=1 200w, https:\/\/i0.wp.com\/eltrabajo.cl\/portal\/wp-content\/uploads\/2015\/11\/Incendio-Calle-Brasil-7.jpg?resize=228%2C150&amp;ssl=1 228w, https:\/\/i0.wp.com\/eltrabajo.cl\/portal\/wp-content\/uploads\/2015\/11\/Incendio-Calle-Brasil-7.jpg?resize=400%2C263&amp;ssl=1 400w, https:\/\/i0.wp.com\/eltrabajo.cl\/portal\/wp-content\/uploads\/2015\/11\/Incendio-Calle-Brasil-7.jpg?w=530&amp;ssl=1 530w\" sizes=\"auto, (max-width: 300px) 100vw, 300px\" \/><\/a><figcaption id=\"caption-attachment-63795\" class=\"wp-caption-text\">Bomberos tuvo que acudir a un incendio estructural que se registr\u00f3 en una bodega de Calle Brasil durante la noche de este martes.<\/figcaption><\/figure>\n<p><strong>PUTAENDO<\/strong>.- Un incendio de tipo estructural destruy\u00f3 casi en un 90% las dependencias de una bodega utilizada como taller mec\u00e1nico en Calle Brasil. El fuego estuvo cerca de alcanzar un domicilio contiguo y un voluntario de bomberos result\u00f3 lesionado.<br \/>\nEl siniestro que en primera instancia fue informado por Bomberos como quema de pastizales, ocurri\u00f3 a eso de las 22:25 horas de este martes en la vivienda 356 de Calle Brasil, al llegar al sector Las Quillotanas, y al arribo de la primera unidad bomberil, los voluntarios se percataron que en realidad se trataba de un incendio que afectaba a una dependencia estructural.<br \/>\nEl 2\u00ba Comandante del Cuerpo de Bomberos de Putaendo, Francisco Correa, confirm\u00f3 a nuestro medio que en el lugar de la emergencia la primera unidad se encontr\u00f3 con fuego violento y con un riesgo de propagaci\u00f3n hacia el inmueble principal, por lo que la primera intervenci\u00f3n fue fundamental para evitar que el siniestro se descontrolara.<br \/>\nEl oficial bomberil agreg\u00f3 que la bodega fue consumida por el fuego en un 90% y las herramientas y maquinarias totalmente da\u00f1adas, mientras que durante el desarrollo de la emergencia s\u00f3lo lograron sacar dos tubos de ox\u00edgeno.<br \/>\nDurante las labores empleadas por Bomberos para extinguir el fuego, un voluntario de la primera compa\u00f1\u00eda cay\u00f3 desde una altura cercana a los dos metros, por lo que fue trasladado hasta el Hospital San Antonio de Putaendo, donde recibi\u00f3 las primeras atenciones m\u00e9dicas que descartaron lesiones de consideraci\u00f3n.<br \/>\nSobre las eventuales causas del incendio, Francisco Correa precis\u00f3 que son materia de investigaci\u00f3n del Departamento T\u00e9cnico de la instituci\u00f3n.<br \/>\n<strong>Patricio Gallardo M.<\/strong><\/p>\n","protected":false},"excerpt":{"rendered":"<p>PUTAENDO.- Un incendio de tipo estructural destruy\u00f3 casi en un 90% las dependencias de una bodega utilizada como taller mec\u00e1nico en Calle Brasil. El fuego estuvo cerca de alcanzar un domicilio contiguo&#8230;<\/p>\n","protected":false},"author":482,"featured_media":63795,"comment_status":"open","ping_status":"open","sticky":false,"template":"","format":"standard","meta":{"advanced_seo_description":"","jetpack_seo_html_title":"","jetpack_seo_noindex":false,"_jetpack_memberships_contains_paid_content":false,"footnotes":""},"categories":[21],"tags":[],"class_list":["post-63794","post","type-post","status-publish","format-standard","has-post-thumbnail","hentry","category-policial"],"jetpack_featured_media_url":"https:\/\/i0.wp.com\/eltrabajo.cl\/portal\/wp-content\/uploads\/2015\/11\/Incendio-Calle-Brasil-7.jpg?fit=530%2C348&ssl=1","jetpack_sharing_enabled":true,"jetpack_likes_enabled":true,"jetpack-related-posts":[],"_links":{"self":[{"href":"https:\/\/eltrabajo.cl\/portal\/wp-json\/wp\/v2\/posts\/63794","targetHints":{"allow":["GET"]}}],"collection":[{"href":"https:\/\/eltrabajo.cl\/portal\/wp-json\/wp\/v2\/posts"}],"about":[{"href":"https:\/\/eltrabajo.cl\/portal\/wp-json\/wp\/v2\/types\/post"}],"author":[{"embeddable":true,"href":"https:\/\/eltrabajo.cl\/portal\/wp-json\/wp\/v2\/users\/482"}],"replies":[{"embeddable":true,"href":"https:\/\/eltrabajo.cl\/portal\/wp-json\/wp\/v2\/comments?post=63794"}],"version-history":[{"count":0,"href":"https:\/\/eltrabajo.cl\/portal\/wp-json\/wp\/v2\/posts\/63794\/revisions"}],"wp:featuredmedia":[{"embeddable":true,"href":"https:\/\/eltrabajo.cl\/portal\/wp-json\/wp\/v2\/media\/63795"}],"wp:attachment":[{"href":"https:\/\/eltrabajo.cl\/portal\/wp-json\/wp\/v2\/media?parent=63794"}],"wp:term":[{"taxonomy":"category","embeddable":true,"href":"https:\/\/eltrabajo.cl\/portal\/wp-json\/wp\/v2\/categories?post=63794"},{"taxonomy":"post_tag","embeddable":true,"href":"https:\/\/eltrabajo.cl\/portal\/wp-json\/wp\/v2\/tags?post=63794"}],"curies":[{"name":"wp","href":"https:\/\/api.w.org\/{rel}","templated":true}]}}