{"id":63797,"date":"2015-11-12T09:22:45","date_gmt":"2015-11-12T12:22:45","guid":{"rendered":"http:\/\/www.eltrabajo.cl\/portal\/?p=63797"},"modified":"2015-11-12T09:22:45","modified_gmt":"2015-11-12T12:22:45","slug":"presumen-sabotaje-tras-insolito-ataque-a-instalaciones-de-radio-azukar-fm","status":"publish","type":"post","link":"https:\/\/eltrabajo.cl\/portal\/presumen-sabotaje-tras-insolito-ataque-a-instalaciones-de-radio-azukar-fm\/","title":{"rendered":"Presumen sabotaje tras ins\u00f3lito ataque a instalaciones de radio Az\u00fakar FM"},"content":{"rendered":"<figure id=\"attachment_63799\" aria-describedby=\"caption-attachment-63799\" style=\"width: 300px\" class=\"wp-caption alignleft\"><a href=\"https:\/\/i0.wp.com\/www.eltrabajo.cl\/portal\/wp-content\/uploads\/2015\/11\/ATENTADO-DOS-FOTOS-copia.jpg\"><img data-recalc-dims=\"1\" loading=\"lazy\" decoding=\"async\" class=\"wp-image-63799 size-medium\" src=\"https:\/\/i0.wp.com\/www.eltrabajo.cl\/portal\/wp-content\/uploads\/2015\/11\/ATENTADO-DOS-FOTOS-copia-300x198.jpg?resize=300%2C198\" alt=\"En ambas fotos se puede apreciar en parte el rostro del sujeto que actu\u00f3 presuntamente por encargo. \" width=\"300\" height=\"198\" srcset=\"https:\/\/i0.wp.com\/eltrabajo.cl\/portal\/wp-content\/uploads\/2015\/11\/ATENTADO-DOS-FOTOS-copia.jpg?resize=300%2C198&amp;ssl=1 300w, https:\/\/i0.wp.com\/eltrabajo.cl\/portal\/wp-content\/uploads\/2015\/11\/ATENTADO-DOS-FOTOS-copia.jpg?resize=200%2C132&amp;ssl=1 200w, https:\/\/i0.wp.com\/eltrabajo.cl\/portal\/wp-content\/uploads\/2015\/11\/ATENTADO-DOS-FOTOS-copia.jpg?resize=228%2C150&amp;ssl=1 228w, https:\/\/i0.wp.com\/eltrabajo.cl\/portal\/wp-content\/uploads\/2015\/11\/ATENTADO-DOS-FOTOS-copia.jpg?resize=400%2C263&amp;ssl=1 400w, https:\/\/i0.wp.com\/eltrabajo.cl\/portal\/wp-content\/uploads\/2015\/11\/ATENTADO-DOS-FOTOS-copia.jpg?w=530&amp;ssl=1 530w\" sizes=\"auto, (max-width: 300px) 100vw, 300px\" \/><\/a><figcaption id=\"caption-attachment-63799\" class=\"wp-caption-text\">En ambas fotos se puede apreciar en parte el rostro del sujeto que actu\u00f3 presuntamente por encargo.<\/figcaption><\/figure>\n<p>Sujeto ingres\u00f3 a robar y destruir equipos a caseta de transmisi\u00f3n en el cerro, sin afectar los equipos de otras emisoras, en lo que viene a ser el tercer ataque sufrido por la 88.1 radio Az\u00fakar.<br \/>\nUn ins\u00f3lito ataque disfrazado de robo afect\u00f3 a la nueva radioemisora \u2018Az\u00fakar\u2019 88.1 FM, la cual desde hace cinco meses se encuentra transmitiendo en la zona, alcanzando r\u00e1pidamente bastante sinton\u00eda en los segmentos populares.<br \/>\nAl igual que gran parte de las radioemisoras de San Felipe, Az\u00fakar FM mantiene su sistema radiante o de transmisi\u00f3n en el cerro El Sauzal ubicado en el sector Punta del Olivo, donde la madrugada de este martes, a eso de las 01,30 horas, un sujeto desconocido subi\u00f3 hasta el cerro y tras violentar los sistemas de protecci\u00f3n, cortando incluso candados que por su disposici\u00f3n resultaba imposible cortar, ingres\u00f3 a la caseta donde se encuentran los equipos de varias emisoras, y procedi\u00f3 a robar algunos dispositivos y destruir otros, siendo fotografiado por una c\u00e1mara instalada en el lugar precisamente para estos fines.<br \/>\nAs\u00ed lo inform\u00f3 Vanyelis Rojas Valencia, propietario de la radioemisora, quien nos visit\u00f3 la ma\u00f1ana de ayer para hacer p\u00fablica esta situaci\u00f3n que definitivamente constituye un sabotaje, ya que afect\u00f3 solamente los equipos de Az\u00fakar FM, algunos de los cuales fueron da\u00f1ados y otros sustra\u00eddos, como un computador que se utilizaba para retransmitir la se\u00f1al v\u00eda streaming, el cual fue posteriormente encontrado inutilizable en las cercan\u00edas.<\/p>\n<figure id=\"attachment_63800\" aria-describedby=\"caption-attachment-63800\" style=\"width: 300px\" class=\"wp-caption alignright\"><a href=\"https:\/\/i0.wp.com\/www.eltrabajo.cl\/portal\/wp-content\/uploads\/2015\/11\/vanyelis-rojas-valencia.jpg\"><img data-recalc-dims=\"1\" loading=\"lazy\" decoding=\"async\" class=\"wp-image-63800 size-medium\" src=\"https:\/\/i0.wp.com\/www.eltrabajo.cl\/portal\/wp-content\/uploads\/2015\/11\/vanyelis-rojas-valencia-300x197.jpg?resize=300%2C197\" alt=\"Vanyelis Rojas Valencia, propietario de Az\u00fakar FM, denunci\u00f3 que \u00e9ste es el tercer atentado ya que sufre en solo cinco meses.\" width=\"300\" height=\"197\" srcset=\"https:\/\/i0.wp.com\/eltrabajo.cl\/portal\/wp-content\/uploads\/2015\/11\/vanyelis-rojas-valencia.jpg?resize=300%2C197&amp;ssl=1 300w, https:\/\/i0.wp.com\/eltrabajo.cl\/portal\/wp-content\/uploads\/2015\/11\/vanyelis-rojas-valencia.jpg?resize=200%2C131&amp;ssl=1 200w, https:\/\/i0.wp.com\/eltrabajo.cl\/portal\/wp-content\/uploads\/2015\/11\/vanyelis-rojas-valencia.jpg?resize=228%2C150&amp;ssl=1 228w, https:\/\/i0.wp.com\/eltrabajo.cl\/portal\/wp-content\/uploads\/2015\/11\/vanyelis-rojas-valencia.jpg?resize=400%2C263&amp;ssl=1 400w, https:\/\/i0.wp.com\/eltrabajo.cl\/portal\/wp-content\/uploads\/2015\/11\/vanyelis-rojas-valencia.jpg?w=530&amp;ssl=1 530w\" sizes=\"auto, (max-width: 300px) 100vw, 300px\" \/><\/a><figcaption id=\"caption-attachment-63800\" class=\"wp-caption-text\">Vanyelis Rojas Valencia, propietario de Az\u00fakar FM, denunci\u00f3 que \u00e9ste es el tercer atentado ya que sufre en solo cinco meses.<\/figcaption><\/figure>\n<p><strong>OTROS ATAQUES<\/strong><br \/>\nPor otra parte, Rojas denunci\u00f3 que no se trata del primer ataque, ya que hace un mes aproximadamente sufri\u00f3 un suceso similar, pues ingresaron a la caseta en el cerro y cortaron los cables que llevan la se\u00f1al hasta la antena transmisora. En agosto, en tanto, un curioso incidente. Alguien entr\u00f3 a la caseta y movi\u00f3 unos cables, dej\u00e1ndolos junto a un transformador que con el calor que genera termin\u00f3 por fundir la protecci\u00f3n del cable, causando un cortocircuito que provoc\u00f3 serios da\u00f1os, quedando la estaci\u00f3n tres d\u00edas sin poder transmitir.<\/p>\n<p><strong>TRABAJO POR ENCARGO<\/strong><br \/>\nVanyelis Rojas agrega que todo indica que se trat\u00f3 de un \u2018trabajo por encargo\u2019, ya que el sujeto ingres\u00f3 a la caseta, se dio cuenta que fue fotografiado y escap\u00f3, pero a los 15 minutos regresa, esta vez con guantes y el rostro cubierto, procediendo a destruir los equipos, arrancando piezas del compresor y del transmisor, adem\u00e1s de llevarse el PC que abandon\u00f3 en las cercan\u00edas. Tambi\u00e9n afect\u00f3 equipos pertenecientes a la Daem que se encuentran en el mismo lugar, en un intento in\u00fatil por destruir la evidencia fotogr\u00e1fica en su contra.<br \/>\nJunto a lo anterior, Rojas sostiene que el candado que fue cortado estaba protegido por una reja, por lo cual era imposible cortarlo, por lo cual presumen que el autor debi\u00f3 haber contado con llaves, por lo que sac\u00f3 el candado y despu\u00e9s lo cort\u00f3 para simular el forzamiento.<br \/>\nVanyelis Rojas denunci\u00f3 el hecho a Carabineros quienes se encuentran investigando el caso, adelantando que hay bastantes expectativas de lograr identificar al sujeto.<\/p>\n","protected":false},"excerpt":{"rendered":"<p>Sujeto ingres\u00f3 a robar y destruir equipos a caseta de transmisi\u00f3n en el cerro, sin afectar los equipos de otras emisoras, en lo que viene a ser el tercer ataque sufrido por&#8230;<\/p>\n","protected":false},"author":482,"featured_media":63799,"comment_status":"open","ping_status":"open","sticky":false,"template":"","format":"standard","meta":{"advanced_seo_description":"","jetpack_seo_html_title":"","jetpack_seo_noindex":false,"_jetpack_memberships_contains_paid_content":false,"footnotes":""},"categories":[21],"tags":[],"class_list":["post-63797","post","type-post","status-publish","format-standard","has-post-thumbnail","hentry","category-policial"],"jetpack_featured_media_url":"https:\/\/i0.wp.com\/eltrabajo.cl\/portal\/wp-content\/uploads\/2015\/11\/ATENTADO-DOS-FOTOS-copia.jpg?fit=530%2C349&ssl=1","jetpack_sharing_enabled":true,"jetpack_likes_enabled":true,"jetpack-related-posts":[],"_links":{"self":[{"href":"https:\/\/eltrabajo.cl\/portal\/wp-json\/wp\/v2\/posts\/63797","targetHints":{"allow":["GET"]}}],"collection":[{"href":"https:\/\/eltrabajo.cl\/portal\/wp-json\/wp\/v2\/posts"}],"about":[{"href":"https:\/\/eltrabajo.cl\/portal\/wp-json\/wp\/v2\/types\/post"}],"author":[{"embeddable":true,"href":"https:\/\/eltrabajo.cl\/portal\/wp-json\/wp\/v2\/users\/482"}],"replies":[{"embeddable":true,"href":"https:\/\/eltrabajo.cl\/portal\/wp-json\/wp\/v2\/comments?post=63797"}],"version-history":[{"count":0,"href":"https:\/\/eltrabajo.cl\/portal\/wp-json\/wp\/v2\/posts\/63797\/revisions"}],"wp:featuredmedia":[{"embeddable":true,"href":"https:\/\/eltrabajo.cl\/portal\/wp-json\/wp\/v2\/media\/63799"}],"wp:attachment":[{"href":"https:\/\/eltrabajo.cl\/portal\/wp-json\/wp\/v2\/media?parent=63797"}],"wp:term":[{"taxonomy":"category","embeddable":true,"href":"https:\/\/eltrabajo.cl\/portal\/wp-json\/wp\/v2\/categories?post=63797"},{"taxonomy":"post_tag","embeddable":true,"href":"https:\/\/eltrabajo.cl\/portal\/wp-json\/wp\/v2\/tags?post=63797"}],"curies":[{"name":"wp","href":"https:\/\/api.w.org\/{rel}","templated":true}]}}