{"id":63838,"date":"2015-11-13T09:06:49","date_gmt":"2015-11-13T12:06:49","guid":{"rendered":"http:\/\/www.eltrabajo.cl\/portal\/?p=63838"},"modified":"2015-11-13T09:06:49","modified_gmt":"2015-11-13T12:06:49","slug":"union-san-felipe-debe-ganar-para-quedar-en-modo-liguilla","status":"publish","type":"post","link":"https:\/\/eltrabajo.cl\/portal\/union-san-felipe-debe-ganar-para-quedar-en-modo-liguilla\/","title":{"rendered":"Uni\u00f3n San Felipe debe ganar para quedar en modo \u2018liguilla\u2019"},"content":{"rendered":"<figure id=\"attachment_63839\" aria-describedby=\"caption-attachment-63839\" style=\"width: 300px\" class=\"wp-caption alignleft\"><a href=\"https:\/\/i0.wp.com\/www.eltrabajo.cl\/portal\/wp-content\/uploads\/2015\/11\/uni-uni1.jpg\"><img data-recalc-dims=\"1\" loading=\"lazy\" decoding=\"async\" class=\"wp-image-63839 size-medium\" src=\"https:\/\/i0.wp.com\/www.eltrabajo.cl\/portal\/wp-content\/uploads\/2015\/11\/uni-uni1-300x198.jpg?resize=300%2C198\" alt=\"El equipo sanfelipe\u00f1o realiz\u00f3 ayer en el Municipal el ensayo futbol\u00edstico para el juego del s\u00e1bado con \u00d1ublense.\" width=\"300\" height=\"198\" srcset=\"https:\/\/i0.wp.com\/eltrabajo.cl\/portal\/wp-content\/uploads\/2015\/11\/uni-uni1.jpg?resize=300%2C198&amp;ssl=1 300w, https:\/\/i0.wp.com\/eltrabajo.cl\/portal\/wp-content\/uploads\/2015\/11\/uni-uni1.jpg?resize=200%2C132&amp;ssl=1 200w, https:\/\/i0.wp.com\/eltrabajo.cl\/portal\/wp-content\/uploads\/2015\/11\/uni-uni1.jpg?resize=228%2C150&amp;ssl=1 228w, https:\/\/i0.wp.com\/eltrabajo.cl\/portal\/wp-content\/uploads\/2015\/11\/uni-uni1.jpg?resize=400%2C263&amp;ssl=1 400w, https:\/\/i0.wp.com\/eltrabajo.cl\/portal\/wp-content\/uploads\/2015\/11\/uni-uni1.jpg?w=530&amp;ssl=1 530w\" sizes=\"auto, (max-width: 300px) 100vw, 300px\" \/><\/a><figcaption id=\"caption-attachment-63839\" class=\"wp-caption-text\">El equipo sanfelipe\u00f1o realiz\u00f3 ayer en el Municipal el ensayo futbol\u00edstico para el juego del s\u00e1bado con \u00d1ublense.<\/figcaption><\/figure>\n<p>Sin el m\u00e1s m\u00ednimo margen de error, Uni\u00f3n San Felipe deber\u00e1 hacer frente al partido de ma\u00f1ana frente a \u00d1ublense un cuadro que llega a la \u2018Ciudad Fuerte y Feliz\u2019 en un buen momento luego de haber goleado la semana pasada a Rangers.<br \/>\nEn la interna albirroja, todos coinciden que ante los chillanejos el \u00fanico resultado posible es el triunfo, ya que de lo contrario el Un\u00ed se quedar\u00e1 fuera de la liguilla del ascenso.<br \/>\nEl plantel sanfelipe\u00f1o practic\u00f3 ayer en el estadio Municipal y se pudo observar que Brayan Valdivia estar\u00eda ingresando desde el primer minuto, mientras que en el banco de suplentes se quedar\u00eda Jorge Orellana. Esas ser\u00edan las grandes novedades respecto al equipo que cay\u00f3 en Temuco.<br \/>\nEl t\u00e9cnico unionista, Germ\u00e1n Corengia, en la previa al cotejo, declar\u00f3 lo siguiente: \u201cNos jugamos una parada muy importante, durante estas 15 fechas hemos trabajado para estar dentro de los cuatro primeros, por eso tenemos muy claro que es una final y la tomaremos de esa manera\u201d.<br \/>\n<strong>Programaci\u00f3n fecha 14\u00ba Primera B<\/strong><br \/>\n<strong>S\u00e1bado 14 de noviembre<\/strong><br \/>\n17:00 horas, Concepci\u00f3n \u2013 Iberia<br \/>\n17:00 horas, Copiap\u00f3 \u2013 Deportes Temuco<br \/>\n18:00 horas, Puerto Montt \u2013 Barnechea<br \/>\n19:00 horas, Everton \u2013 Curic\u00f3 Unido<br \/>\n20:00 horas, Uni\u00f3n San Felipe \u2013 \u00d1ublense<br \/>\n<strong>Domingo 15 de noviembre<\/strong><br \/>\n17:00 horas, Santiago Morning \u2013 La Serena<br \/>\n18:30 horas, Rangers \u2013 Cobreloa<br \/>\n20:30 horas, Coquimbo Unido \u2013 Magallanes<\/p>\n<p><strong>Tabla de Posiciones Primera B<\/strong><br \/>\n<strong>Lugar \u00a0y puntos<\/strong><br \/>\nDeportes Temuco 30<br \/>\nEverton 25<br \/>\nCobreloa 24<br \/>\nUni\u00f3n San Felipe 21<br \/>\nCuric\u00f3 Unido 21<br \/>\nLa Serena 19<br \/>\nPuerto Montt 19<br \/>\nMagallanes 18<br \/>\n\u00d1ublense 17<br \/>\nIberia 17<br \/>\nRangers 17<br \/>\nCopiap\u00f3 16<br \/>\nSantiago Morning 12<br \/>\nConcepci\u00f3n 11<br \/>\nBarnechea 10<br \/>\nCoquimbo Unido 5<\/p>\n","protected":false},"excerpt":{"rendered":"<p>Sin el m\u00e1s m\u00ednimo margen de error, Uni\u00f3n San Felipe deber\u00e1 hacer frente al partido de ma\u00f1ana frente a \u00d1ublense un cuadro que llega a la \u2018Ciudad Fuerte y Feliz\u2019 en un&#8230;<\/p>\n","protected":false},"author":482,"featured_media":63839,"comment_status":"open","ping_status":"open","sticky":false,"template":"","format":"standard","meta":{"advanced_seo_description":"","jetpack_seo_html_title":"","jetpack_seo_noindex":false,"_jetpack_memberships_contains_paid_content":false,"footnotes":""},"categories":[19],"tags":[],"class_list":["post-63838","post","type-post","status-publish","format-standard","has-post-thumbnail","hentry","category-deportes"],"jetpack_featured_media_url":"https:\/\/i0.wp.com\/eltrabajo.cl\/portal\/wp-content\/uploads\/2015\/11\/uni-uni1.jpg?fit=530%2C349&ssl=1","jetpack_sharing_enabled":true,"jetpack_likes_enabled":true,"jetpack-related-posts":[],"_links":{"self":[{"href":"https:\/\/eltrabajo.cl\/portal\/wp-json\/wp\/v2\/posts\/63838","targetHints":{"allow":["GET"]}}],"collection":[{"href":"https:\/\/eltrabajo.cl\/portal\/wp-json\/wp\/v2\/posts"}],"about":[{"href":"https:\/\/eltrabajo.cl\/portal\/wp-json\/wp\/v2\/types\/post"}],"author":[{"embeddable":true,"href":"https:\/\/eltrabajo.cl\/portal\/wp-json\/wp\/v2\/users\/482"}],"replies":[{"embeddable":true,"href":"https:\/\/eltrabajo.cl\/portal\/wp-json\/wp\/v2\/comments?post=63838"}],"version-history":[{"count":0,"href":"https:\/\/eltrabajo.cl\/portal\/wp-json\/wp\/v2\/posts\/63838\/revisions"}],"wp:featuredmedia":[{"embeddable":true,"href":"https:\/\/eltrabajo.cl\/portal\/wp-json\/wp\/v2\/media\/63839"}],"wp:attachment":[{"href":"https:\/\/eltrabajo.cl\/portal\/wp-json\/wp\/v2\/media?parent=63838"}],"wp:term":[{"taxonomy":"category","embeddable":true,"href":"https:\/\/eltrabajo.cl\/portal\/wp-json\/wp\/v2\/categories?post=63838"},{"taxonomy":"post_tag","embeddable":true,"href":"https:\/\/eltrabajo.cl\/portal\/wp-json\/wp\/v2\/tags?post=63838"}],"curies":[{"name":"wp","href":"https:\/\/api.w.org\/{rel}","templated":true}]}}