{"id":63841,"date":"2015-11-13T09:08:48","date_gmt":"2015-11-13T12:08:48","guid":{"rendered":"http:\/\/www.eltrabajo.cl\/portal\/?p=63841"},"modified":"2015-11-13T09:08:48","modified_gmt":"2015-11-13T12:08:48","slug":"realizan-operativo-preventivo-de-vacunacion-antirrabica-en-rinconada","status":"publish","type":"post","link":"https:\/\/eltrabajo.cl\/portal\/realizan-operativo-preventivo-de-vacunacion-antirrabica-en-rinconada\/","title":{"rendered":"Realizan operativo preventivo de vacunaci\u00f3n antirr\u00e1bica en Rinconada"},"content":{"rendered":"<figure id=\"attachment_63842\" aria-describedby=\"caption-attachment-63842\" style=\"width: 300px\" class=\"wp-caption alignleft\"><a href=\"https:\/\/i0.wp.com\/www.eltrabajo.cl\/portal\/wp-content\/uploads\/2015\/11\/Operativo-vacunacion-antirrabica-3.jpg\"><img data-recalc-dims=\"1\" loading=\"lazy\" decoding=\"async\" class=\"wp-image-63842 size-medium\" src=\"https:\/\/i0.wp.com\/www.eltrabajo.cl\/portal\/wp-content\/uploads\/2015\/11\/Operativo-vacunacion-antirrabica-3-300x198.jpg?resize=300%2C198\" alt=\"Esta acci\u00f3n preventiva buscaba evitar el contagio de rabia en mascotas de la ciudad, debido al hallazgo de un murci\u00e9lago muerto con rabia.\" width=\"300\" height=\"198\" srcset=\"https:\/\/i0.wp.com\/eltrabajo.cl\/portal\/wp-content\/uploads\/2015\/11\/Operativo-vacunacion-antirrabica-3.jpg?resize=300%2C198&amp;ssl=1 300w, https:\/\/i0.wp.com\/eltrabajo.cl\/portal\/wp-content\/uploads\/2015\/11\/Operativo-vacunacion-antirrabica-3.jpg?resize=200%2C132&amp;ssl=1 200w, https:\/\/i0.wp.com\/eltrabajo.cl\/portal\/wp-content\/uploads\/2015\/11\/Operativo-vacunacion-antirrabica-3.jpg?resize=227%2C150&amp;ssl=1 227w, https:\/\/i0.wp.com\/eltrabajo.cl\/portal\/wp-content\/uploads\/2015\/11\/Operativo-vacunacion-antirrabica-3.jpg?resize=400%2C264&amp;ssl=1 400w, https:\/\/i0.wp.com\/eltrabajo.cl\/portal\/wp-content\/uploads\/2015\/11\/Operativo-vacunacion-antirrabica-3.jpg?w=530&amp;ssl=1 530w\" sizes=\"auto, (max-width: 300px) 100vw, 300px\" \/><\/a><figcaption id=\"caption-attachment-63842\" class=\"wp-caption-text\">Esta acci\u00f3n preventiva buscaba evitar el contagio de rabia en mascotas de la ciudad, debido al hallazgo de un murci\u00e9lago muerto con rabia.<\/figcaption><\/figure>\n<ul>\n<li><strong>La vacunaci\u00f3n gratuita, fue realizada por la aparici\u00f3n de un murci\u00e9lago con rabia.<\/strong><\/li>\n<\/ul>\n<p><strong>RINCONADA.<\/strong>&#8211; El operativo, que se realiz\u00f3 en el frontis de la Parroquia San Jos\u00e9 Obrero de la comuna, estuvo a cargo de funcionarios de la Oficina de Salud de la Autoridad Sanitaria junto a personal especializado del Cesfam local, donde se procedi\u00f3 a efectuar esta acci\u00f3n preventiva en las mascotas, luego de la detecci\u00f3n de un caso positivo de rabia en un murci\u00e9lago hace algunos d\u00edas en el sector.<br \/>\nTras el proceso se logr\u00f3 una alta respuesta de vacunaci\u00f3n de mascotas de la zona, con el fin de evitar un posible contagio de la enfermedad, extendi\u00e9ndose este plan de control en el foco de la aparici\u00f3n del quir\u00f3ptero y en el perifoco o per\u00edmetro adyacente a esta \u00e1rea.<br \/>\nEl m\u00e9dico veterinario y encargado del programa de Zoonosis, Iv\u00e1n Wainnright destac\u00f3 la coordinaci\u00f3n de los servicios p\u00fablicos junto al municipio de Rinconada para hacerse cargo de esta situaci\u00f3n donde, dijo son \u201cfundamentales las acciones llevadas a cabo para la informaci\u00f3n de la comunidad\u201d.<br \/>\n\u201cLa ciudadan\u00eda tiene que ser responsable y concurrir. Ac\u00e1 el municipio de Rinconada tiene una gran coordinaci\u00f3n que es necesaria destacar y por eso estamos desarrollando este trabajo. Ac\u00e1 estamos facilitando todos los elementos, para poder detener alguna complicaci\u00f3n que pudiera traer la rabia, estamos preparados y estamos coordinados para enfrentar cualquier emergencia\u201d, se\u00f1al\u00f3 la autoridad provincial.<br \/>\nEl profesional destac\u00f3 que \u201cEn cada foco es distinto el n\u00famero de vacunas dependiendo del entorno y la convocatoria que se tenga. B\u00e1sicamente lo que nosotros buscamos es tener un control del foco y perifoco de alrededor de unos 300 metros a la redonda de donde se hall\u00f3 al murci\u00e9lago, que podr\u00eda ampliarse m\u00e1s o menos dependiendo de cada caso. Se ha tenido un trabajo muy coordinado y tomamos en conjunto estos casos y la verdad es que se tuvo una muy buena respuesta de la comunidad\u201d.<br \/>\nSe realiz\u00f3 un trabajo met\u00f3dico con la aparici\u00f3n de este esp\u00e9cimen infectado siguiendo todos los protocolos indicados por la autoridad sanitaria y el municipio.<br \/>\nTras esto vino el proceso de vacunaci\u00f3n, pero destac\u00f3 la decisi\u00f3n de la autoridad sanitaria de analizar el futuro de las colonias asentadas en el entorno del lugar del hallazgo del murci\u00e9lago positivo con rabia, en conjunto con el Servicio Agr\u00edcola y Ganadero.<br \/>\n\u00bfQu\u00e9 hacer en caso de encontrarse con animal muerto? Evitar que ni\u00f1os se acerquen a los cuerpos de perros, gatos o murci\u00e9lagos muertos que encuentren en la calle o en las casas. No manipularlos directamente sino a trav\u00e9s de elementos de protecci\u00f3n personal, guantes gruesos, una bolsa pl\u00e1stica o una caja y posteriormente sellarlas. Avisar de inmediato a la Municipalidad o a la Autoridad Sanitaria, para que ellos retiren los animales en forma segura.<\/p>\n","protected":false},"excerpt":{"rendered":"<p>La vacunaci\u00f3n gratuita, fue realizada por la aparici\u00f3n de un murci\u00e9lago con rabia. RINCONADA.&#8211; El operativo, que se realiz\u00f3 en el frontis de la Parroquia San Jos\u00e9 Obrero de la comuna, estuvo&#8230;<\/p>\n","protected":false},"author":482,"featured_media":63842,"comment_status":"open","ping_status":"open","sticky":false,"template":"","format":"standard","meta":{"advanced_seo_description":"","jetpack_seo_html_title":"","jetpack_seo_noindex":false,"_jetpack_memberships_contains_paid_content":false,"footnotes":""},"categories":[15],"tags":[],"class_list":["post-63841","post","type-post","status-publish","format-standard","has-post-thumbnail","hentry","category-comunidad"],"jetpack_featured_media_url":"https:\/\/i0.wp.com\/eltrabajo.cl\/portal\/wp-content\/uploads\/2015\/11\/Operativo-vacunacion-antirrabica-3.jpg?fit=530%2C350&ssl=1","jetpack_sharing_enabled":true,"jetpack_likes_enabled":true,"jetpack-related-posts":[],"_links":{"self":[{"href":"https:\/\/eltrabajo.cl\/portal\/wp-json\/wp\/v2\/posts\/63841","targetHints":{"allow":["GET"]}}],"collection":[{"href":"https:\/\/eltrabajo.cl\/portal\/wp-json\/wp\/v2\/posts"}],"about":[{"href":"https:\/\/eltrabajo.cl\/portal\/wp-json\/wp\/v2\/types\/post"}],"author":[{"embeddable":true,"href":"https:\/\/eltrabajo.cl\/portal\/wp-json\/wp\/v2\/users\/482"}],"replies":[{"embeddable":true,"href":"https:\/\/eltrabajo.cl\/portal\/wp-json\/wp\/v2\/comments?post=63841"}],"version-history":[{"count":0,"href":"https:\/\/eltrabajo.cl\/portal\/wp-json\/wp\/v2\/posts\/63841\/revisions"}],"wp:featuredmedia":[{"embeddable":true,"href":"https:\/\/eltrabajo.cl\/portal\/wp-json\/wp\/v2\/media\/63842"}],"wp:attachment":[{"href":"https:\/\/eltrabajo.cl\/portal\/wp-json\/wp\/v2\/media?parent=63841"}],"wp:term":[{"taxonomy":"category","embeddable":true,"href":"https:\/\/eltrabajo.cl\/portal\/wp-json\/wp\/v2\/categories?post=63841"},{"taxonomy":"post_tag","embeddable":true,"href":"https:\/\/eltrabajo.cl\/portal\/wp-json\/wp\/v2\/tags?post=63841"}],"curies":[{"name":"wp","href":"https:\/\/api.w.org\/{rel}","templated":true}]}}