{"id":63844,"date":"2015-11-13T09:10:06","date_gmt":"2015-11-13T12:10:06","guid":{"rendered":"http:\/\/www.eltrabajo.cl\/portal\/?p=63844"},"modified":"2015-11-13T09:10:06","modified_gmt":"2015-11-13T12:10:06","slug":"programa-me-conecto-para-aprender-entrega-computadores-a-estudiantes-santamarianos","status":"publish","type":"post","link":"https:\/\/eltrabajo.cl\/portal\/programa-me-conecto-para-aprender-entrega-computadores-a-estudiantes-santamarianos\/","title":{"rendered":"Programa \u2018Me conecto para Aprender\u2019 entrega computadores a estudiantes santamarianos"},"content":{"rendered":"<figure id=\"attachment_63845\" aria-describedby=\"caption-attachment-63845\" style=\"width: 300px\" class=\"wp-caption alignleft\"><a href=\"https:\/\/i0.wp.com\/www.eltrabajo.cl\/portal\/wp-content\/uploads\/2015\/11\/Computadores-Santa-Maria.jpg\"><img data-recalc-dims=\"1\" loading=\"lazy\" decoding=\"async\" class=\"wp-image-63845 size-medium\" src=\"https:\/\/i0.wp.com\/www.eltrabajo.cl\/portal\/wp-content\/uploads\/2015\/11\/Computadores-Santa-Maria-300x198.jpg?resize=300%2C198\" alt=\"Junto a autoridades, entregaron computadores a alumnos de 7\u00ba b\u00e1sico de los establecimientos educacionales municipales de Santa Mar\u00eda.\" width=\"300\" height=\"198\" srcset=\"https:\/\/i0.wp.com\/eltrabajo.cl\/portal\/wp-content\/uploads\/2015\/11\/Computadores-Santa-Maria.jpg?resize=300%2C198&amp;ssl=1 300w, https:\/\/i0.wp.com\/eltrabajo.cl\/portal\/wp-content\/uploads\/2015\/11\/Computadores-Santa-Maria.jpg?resize=200%2C132&amp;ssl=1 200w, https:\/\/i0.wp.com\/eltrabajo.cl\/portal\/wp-content\/uploads\/2015\/11\/Computadores-Santa-Maria.jpg?resize=228%2C150&amp;ssl=1 228w, https:\/\/i0.wp.com\/eltrabajo.cl\/portal\/wp-content\/uploads\/2015\/11\/Computadores-Santa-Maria.jpg?resize=400%2C263&amp;ssl=1 400w, https:\/\/i0.wp.com\/eltrabajo.cl\/portal\/wp-content\/uploads\/2015\/11\/Computadores-Santa-Maria.jpg?w=530&amp;ssl=1 530w\" sizes=\"auto, (max-width: 300px) 100vw, 300px\" \/><\/a><figcaption id=\"caption-attachment-63845\" class=\"wp-caption-text\">Junto a autoridades, entregaron computadores a alumnos de 7\u00ba b\u00e1sico de los establecimientos educacionales municipales de Santa Mar\u00eda.<\/figcaption><\/figure>\n<p><strong>SANTA MAR\u00cdA.<\/strong>&#8211; Esta verdadera limitante en el conocimiento, que es la brecha digital que existe en diferentes estratos sociales, sin dudas se est\u00e1 corrigiendo. Esta semana estuvo en la comuna Marcelo G\u00f3ngora Carvajal, Director de Junaeb regional, quien en una ceremonia representativa, hizo entrega de computadores lap top a la totalidad de alumnos de 7\u00ba a\u00f1o de los colegios municipalizados de la comuna. Seg\u00fan sus palabras, la cantidad de unidades este a\u00f1o casi duplica lo entregado el a\u00f1o pasado, \u201cel programa \u2018Me Conecto para Aprender\u2019, tiene un sentido profundo, es la disminuci\u00f3n de la brecha digital entre aquellos sectores que tienen mayor acceso a los recursos y aquellos que tienen menor acceso.\u201d<br \/>\nCabe destacar que adem\u00e1s de estar muy conforme con el programa de gobierno que permite esta iniciativa niveladora, el municipio en si tiene sus propios planes de promover la educaci\u00f3n y la disminuci\u00f3n de la brecha digital, entregando a todos los alumnos de 5\u00ba B\u00e1sico un Tablet. As\u00ed lo destac\u00f3 el alcalde Claudio Zurita Ibarra, \u201ccreo que esta entrega por parte del Gobierno se acerca a lo que hoy en d\u00eda debiera ser la normalidad. Que todo el mundo tenga computador, tenga Internet, est\u00e9 navegando en el mundo y tenga mucho acceso a informaci\u00f3n y acercar la tecnolog\u00eda a los ni\u00f1os. Pero tambi\u00e9n quiero contarte la buena noticia; que con nuestro Concejo Municipal, a trav\u00e9s de las platas del gobierno, acordamos, a partir de este a\u00f1o y en unos d\u00edas m\u00e1s, entregarle un Tablet a cada alumno de la educaci\u00f3n municipalizada que curse 5\u00ba a\u00f1o b\u00e1sico\u201d.<br \/>\nAcceder a los recursos digitales y de internet, ya no puede ser un privilegio, sino un derecho, seg\u00fan se\u00f1al\u00f3 Marcelo G\u00f3ngora: \u201cEntregamos un computador que responde a altos est\u00e1ndares de calidad, tiene internet, viene con software educativo, y adem\u00e1s un software que nos permite hacerle seguimiento al destino y ubicaci\u00f3n del computador en caso de p\u00e9rdida o caso de hurto\u201d.<br \/>\n<strong>Roberto Mercado Aced<\/strong><\/p>\n","protected":false},"excerpt":{"rendered":"<p>SANTA MAR\u00cdA.&#8211; Esta verdadera limitante en el conocimiento, que es la brecha digital que existe en diferentes estratos sociales, sin dudas se est\u00e1 corrigiendo. Esta semana estuvo en la comuna Marcelo G\u00f3ngora&#8230;<\/p>\n","protected":false},"author":482,"featured_media":63845,"comment_status":"open","ping_status":"open","sticky":false,"template":"","format":"standard","meta":{"advanced_seo_description":"","jetpack_seo_html_title":"","jetpack_seo_noindex":false,"_jetpack_memberships_contains_paid_content":false,"footnotes":""},"categories":[15],"tags":[],"class_list":["post-63844","post","type-post","status-publish","format-standard","has-post-thumbnail","hentry","category-comunidad"],"jetpack_featured_media_url":"https:\/\/i0.wp.com\/eltrabajo.cl\/portal\/wp-content\/uploads\/2015\/11\/Computadores-Santa-Maria.jpg?fit=530%2C349&ssl=1","jetpack_sharing_enabled":true,"jetpack_likes_enabled":true,"jetpack-related-posts":[],"_links":{"self":[{"href":"https:\/\/eltrabajo.cl\/portal\/wp-json\/wp\/v2\/posts\/63844","targetHints":{"allow":["GET"]}}],"collection":[{"href":"https:\/\/eltrabajo.cl\/portal\/wp-json\/wp\/v2\/posts"}],"about":[{"href":"https:\/\/eltrabajo.cl\/portal\/wp-json\/wp\/v2\/types\/post"}],"author":[{"embeddable":true,"href":"https:\/\/eltrabajo.cl\/portal\/wp-json\/wp\/v2\/users\/482"}],"replies":[{"embeddable":true,"href":"https:\/\/eltrabajo.cl\/portal\/wp-json\/wp\/v2\/comments?post=63844"}],"version-history":[{"count":0,"href":"https:\/\/eltrabajo.cl\/portal\/wp-json\/wp\/v2\/posts\/63844\/revisions"}],"wp:featuredmedia":[{"embeddable":true,"href":"https:\/\/eltrabajo.cl\/portal\/wp-json\/wp\/v2\/media\/63845"}],"wp:attachment":[{"href":"https:\/\/eltrabajo.cl\/portal\/wp-json\/wp\/v2\/media?parent=63844"}],"wp:term":[{"taxonomy":"category","embeddable":true,"href":"https:\/\/eltrabajo.cl\/portal\/wp-json\/wp\/v2\/categories?post=63844"},{"taxonomy":"post_tag","embeddable":true,"href":"https:\/\/eltrabajo.cl\/portal\/wp-json\/wp\/v2\/tags?post=63844"}],"curies":[{"name":"wp","href":"https:\/\/api.w.org\/{rel}","templated":true}]}}