{"id":63850,"date":"2015-11-13T09:13:49","date_gmt":"2015-11-13T12:13:49","guid":{"rendered":"http:\/\/www.eltrabajo.cl\/portal\/?p=63850"},"modified":"2015-11-13T09:13:49","modified_gmt":"2015-11-13T12:13:49","slug":"rehabilitan-tranque-en-sector-santa-teresa-de-llay-llay","status":"publish","type":"post","link":"https:\/\/eltrabajo.cl\/portal\/rehabilitan-tranque-en-sector-santa-teresa-de-llay-llay\/","title":{"rendered":"Rehabilitan tranque en sector Santa Teresa de Llay LLay"},"content":{"rendered":"<figure id=\"attachment_63851\" aria-describedby=\"caption-attachment-63851\" style=\"width: 300px\" class=\"wp-caption alignleft\"><a href=\"https:\/\/i0.wp.com\/www.eltrabajo.cl\/portal\/wp-content\/uploads\/2015\/11\/Inauguracion-tranque.jpg\"><img data-recalc-dims=\"1\" loading=\"lazy\" decoding=\"async\" class=\"wp-image-63851 size-medium\" src=\"https:\/\/i0.wp.com\/www.eltrabajo.cl\/portal\/wp-content\/uploads\/2015\/11\/Inauguracion-tranque-300x198.jpg?resize=300%2C198\" alt=\"Diversas autoridades participaron de la inauguraci\u00f3n del tranque Morales-Neira, en el sector de Santa Teresa de Llay Llay.\" width=\"300\" height=\"198\" srcset=\"https:\/\/i0.wp.com\/eltrabajo.cl\/portal\/wp-content\/uploads\/2015\/11\/Inauguracion-tranque.jpg?resize=300%2C198&amp;ssl=1 300w, https:\/\/i0.wp.com\/eltrabajo.cl\/portal\/wp-content\/uploads\/2015\/11\/Inauguracion-tranque.jpg?resize=200%2C132&amp;ssl=1 200w, https:\/\/i0.wp.com\/eltrabajo.cl\/portal\/wp-content\/uploads\/2015\/11\/Inauguracion-tranque.jpg?resize=227%2C150&amp;ssl=1 227w, https:\/\/i0.wp.com\/eltrabajo.cl\/portal\/wp-content\/uploads\/2015\/11\/Inauguracion-tranque.jpg?resize=400%2C264&amp;ssl=1 400w, https:\/\/i0.wp.com\/eltrabajo.cl\/portal\/wp-content\/uploads\/2015\/11\/Inauguracion-tranque.jpg?w=530&amp;ssl=1 530w\" sizes=\"auto, (max-width: 300px) 100vw, 300px\" \/><\/a><figcaption id=\"caption-attachment-63851\" class=\"wp-caption-text\">Diversas autoridades participaron de la inauguraci\u00f3n del tranque Morales-Neira, en el sector de Santa Teresa de Llay Llay.<\/figcaption><\/figure>\n<p><strong>LLAY LLAY.<\/strong>&#8211; El proyecto de recuperaci\u00f3n del tranque Morales-Neira, en el sector de Santa Teresa, finalmente se convirti\u00f3 en realidad. El tradicional corte de cinta, dio la bienvenida a una etapa que el representante del proyecto asociativo, Luis Morales, calific\u00f3 \u201ccomo un sue\u00f1o hecho realidad\u201d.<br \/>\nLa actividad reuni\u00f3 al alcalde de Llay Llay, Mario Marillanca; la jefa del \u00e1rea Indap San Felipe, Michelle Metayer; el equipo Prodesal integrado por: el jefe t\u00e9cnico de la l\u00ednea Agr\u00edcola, Raul Vega; el jefe t\u00e9cnico de la l\u00ednea Agr\u00f3noma, Guillermo V\u00e1squez; la t\u00e9cnico agr\u00edcola, Ivonne Jeria; el t\u00e9cnico agr\u00f3nomo, Adri\u00e1n Silva; y los peque\u00f1os agricultores.<br \/>\nDentro de los detalles t\u00e9cnicos, el tranque est\u00e1n la capacidad de acumular 600 metros c\u00fabicos de agua, que va permitir\u00e1 regar de 15 a 20 hect\u00e1reas a seis familias del sector de Santa Teresa, y lo importante \u201ces que era un tranque que estaba pr\u00e1cticamente abandonado y ahora se recuper\u00f3. Dado los problemas de sequ\u00eda, escasez de agua, es important\u00edsimo que los tranques est\u00e9n activos, se logr\u00f3 el objetivo, con una inversi\u00f3n de 15 millones de pesos, para los vecinos de Santa Teresa\u201d, detall\u00f3 el alcalde Mario Marillanca.<br \/>\nPara Guillermo V\u00e1squez el proyecto asociativo, se encuentra dentro del lineamiento del equipo Prodesal. Incorporan nuevas tecnolog\u00edas de riego para los agricultores. \u201cLa idea es que este proyecto favorezca el correcto uso, del recurso h\u00eddrico, incorporando tecnolog\u00eda de tal manera que pueda aumentar la productividad, con la disponibilidad que los usuarios puedan obtener de este importante recurso\u201d, concluy\u00f3 el profesional.<br \/>\n<strong>Marianela Quevedo<\/strong><\/p>\n","protected":false},"excerpt":{"rendered":"<p>LLAY LLAY.&#8211; El proyecto de recuperaci\u00f3n del tranque Morales-Neira, en el sector de Santa Teresa, finalmente se convirti\u00f3 en realidad. El tradicional corte de cinta, dio la bienvenida a una etapa que&#8230;<\/p>\n","protected":false},"author":482,"featured_media":63851,"comment_status":"open","ping_status":"open","sticky":false,"template":"","format":"standard","meta":{"advanced_seo_description":"","jetpack_seo_html_title":"","jetpack_seo_noindex":false,"_jetpack_memberships_contains_paid_content":false,"footnotes":""},"categories":[1],"tags":[],"class_list":["post-63850","post","type-post","status-publish","format-standard","has-post-thumbnail","hentry","category-cronica"],"jetpack_featured_media_url":"https:\/\/i0.wp.com\/eltrabajo.cl\/portal\/wp-content\/uploads\/2015\/11\/Inauguracion-tranque.jpg?fit=530%2C350&ssl=1","jetpack_sharing_enabled":true,"jetpack_likes_enabled":true,"jetpack-related-posts":[],"_links":{"self":[{"href":"https:\/\/eltrabajo.cl\/portal\/wp-json\/wp\/v2\/posts\/63850","targetHints":{"allow":["GET"]}}],"collection":[{"href":"https:\/\/eltrabajo.cl\/portal\/wp-json\/wp\/v2\/posts"}],"about":[{"href":"https:\/\/eltrabajo.cl\/portal\/wp-json\/wp\/v2\/types\/post"}],"author":[{"embeddable":true,"href":"https:\/\/eltrabajo.cl\/portal\/wp-json\/wp\/v2\/users\/482"}],"replies":[{"embeddable":true,"href":"https:\/\/eltrabajo.cl\/portal\/wp-json\/wp\/v2\/comments?post=63850"}],"version-history":[{"count":0,"href":"https:\/\/eltrabajo.cl\/portal\/wp-json\/wp\/v2\/posts\/63850\/revisions"}],"wp:featuredmedia":[{"embeddable":true,"href":"https:\/\/eltrabajo.cl\/portal\/wp-json\/wp\/v2\/media\/63851"}],"wp:attachment":[{"href":"https:\/\/eltrabajo.cl\/portal\/wp-json\/wp\/v2\/media?parent=63850"}],"wp:term":[{"taxonomy":"category","embeddable":true,"href":"https:\/\/eltrabajo.cl\/portal\/wp-json\/wp\/v2\/categories?post=63850"},{"taxonomy":"post_tag","embeddable":true,"href":"https:\/\/eltrabajo.cl\/portal\/wp-json\/wp\/v2\/tags?post=63850"}],"curies":[{"name":"wp","href":"https:\/\/api.w.org\/{rel}","templated":true}]}}