{"id":63853,"date":"2015-11-13T09:15:23","date_gmt":"2015-11-13T12:15:23","guid":{"rendered":"http:\/\/www.eltrabajo.cl\/portal\/?p=63853"},"modified":"2015-11-13T09:15:23","modified_gmt":"2015-11-13T12:15:23","slug":"desarrollan-exitoso-programa-de-eliminacion-de-sifilis-congenita-en-hosla","status":"publish","type":"post","link":"https:\/\/eltrabajo.cl\/portal\/desarrollan-exitoso-programa-de-eliminacion-de-sifilis-congenita-en-hosla\/","title":{"rendered":"Desarrollan exitoso programa de eliminaci\u00f3n de S\u00edfilis Cong\u00e9nita en Hosla"},"content":{"rendered":"<figure id=\"attachment_63854\" aria-describedby=\"caption-attachment-63854\" style=\"width: 300px\" class=\"wp-caption alignleft\"><a href=\"https:\/\/i0.wp.com\/www.eltrabajo.cl\/portal\/wp-content\/uploads\/2015\/11\/Programa-eliminacion-sifilis.jpg\"><img data-recalc-dims=\"1\" loading=\"lazy\" decoding=\"async\" class=\"wp-image-63854 size-medium\" src=\"https:\/\/i0.wp.com\/www.eltrabajo.cl\/portal\/wp-content\/uploads\/2015\/11\/Programa-eliminacion-sifilis-300x197.jpg?resize=300%2C197\" alt=\"De izquierda a derecha: el tecn\u00f3logo m\u00e9dico An\u00edbal Saavedra, la matrona Maricel Herrera y la tecn\u00f3logo m\u00e9dico Paola Araya.  \" width=\"300\" height=\"197\" srcset=\"https:\/\/i0.wp.com\/eltrabajo.cl\/portal\/wp-content\/uploads\/2015\/11\/Programa-eliminacion-sifilis.jpg?resize=300%2C197&amp;ssl=1 300w, https:\/\/i0.wp.com\/eltrabajo.cl\/portal\/wp-content\/uploads\/2015\/11\/Programa-eliminacion-sifilis.jpg?resize=200%2C131&amp;ssl=1 200w, https:\/\/i0.wp.com\/eltrabajo.cl\/portal\/wp-content\/uploads\/2015\/11\/Programa-eliminacion-sifilis.jpg?resize=228%2C150&amp;ssl=1 228w, https:\/\/i0.wp.com\/eltrabajo.cl\/portal\/wp-content\/uploads\/2015\/11\/Programa-eliminacion-sifilis.jpg?resize=400%2C263&amp;ssl=1 400w, https:\/\/i0.wp.com\/eltrabajo.cl\/portal\/wp-content\/uploads\/2015\/11\/Programa-eliminacion-sifilis.jpg?w=530&amp;ssl=1 530w\" sizes=\"auto, (max-width: 300px) 100vw, 300px\" \/><\/a><figcaption id=\"caption-attachment-63854\" class=\"wp-caption-text\">De izquierda a derecha: el tecn\u00f3logo m\u00e9dico An\u00edbal Saavedra, la matrona Maricel Herrera y la tecn\u00f3logo m\u00e9dico Paola Araya.<\/figcaption><\/figure>\n<ul>\n<li><strong>Durante este a\u00f1o no se han presentado casos de reci\u00e9n nacidos portadores de la enfermedad.<\/strong><\/li>\n<\/ul>\n<p>Un destacado indicador ha presentado el programa desarrollado por el Hospital San Juan de Dios de Los Andes, en conjunto con los establecimientos de atenci\u00f3n primaria de la red del Servicio de Salud Aconcagua, para eliminar la transmisi\u00f3n de la s\u00edfilis cong\u00e9nita. Durante el presente a\u00f1o, ning\u00fan reci\u00e9n nacido del Valle del Aconcagua ha sido diagnosticado con esta enfermedad.<br \/>\nEl Director del Hospital San Juan de Dios de Los Andes, Jimmy Walker, indic\u00f3 que con el objetivo de contribuir a eliminar la transmisi\u00f3n de la s\u00edfilis de la madre al feto, los profesionales a cargo del programa coordinan y vigilan cada etapa del proceso de diagn\u00f3stico y tratamiento de las personas sospechosas o diagnosticadas con la enfermedad. De este modo, precis\u00f3 Walker, desde el a\u00f1o 2014 se implement\u00f3 una nueva t\u00e9cnica de detecci\u00f3n y este 2015 se incorpor\u00f3 una nueva metodolog\u00eda para la confirmaci\u00f3n de la enfermedad. Con ello se garantiza el acceso a diagn\u00f3stico y tratamiento al 100% de estos pacientes.<br \/>\nEn tanto, la Jefa de Laboratorio Cl\u00ednico del Hospital, Paola Araya, indic\u00f3 que esta estrategia para abordar la eliminaci\u00f3n de la transmisi\u00f3n de la s\u00edfilis de la madre al feto ha sido abordada con el absoluto compromiso de esa Unidad. \u00abCapacitamos a los equipos de los centros de salud familiar en la aplicaci\u00f3n de un diagn\u00f3stico m\u00e1s certero, en base a elementos t\u00e9cnicos del examen, historia cl\u00ednica y sintomatolog\u00eda. En estas capacitaciones participaron m\u00e9dicos generales y especialistas, matronas y enfermeras de la atenci\u00f3n primaria\u00bb, se\u00f1al\u00f3 la profesional. Agreg\u00f3 que para realizar estas capacitaciones, el equipo del Laboratorio Cl\u00ednico del Hospital fue formado por el Instituto de Salud P\u00fablica y por el Ministerio de Salud.<br \/>\nPor su parte, el Tecn\u00f3logo M\u00e9dico An\u00edbal Saavedra, explic\u00f3 que el programa comienza a funcionar cuando los profesionales de los Cesfam pesquisan un caso sospechoso. \u00abEntonces derivan a los pacientes al Hospital Los Andes, para confirmar la presencia de la enfermedad. En el Hospital, y en coordinaci\u00f3n con los m\u00e9dicos dermat\u00f3logos y la matrona Maricel Herrera, se confirma o descarta el diagn\u00f3stico a trav\u00e9s de la historia cl\u00ednica y ex\u00e1menes de laboratorio. La matrona es quien lleva el control de todos los pacientes sospechosos y confirmados de s\u00edfilis, garantizando el acceso y la oportunidad a su tratamiento\u00bb.<br \/>\nCabe se\u00f1alar que la s\u00edfilis es una enfermedad de transmisi\u00f3n sexual y el Ministerio de Salud se ha propuesto disminuir la transmisi\u00f3n de \u00e9sta a trav\u00e9s de estrategias efectivas de promoci\u00f3n y prevenci\u00f3n. As\u00ed tambi\u00e9n, tiene el objetivo de disminuir la mortalidad por enfermedades de transmisi\u00f3n sexual facilitando el acceso oportuno a diagn\u00f3stico, control y tratamiento de la poblaci\u00f3n.<\/p>\n","protected":false},"excerpt":{"rendered":"<p>Durante este a\u00f1o no se han presentado casos de reci\u00e9n nacidos portadores de la enfermedad. Un destacado indicador ha presentado el programa desarrollado por el Hospital San Juan de Dios de Los&#8230;<\/p>\n","protected":false},"author":482,"featured_media":63854,"comment_status":"open","ping_status":"open","sticky":false,"template":"","format":"standard","meta":{"advanced_seo_description":"","jetpack_seo_html_title":"","jetpack_seo_noindex":false,"_jetpack_memberships_contains_paid_content":false,"footnotes":""},"categories":[1],"tags":[],"class_list":["post-63853","post","type-post","status-publish","format-standard","has-post-thumbnail","hentry","category-cronica"],"jetpack_featured_media_url":"https:\/\/i0.wp.com\/eltrabajo.cl\/portal\/wp-content\/uploads\/2015\/11\/Programa-eliminacion-sifilis.jpg?fit=530%2C348&ssl=1","jetpack_sharing_enabled":true,"jetpack_likes_enabled":true,"jetpack-related-posts":[],"_links":{"self":[{"href":"https:\/\/eltrabajo.cl\/portal\/wp-json\/wp\/v2\/posts\/63853","targetHints":{"allow":["GET"]}}],"collection":[{"href":"https:\/\/eltrabajo.cl\/portal\/wp-json\/wp\/v2\/posts"}],"about":[{"href":"https:\/\/eltrabajo.cl\/portal\/wp-json\/wp\/v2\/types\/post"}],"author":[{"embeddable":true,"href":"https:\/\/eltrabajo.cl\/portal\/wp-json\/wp\/v2\/users\/482"}],"replies":[{"embeddable":true,"href":"https:\/\/eltrabajo.cl\/portal\/wp-json\/wp\/v2\/comments?post=63853"}],"version-history":[{"count":0,"href":"https:\/\/eltrabajo.cl\/portal\/wp-json\/wp\/v2\/posts\/63853\/revisions"}],"wp:featuredmedia":[{"embeddable":true,"href":"https:\/\/eltrabajo.cl\/portal\/wp-json\/wp\/v2\/media\/63854"}],"wp:attachment":[{"href":"https:\/\/eltrabajo.cl\/portal\/wp-json\/wp\/v2\/media?parent=63853"}],"wp:term":[{"taxonomy":"category","embeddable":true,"href":"https:\/\/eltrabajo.cl\/portal\/wp-json\/wp\/v2\/categories?post=63853"},{"taxonomy":"post_tag","embeddable":true,"href":"https:\/\/eltrabajo.cl\/portal\/wp-json\/wp\/v2\/tags?post=63853"}],"curies":[{"name":"wp","href":"https:\/\/api.w.org\/{rel}","templated":true}]}}