{"id":63859,"date":"2015-11-13T09:18:42","date_gmt":"2015-11-13T12:18:42","guid":{"rendered":"http:\/\/www.eltrabajo.cl\/portal\/?p=63859"},"modified":"2015-11-13T09:18:42","modified_gmt":"2015-11-13T12:18:42","slug":"iglesia-de-curimon-se-encuentra-muy-cercana-a-ser-restaurada","status":"publish","type":"post","link":"https:\/\/eltrabajo.cl\/portal\/iglesia-de-curimon-se-encuentra-muy-cercana-a-ser-restaurada\/","title":{"rendered":"Iglesia de Curim\u00f3n se encuentra muy cercana a ser restaurada"},"content":{"rendered":"<figure id=\"attachment_63860\" aria-describedby=\"caption-attachment-63860\" style=\"width: 300px\" class=\"wp-caption alignleft\"><a href=\"https:\/\/i0.wp.com\/www.eltrabajo.cl\/portal\/wp-content\/uploads\/2015\/11\/Claudio-Paredes-Director-de-la-Secretaria-comunal-de-Planificacion.jpg\"><img data-recalc-dims=\"1\" loading=\"lazy\" decoding=\"async\" class=\"wp-image-63860 size-medium\" src=\"https:\/\/i0.wp.com\/www.eltrabajo.cl\/portal\/wp-content\/uploads\/2015\/11\/Claudio-Paredes-Director-de-la-Secretaria-comunal-de-Planificacion-300x197.jpg?resize=300%2C197\" alt=\"Claudio Paredes, director Secretar\u00eda Comunal de Planificaci\u00f3n.\" width=\"300\" height=\"197\" srcset=\"https:\/\/i0.wp.com\/eltrabajo.cl\/portal\/wp-content\/uploads\/2015\/11\/Claudio-Paredes-Director-de-la-Secretaria-comunal-de-Planificacion.jpg?resize=300%2C197&amp;ssl=1 300w, https:\/\/i0.wp.com\/eltrabajo.cl\/portal\/wp-content\/uploads\/2015\/11\/Claudio-Paredes-Director-de-la-Secretaria-comunal-de-Planificacion.jpg?resize=200%2C131&amp;ssl=1 200w, https:\/\/i0.wp.com\/eltrabajo.cl\/portal\/wp-content\/uploads\/2015\/11\/Claudio-Paredes-Director-de-la-Secretaria-comunal-de-Planificacion.jpg?resize=228%2C150&amp;ssl=1 228w, https:\/\/i0.wp.com\/eltrabajo.cl\/portal\/wp-content\/uploads\/2015\/11\/Claudio-Paredes-Director-de-la-Secretaria-comunal-de-Planificacion.jpg?resize=400%2C263&amp;ssl=1 400w, https:\/\/i0.wp.com\/eltrabajo.cl\/portal\/wp-content\/uploads\/2015\/11\/Claudio-Paredes-Director-de-la-Secretaria-comunal-de-Planificacion.jpg?w=530&amp;ssl=1 530w\" sizes=\"auto, (max-width: 300px) 100vw, 300px\" \/><\/a><figcaption id=\"caption-attachment-63860\" class=\"wp-caption-text\">Claudio Paredes, director Secretar\u00eda Comunal de Planificaci\u00f3n.<\/figcaption><\/figure>\n<ul>\n<li><strong>Direcci\u00f3n de Obras Municipales ya despach\u00f3 el proyecto aprobado a la Direcci\u00f3n de Arquitectura del MOP y se espera que \u00e9ste confirme la fecha de licitaci\u00f3n de las obras y el marco presupuestario.<\/strong><\/li>\n<\/ul>\n<p>En el marco de un proyecto presentado por el Ministerio de Obras P\u00fablicas, MOP, que aporta financiamiento para la recuperaci\u00f3n y puesta en valor del Patrimonio de la Comuna de San Felipe, la Direcci\u00f3n de Obras Municipales aprob\u00f3 un millonario proyecto, que tiene como objetivo, restaurar el Templo de Curim\u00f3n.<br \/>\nEl Director de la Secretar\u00eda comunal de Planificaci\u00f3n, Secpla, de la Municipalidad de San Felipe, Claudio Paredes, describi\u00f3 cu\u00e1l es el alcance real y el plazo que debe cumplirse para que este proyecto se transforme en realidad, indicando que \u201cEl mandante de este proyecto es la Direcci\u00f3n de Arquitectura del MOP, \u00e9ste ya se encuentra aprobado por la direcci\u00f3n de obras municipales, despu\u00e9s de un proceso de trabajo con la consultora, se le hizo observaciones, como requiere un proyecto de esta envergadura y de esta importancia y fue informado esta semana al Departamento de Arquitectura del MOP\u201d, se\u00f1al\u00f3.<br \/>\nRespecto de los plazos que deben cumplirse Paredes enfatiz\u00f3 que \u201clo que corresponde ahora es el pago de derechos municipales a la comuna para la entrega del archivo y la licitaci\u00f3n que haga el MOP para la realizaci\u00f3n de las obras\u201d, agregando que \u201ctal como lo dije, el mandante es el MOP y a ellos les corresponde informar las caracter\u00edsticas del proyecto y la fecha de ejecuci\u00f3n de las obras porque los procesos administrativos generalmente en la administraci\u00f3n p\u00fablica corresponden a los procesos de licitaci\u00f3n que son propios de los ministerios, que son los recurrentes del financiamiento, lo que nosotros esperamos como municipio es que sea lo antes posible y que podamos ver obras iniciadas en la iglesia\u201d.<br \/>\nEn referencia a la importancia que tiene para el municipio sanfelipe\u00f1o restaurar y velar por la preservaci\u00f3n del Patrimonio cultural de la comuna, el funcionario se\u00f1al\u00f3 que \u201cpara la administraci\u00f3n del alcalde Freire ha sido un punto muy importante, por ejemplo, otro proyecto que est\u00e1 en ejecuci\u00f3n, como la Iglesia del Buen Pastor, en alg\u00fan momento se han presentado proyectos tambi\u00e9n para el mejoramiento de la Iglesia Catedral y \u00e9ste particularmente de Curim\u00f3n, que es la m\u00e1s antigua y que es la parte fundacional de San Felipe, nos reviste mucha importancia que se pueda mantener y poner el valor en funci\u00f3n de este gran proyecto que tiene la administraci\u00f3n del alcalde Freire, que es la inversi\u00f3n en el sector de Curim\u00f3n y San Rafael\u201d, puntualizo Paredes.<\/p>\n","protected":false},"excerpt":{"rendered":"<p>Direcci\u00f3n de Obras Municipales ya despach\u00f3 el proyecto aprobado a la Direcci\u00f3n de Arquitectura del MOP y se espera que \u00e9ste confirme la fecha de licitaci\u00f3n de las obras y el marco&#8230;<\/p>\n","protected":false},"author":482,"featured_media":63860,"comment_status":"open","ping_status":"open","sticky":false,"template":"","format":"standard","meta":{"advanced_seo_description":"","jetpack_seo_html_title":"","jetpack_seo_noindex":false,"_jetpack_memberships_contains_paid_content":false,"footnotes":""},"categories":[15],"tags":[],"class_list":["post-63859","post","type-post","status-publish","format-standard","has-post-thumbnail","hentry","category-comunidad"],"jetpack_featured_media_url":"https:\/\/i0.wp.com\/eltrabajo.cl\/portal\/wp-content\/uploads\/2015\/11\/Claudio-Paredes-Director-de-la-Secretaria-comunal-de-Planificacion.jpg?fit=530%2C348&ssl=1","jetpack_sharing_enabled":true,"jetpack_likes_enabled":true,"jetpack-related-posts":[],"_links":{"self":[{"href":"https:\/\/eltrabajo.cl\/portal\/wp-json\/wp\/v2\/posts\/63859","targetHints":{"allow":["GET"]}}],"collection":[{"href":"https:\/\/eltrabajo.cl\/portal\/wp-json\/wp\/v2\/posts"}],"about":[{"href":"https:\/\/eltrabajo.cl\/portal\/wp-json\/wp\/v2\/types\/post"}],"author":[{"embeddable":true,"href":"https:\/\/eltrabajo.cl\/portal\/wp-json\/wp\/v2\/users\/482"}],"replies":[{"embeddable":true,"href":"https:\/\/eltrabajo.cl\/portal\/wp-json\/wp\/v2\/comments?post=63859"}],"version-history":[{"count":0,"href":"https:\/\/eltrabajo.cl\/portal\/wp-json\/wp\/v2\/posts\/63859\/revisions"}],"wp:featuredmedia":[{"embeddable":true,"href":"https:\/\/eltrabajo.cl\/portal\/wp-json\/wp\/v2\/media\/63860"}],"wp:attachment":[{"href":"https:\/\/eltrabajo.cl\/portal\/wp-json\/wp\/v2\/media?parent=63859"}],"wp:term":[{"taxonomy":"category","embeddable":true,"href":"https:\/\/eltrabajo.cl\/portal\/wp-json\/wp\/v2\/categories?post=63859"},{"taxonomy":"post_tag","embeddable":true,"href":"https:\/\/eltrabajo.cl\/portal\/wp-json\/wp\/v2\/tags?post=63859"}],"curies":[{"name":"wp","href":"https:\/\/api.w.org\/{rel}","templated":true}]}}