{"id":63862,"date":"2015-11-13T09:20:33","date_gmt":"2015-11-13T12:20:33","guid":{"rendered":"http:\/\/www.eltrabajo.cl\/portal\/?p=63862"},"modified":"2015-11-13T09:20:33","modified_gmt":"2015-11-13T12:20:33","slug":"seremi-de-salud-visito-san-felipe-para-potenciar-el-proceso-de-vacunacion-contra-el-sarampion","status":"publish","type":"post","link":"https:\/\/eltrabajo.cl\/portal\/seremi-de-salud-visito-san-felipe-para-potenciar-el-proceso-de-vacunacion-contra-el-sarampion\/","title":{"rendered":"Seremi de Salud visit\u00f3 San Felipe para potenciar el proceso de vacunaci\u00f3n contra el Sarampi\u00f3n"},"content":{"rendered":"<figure id=\"attachment_63863\" aria-describedby=\"caption-attachment-63863\" style=\"width: 300px\" class=\"wp-caption alignleft\"><a href=\"https:\/\/i0.wp.com\/www.eltrabajo.cl\/portal\/wp-content\/uploads\/2015\/11\/Campana-vacunacion-Sarampion.jpg\"><img data-recalc-dims=\"1\" loading=\"lazy\" decoding=\"async\" class=\"wp-image-63863 size-medium\" src=\"https:\/\/i0.wp.com\/www.eltrabajo.cl\/portal\/wp-content\/uploads\/2015\/11\/Campana-vacunacion-Sarampion-300x198.jpg?resize=300%2C198\" alt=\"Mar\u00eda Graciela Astudillo junto al equipo de campa\u00f1a de vacunaci\u00f3n contra el Sarampi\u00f3n \" width=\"300\" height=\"198\" srcset=\"https:\/\/i0.wp.com\/eltrabajo.cl\/portal\/wp-content\/uploads\/2015\/11\/Campana-vacunacion-Sarampion.jpg?resize=300%2C198&amp;ssl=1 300w, https:\/\/i0.wp.com\/eltrabajo.cl\/portal\/wp-content\/uploads\/2015\/11\/Campana-vacunacion-Sarampion.jpg?resize=200%2C132&amp;ssl=1 200w, https:\/\/i0.wp.com\/eltrabajo.cl\/portal\/wp-content\/uploads\/2015\/11\/Campana-vacunacion-Sarampion.jpg?resize=228%2C150&amp;ssl=1 228w, https:\/\/i0.wp.com\/eltrabajo.cl\/portal\/wp-content\/uploads\/2015\/11\/Campana-vacunacion-Sarampion.jpg?resize=400%2C263&amp;ssl=1 400w, https:\/\/i0.wp.com\/eltrabajo.cl\/portal\/wp-content\/uploads\/2015\/11\/Campana-vacunacion-Sarampion.jpg?w=530&amp;ssl=1 530w\" sizes=\"auto, (max-width: 300px) 100vw, 300px\" \/><\/a><figcaption id=\"caption-attachment-63863\" class=\"wp-caption-text\">Mar\u00eda Graciela Astudillo junto al equipo de campa\u00f1a de vacunaci\u00f3n contra el Sarampi\u00f3n<\/figcaption><\/figure>\n<ul>\n<li><strong>La autoridad tuvo palabras tambi\u00e9n para otra patolog\u00eda riesgosa como lo es la Meningitis.<\/strong><\/li>\n<\/ul>\n<p>Con el fin de potenciar la campa\u00f1a de vacunaci\u00f3n contra el Sarampi\u00f3n que se encuentra en pleno desarrollo en el Valle de Aconcagua, la Seremi de Salud de Valpara\u00edso Mar\u00eda Graciela Astudillo, visit\u00f3 San Felipe este jueves e hizo un llamado a las familias, para que lleven a sus ni\u00f1os(as) a vacunarse contra esta patolog\u00eda.<br \/>\nEn la oportunidad, Astudillo indic\u00f3 que \u201cnosotros en la regi\u00f3n tenemos que vacunar 119 mil ni\u00f1os y ni\u00f1as, llevamos un 53, 8 % de cobertura total, lo que es un poco m\u00e1s bajo que el nivel nacional que es un 57 %\u201d, asegur\u00f3.<br \/>\nAl mismo tiempo enfatiz\u00f3 en la urgencia de acudir a los Centros de Salud que le corresponda a cada familia, especial mente de aqu\u00e9llos ni\u00f1os y ni\u00f1as de 1 a 5 a\u00f1os que \u201cno asisten al colegio ni al jard\u00edn infantil o que cuando fueron a vacunar a su centro educacional no pudieron ser vacunados contra el Sarampi\u00f3n, Rubiola y Paperas. Aunque es importante se\u00f1alar que nosotros eliminamos el Sarampi\u00f3n del pa\u00eds hace 20 a\u00f1os, eso lo logramos con la vacunaci\u00f3n como \u00fanico medio de prevenci\u00f3n de esta enfermedad\u201d.<br \/>\nAsimismo advirti\u00f3 que \u201cel Sarampi\u00f3n es una enfermedad altamente contagiosa que presenta s\u00edntomas como fiebre, cuadros respiratorios, las manchitas en la piel y lo m\u00e1s preocupante es que disminuye de manera importante el sistema inmunol\u00f3gico y eso asociado a otras enfermedades puede causar la muerte\u201d, dijo.<br \/>\nLa Seremi agreg\u00f3 que \u201cel plan nacional de inmunizaci\u00f3n contempla la vacunaci\u00f3n al a\u00f1o y en primero b\u00e1sico a los 6 a\u00f1os, sin embargo, esta puesta al d\u00eda, es porque uno de cada 10 ni\u00f1os no quedan inmunizado contra la enfermedad, por motivos biol\u00f3gicos\u201d, finaliz\u00f3<br \/>\nAprovechando la oportunidad, Astudillo se refiri\u00f3 al caso de Meningitis bacteriana detectado en una menor de 2 a\u00f1os hace unos d\u00edas en San Felipe y adem\u00e1s de hacer menci\u00f3n a cuidados b\u00e1sicos que deben tener las familias, puso \u00e9nfasis en la forma de contagio se\u00f1alando que \u201cla meningitis bacteriana se transmite de forma directa de persona a persona, pero con un tiempo de exposici\u00f3n de m\u00e1s o menos 5 horas con la persona sospechosa, \u00f3sea tampoco es una enfermedad infecto contagiosa que se transmita en un estornudo\u201d.<br \/>\nEn referencia a las medidas preventivas la Seremi agreg\u00f3 que \u201csi bien la meningitis viral tiene mucho mejor diagn\u00f3stico, hay que tener claro que se transmite por contacto fecal con los humanos y tiene mucho mejor evoluci\u00f3n, pero para ambos casos (bacteriana y viral), las indicaciones son el lavado de manos, ense\u00f1arle a los ni\u00f1os a lavarse con agua y jab\u00f3n, lo mismo despu\u00e9s de cambiar pa\u00f1ales, no compartir chupetes, mamaderas o alimentos, ventilar las casa todos los d\u00edas al menos 20 minutos, evitar los sitios con aglomeraci\u00f3n de personas, especialmente en los lactantes y adultos mayores que est\u00e1n enfermos y limpiar los ba\u00f1os constantemente\u201d, indic\u00f3.<\/p>\n","protected":false},"excerpt":{"rendered":"<p>La autoridad tuvo palabras tambi\u00e9n para otra patolog\u00eda riesgosa como lo es la Meningitis. Con el fin de potenciar la campa\u00f1a de vacunaci\u00f3n contra el Sarampi\u00f3n que se encuentra en pleno desarrollo&#8230;<\/p>\n","protected":false},"author":482,"featured_media":63863,"comment_status":"open","ping_status":"open","sticky":false,"template":"","format":"standard","meta":{"advanced_seo_description":"","jetpack_seo_html_title":"","jetpack_seo_noindex":false,"_jetpack_memberships_contains_paid_content":false,"footnotes":""},"categories":[15],"tags":[],"class_list":["post-63862","post","type-post","status-publish","format-standard","has-post-thumbnail","hentry","category-comunidad"],"jetpack_featured_media_url":"https:\/\/i0.wp.com\/eltrabajo.cl\/portal\/wp-content\/uploads\/2015\/11\/Campana-vacunacion-Sarampion.jpg?fit=530%2C349&ssl=1","jetpack_sharing_enabled":true,"jetpack_likes_enabled":true,"jetpack-related-posts":[],"_links":{"self":[{"href":"https:\/\/eltrabajo.cl\/portal\/wp-json\/wp\/v2\/posts\/63862","targetHints":{"allow":["GET"]}}],"collection":[{"href":"https:\/\/eltrabajo.cl\/portal\/wp-json\/wp\/v2\/posts"}],"about":[{"href":"https:\/\/eltrabajo.cl\/portal\/wp-json\/wp\/v2\/types\/post"}],"author":[{"embeddable":true,"href":"https:\/\/eltrabajo.cl\/portal\/wp-json\/wp\/v2\/users\/482"}],"replies":[{"embeddable":true,"href":"https:\/\/eltrabajo.cl\/portal\/wp-json\/wp\/v2\/comments?post=63862"}],"version-history":[{"count":0,"href":"https:\/\/eltrabajo.cl\/portal\/wp-json\/wp\/v2\/posts\/63862\/revisions"}],"wp:featuredmedia":[{"embeddable":true,"href":"https:\/\/eltrabajo.cl\/portal\/wp-json\/wp\/v2\/media\/63863"}],"wp:attachment":[{"href":"https:\/\/eltrabajo.cl\/portal\/wp-json\/wp\/v2\/media?parent=63862"}],"wp:term":[{"taxonomy":"category","embeddable":true,"href":"https:\/\/eltrabajo.cl\/portal\/wp-json\/wp\/v2\/categories?post=63862"},{"taxonomy":"post_tag","embeddable":true,"href":"https:\/\/eltrabajo.cl\/portal\/wp-json\/wp\/v2\/tags?post=63862"}],"curies":[{"name":"wp","href":"https:\/\/api.w.org\/{rel}","templated":true}]}}