{"id":63865,"date":"2015-11-13T09:23:27","date_gmt":"2015-11-13T12:23:27","guid":{"rendered":"http:\/\/www.eltrabajo.cl\/portal\/?p=63865"},"modified":"2015-11-13T09:23:27","modified_gmt":"2015-11-13T12:23:27","slug":"autoridades-dan-a-conocer-proyecto-que-dotara-senal-radial-de-emergencia-a-provincia-de-san-felipe","status":"publish","type":"post","link":"https:\/\/eltrabajo.cl\/portal\/autoridades-dan-a-conocer-proyecto-que-dotara-senal-radial-de-emergencia-a-provincia-de-san-felipe\/","title":{"rendered":"Autoridades dan a conocer proyecto que dotar\u00e1 se\u00f1al radial de emergencia a provincia de San Felipe"},"content":{"rendered":"<figure id=\"attachment_63866\" aria-describedby=\"caption-attachment-63866\" style=\"width: 300px\" class=\"wp-caption alignleft\"><a href=\"https:\/\/i0.wp.com\/www.eltrabajo.cl\/portal\/wp-content\/uploads\/2015\/11\/Proyecto-red-Emergencia.jpg\"><img data-recalc-dims=\"1\" loading=\"lazy\" decoding=\"async\" class=\"wp-image-63866 size-medium\" src=\"https:\/\/i0.wp.com\/www.eltrabajo.cl\/portal\/wp-content\/uploads\/2015\/11\/Proyecto-red-Emergencia-300x198.jpg?resize=300%2C198\" alt=\"En el anuncio de este proyecto particip\u00f3 el Seremi de Miner\u00eda, Alonso Retamales, y el gobernador de San Felipe, Eduardo Le\u00f3n.\" width=\"300\" height=\"198\" srcset=\"https:\/\/i0.wp.com\/eltrabajo.cl\/portal\/wp-content\/uploads\/2015\/11\/Proyecto-red-Emergencia.jpg?resize=300%2C198&amp;ssl=1 300w, https:\/\/i0.wp.com\/eltrabajo.cl\/portal\/wp-content\/uploads\/2015\/11\/Proyecto-red-Emergencia.jpg?resize=200%2C132&amp;ssl=1 200w, https:\/\/i0.wp.com\/eltrabajo.cl\/portal\/wp-content\/uploads\/2015\/11\/Proyecto-red-Emergencia.jpg?resize=228%2C150&amp;ssl=1 228w, https:\/\/i0.wp.com\/eltrabajo.cl\/portal\/wp-content\/uploads\/2015\/11\/Proyecto-red-Emergencia.jpg?resize=400%2C263&amp;ssl=1 400w, https:\/\/i0.wp.com\/eltrabajo.cl\/portal\/wp-content\/uploads\/2015\/11\/Proyecto-red-Emergencia.jpg?w=530&amp;ssl=1 530w\" sizes=\"auto, (max-width: 300px) 100vw, 300px\" \/><\/a><figcaption id=\"caption-attachment-63866\" class=\"wp-caption-text\">En el anuncio de este proyecto particip\u00f3 el Seremi de Miner\u00eda, Alonso Retamales, y el gobernador de San Felipe, Eduardo Le\u00f3n.<\/figcaption><\/figure>\n<ul>\n<li><strong>El proyecto fue financiado por el Gobierno Regional, por un monto cercano a los $1.000 millones y beneficiar\u00e1 a 6 comunas de ambas provincias, el que se materializar\u00e1 en las pr\u00f3ximas semanas.<\/strong><\/li>\n<\/ul>\n<p>Un importante proyecto fue anunciado por el seremi de Miner\u00eda, Alonso Retamales, y el gobernador Eduardo Le\u00f3n, se trata de una red de emergencia para la peque\u00f1a miner\u00eda, que permitir\u00e1 iluminar con se\u00f1al de radio varios sectores de la regi\u00f3n, que fue consensuada con las asociaciones mineras de la Regi\u00f3n de Valpara\u00edso y que se materializar\u00eda en un par de semanas.<br \/>\nPara el Seremi de Miner\u00eda, esto viene a dar respuesta a una exigencia de la comunidad, que repercuti\u00f3 tras el lamentable fallecimiento de una peque\u00f1a en la ruta E-41. \u201cEsta zona est\u00e1 oscura en se\u00f1al de radio, por lo que estamos muy contento de que esto se materialice. Este proyecto viene a suplir una necesidad de la comunidad que, si bien no se cumplir\u00e1 el 100% de salvaguardar el tema de comunicaciones en la zona, si cumplir\u00e1 un rol importante en cuanto a la coordinaci\u00f3n ante accidentes\u201d, se\u00f1al\u00f3.<br \/>\nEsta interesante iniciativa fue financiada por un FNDR del Gobierno Regional, a trav\u00e9s de un programa de Peque\u00f1a Miner\u00eda, por cerca de $1.000 millones y que beneficiar\u00e1 a las comunas de Catemu, Panquehue, Putaendo, San Felipe, Petorca, Cabildo y La Ligua, que son las zonas que hoy mantienen problemas de conectividad.<br \/>\nEn tanto, el gobernador Eduardo Le\u00f3n, se mostr\u00f3 conforme con este proyecto \u201cestamos solicitando a la Asociaciones y al Seremi que adapten esa red para dar cobertura a radios de emergencias. De hecho, en la visita del Subsecretario Pedro Huichalaf, lo conversamos y nos manifest\u00f3 que es posible corregir esta situaci\u00f3n. As\u00ed que, por lo menos, lo que es la red de emergencia, se podr\u00e1 resolver antes de que termine el a\u00f1o\u201d, finaliz\u00f3 la autoridad Provincial.<\/p>\n","protected":false},"excerpt":{"rendered":"<p>El proyecto fue financiado por el Gobierno Regional, por un monto cercano a los $1.000 millones y beneficiar\u00e1 a 6 comunas de ambas provincias, el que se materializar\u00e1 en las pr\u00f3ximas semanas&#8230;.<\/p>\n","protected":false},"author":482,"featured_media":63866,"comment_status":"open","ping_status":"open","sticky":false,"template":"","format":"standard","meta":{"advanced_seo_description":"","jetpack_seo_html_title":"","jetpack_seo_noindex":false,"_jetpack_memberships_contains_paid_content":false,"footnotes":""},"categories":[1],"tags":[],"class_list":["post-63865","post","type-post","status-publish","format-standard","has-post-thumbnail","hentry","category-cronica"],"jetpack_featured_media_url":"https:\/\/i0.wp.com\/eltrabajo.cl\/portal\/wp-content\/uploads\/2015\/11\/Proyecto-red-Emergencia.jpg?fit=530%2C349&ssl=1","jetpack_sharing_enabled":true,"jetpack_likes_enabled":true,"jetpack-related-posts":[],"_links":{"self":[{"href":"https:\/\/eltrabajo.cl\/portal\/wp-json\/wp\/v2\/posts\/63865","targetHints":{"allow":["GET"]}}],"collection":[{"href":"https:\/\/eltrabajo.cl\/portal\/wp-json\/wp\/v2\/posts"}],"about":[{"href":"https:\/\/eltrabajo.cl\/portal\/wp-json\/wp\/v2\/types\/post"}],"author":[{"embeddable":true,"href":"https:\/\/eltrabajo.cl\/portal\/wp-json\/wp\/v2\/users\/482"}],"replies":[{"embeddable":true,"href":"https:\/\/eltrabajo.cl\/portal\/wp-json\/wp\/v2\/comments?post=63865"}],"version-history":[{"count":0,"href":"https:\/\/eltrabajo.cl\/portal\/wp-json\/wp\/v2\/posts\/63865\/revisions"}],"wp:featuredmedia":[{"embeddable":true,"href":"https:\/\/eltrabajo.cl\/portal\/wp-json\/wp\/v2\/media\/63866"}],"wp:attachment":[{"href":"https:\/\/eltrabajo.cl\/portal\/wp-json\/wp\/v2\/media?parent=63865"}],"wp:term":[{"taxonomy":"category","embeddable":true,"href":"https:\/\/eltrabajo.cl\/portal\/wp-json\/wp\/v2\/categories?post=63865"},{"taxonomy":"post_tag","embeddable":true,"href":"https:\/\/eltrabajo.cl\/portal\/wp-json\/wp\/v2\/tags?post=63865"}],"curies":[{"name":"wp","href":"https:\/\/api.w.org\/{rel}","templated":true}]}}