{"id":63868,"date":"2015-11-13T09:27:13","date_gmt":"2015-11-13T12:27:13","guid":{"rendered":"http:\/\/www.eltrabajo.cl\/portal\/?p=63868"},"modified":"2015-11-13T09:27:13","modified_gmt":"2015-11-13T12:27:13","slug":"fatal-volcamiento-vehicular-termino-con-un-conductor-muerto","status":"publish","type":"post","link":"https:\/\/eltrabajo.cl\/portal\/fatal-volcamiento-vehicular-termino-con-un-conductor-muerto\/","title":{"rendered":"Fatal volcamiento vehicular termin\u00f3 con un conductor muerto"},"content":{"rendered":"<figure id=\"attachment_63869\" aria-describedby=\"caption-attachment-63869\" style=\"width: 300px\" class=\"wp-caption alignleft\"><a href=\"https:\/\/i0.wp.com\/www.eltrabajo.cl\/portal\/wp-content\/uploads\/2015\/11\/Volcamiento-4.jpg\"><img data-recalc-dims=\"1\" loading=\"lazy\" decoding=\"async\" class=\"wp-image-63869 size-medium\" src=\"https:\/\/i0.wp.com\/www.eltrabajo.cl\/portal\/wp-content\/uploads\/2015\/11\/Volcamiento-4-300x197.jpg?resize=300%2C197\" alt=\"Tras el accidente, el veh\u00edculo qued\u00f3 en posici\u00f3n invertida.\" width=\"300\" height=\"197\" srcset=\"https:\/\/i0.wp.com\/eltrabajo.cl\/portal\/wp-content\/uploads\/2015\/11\/Volcamiento-4.jpg?resize=300%2C197&amp;ssl=1 300w, https:\/\/i0.wp.com\/eltrabajo.cl\/portal\/wp-content\/uploads\/2015\/11\/Volcamiento-4.jpg?resize=200%2C131&amp;ssl=1 200w, https:\/\/i0.wp.com\/eltrabajo.cl\/portal\/wp-content\/uploads\/2015\/11\/Volcamiento-4.jpg?resize=228%2C150&amp;ssl=1 228w, https:\/\/i0.wp.com\/eltrabajo.cl\/portal\/wp-content\/uploads\/2015\/11\/Volcamiento-4.jpg?resize=400%2C263&amp;ssl=1 400w, https:\/\/i0.wp.com\/eltrabajo.cl\/portal\/wp-content\/uploads\/2015\/11\/Volcamiento-4.jpg?w=530&amp;ssl=1 530w\" sizes=\"auto, (max-width: 300px) 100vw, 300px\" \/><\/a><figcaption id=\"caption-attachment-63869\" class=\"wp-caption-text\">Tras el accidente, el veh\u00edculo qued\u00f3 en posici\u00f3n invertida.<\/figcaption><\/figure>\n<ul>\n<li><strong>Primero impact\u00f3 una barrera de contenci\u00f3n y luego un \u00e1rbol.<\/strong><\/li>\n<\/ul>\n<p><strong>LOS ANDES.<\/strong>&#8211; El conductor de un autom\u00f3vil identificado como C\u00e9sar Dami\u00e1n Rodr\u00edguez Baeza, de 30 a\u00f1os, muri\u00f3 la madrugada de este jueves al volcar su autom\u00f3vil en avenida San Rafael.<br \/>\nEl accidente se registr\u00f3 poco despu\u00e9s de las 4 de la ma\u00f1ana en San Rafael frente al acceso de la villa Alborada, cuando por causas que son investigadas, la v\u00edctima fatal perdi\u00f3 el control de su autom\u00f3vil Chevrolet Corsa Swing, patente YE 84-30 que se desplazaba de poniente a oriente, impactando primero una barrera de contenci\u00f3n y una se\u00f1al\u00e9tica, luego un \u00e1rbol para terminar finalmente volcado en el medio de la calzada.<br \/>\nAl lugar concurri\u00f3 de manera inmediata personal de Carabineros y Samu, adem\u00e1s de la Unidad de Rescate del Cuerpo de Bomberos de Los Andes, quienes a su llegada constataron el deceso del conductor y luego debieron trabajar varios minutos para poder liberar el cuerpo.<br \/>\nA ra\u00edz de este accidente, avenida San Rafael fue cortada entre el acceso al Liceo Mixto y avenida Salvador Allende, siendo desviados los veh\u00edculos por la caletera.<\/p>\n<figure id=\"attachment_63870\" aria-describedby=\"caption-attachment-63870\" style=\"width: 300px\" class=\"wp-caption alignright\"><a href=\"https:\/\/i0.wp.com\/www.eltrabajo.cl\/portal\/wp-content\/uploads\/2015\/11\/Volcamiento-5.jpg\"><img data-recalc-dims=\"1\" loading=\"lazy\" decoding=\"async\" class=\"wp-image-63870 size-medium\" src=\"https:\/\/i0.wp.com\/www.eltrabajo.cl\/portal\/wp-content\/uploads\/2015\/11\/Volcamiento-5-300x198.jpg?resize=300%2C198\" alt=\"Carabineros investiga las causas del accidente, no descartando el eventual exceso de velocidad u otras causas que lo hicieron perder el control del m\u00f3vil.\" width=\"300\" height=\"198\" srcset=\"https:\/\/i0.wp.com\/eltrabajo.cl\/portal\/wp-content\/uploads\/2015\/11\/Volcamiento-5.jpg?resize=300%2C198&amp;ssl=1 300w, https:\/\/i0.wp.com\/eltrabajo.cl\/portal\/wp-content\/uploads\/2015\/11\/Volcamiento-5.jpg?resize=200%2C132&amp;ssl=1 200w, https:\/\/i0.wp.com\/eltrabajo.cl\/portal\/wp-content\/uploads\/2015\/11\/Volcamiento-5.jpg?resize=227%2C150&amp;ssl=1 227w, https:\/\/i0.wp.com\/eltrabajo.cl\/portal\/wp-content\/uploads\/2015\/11\/Volcamiento-5.jpg?resize=400%2C264&amp;ssl=1 400w, https:\/\/i0.wp.com\/eltrabajo.cl\/portal\/wp-content\/uploads\/2015\/11\/Volcamiento-5.jpg?w=530&amp;ssl=1 530w\" sizes=\"auto, (max-width: 300px) 100vw, 300px\" \/><\/a><figcaption id=\"caption-attachment-63870\" class=\"wp-caption-text\">Carabineros investiga las causas del accidente, no descartando el eventual exceso de velocidad u otras causas que lo hicieron perder el control del m\u00f3vil.<\/figcaption><\/figure>\n<p>Las pericias para determinar las causas de este accidente quedaron en manos de la SIAT Aconcagua que se constituy\u00f3 en el lugar del accidente.<br \/>\nInicialmente se baraja como hip\u00f3tesis que el conductor pudo haberse quedado dormido, no obstante que la autopsia del Servicio M\u00e9dico Legal determinar\u00e1 si estaba eventualmente bajo los efectos el alcohol.<br \/>\nEl Jefe de la SIAT Aconcagua, Capit\u00e1n Pablo Ausset Aceituno, manifest\u00f3 que se investiga un eventual exceso de velocidad u otra causa basal que lo hizo perder el control para estrellarse con la barrera de contenci\u00f3n.<br \/>\nAgreg\u00f3 que se analizaron algunas huellas aparentemente de frenadas que quedaron en el pavimento unos metros antes del impacto.<br \/>\nAsimismo, al interior del m\u00f3vil no se encontr\u00f3 la documentaci\u00f3n del veh\u00edculo, ni tampoco elementos que dieran cuenta de ingesta alcoh\u00f3lica en el interior.<\/p>\n","protected":false},"excerpt":{"rendered":"<p>Primero impact\u00f3 una barrera de contenci\u00f3n y luego un \u00e1rbol. LOS ANDES.&#8211; El conductor de un autom\u00f3vil identificado como C\u00e9sar Dami\u00e1n Rodr\u00edguez Baeza, de 30 a\u00f1os, muri\u00f3 la madrugada de este jueves&#8230;<\/p>\n","protected":false},"author":482,"featured_media":63869,"comment_status":"open","ping_status":"open","sticky":false,"template":"","format":"standard","meta":{"advanced_seo_description":"","jetpack_seo_html_title":"","jetpack_seo_noindex":false,"_jetpack_memberships_contains_paid_content":false,"footnotes":""},"categories":[21],"tags":[],"class_list":["post-63868","post","type-post","status-publish","format-standard","has-post-thumbnail","hentry","category-policial"],"jetpack_featured_media_url":"https:\/\/i0.wp.com\/eltrabajo.cl\/portal\/wp-content\/uploads\/2015\/11\/Volcamiento-4.jpg?fit=530%2C348&ssl=1","jetpack_sharing_enabled":true,"jetpack_likes_enabled":true,"jetpack-related-posts":[],"_links":{"self":[{"href":"https:\/\/eltrabajo.cl\/portal\/wp-json\/wp\/v2\/posts\/63868","targetHints":{"allow":["GET"]}}],"collection":[{"href":"https:\/\/eltrabajo.cl\/portal\/wp-json\/wp\/v2\/posts"}],"about":[{"href":"https:\/\/eltrabajo.cl\/portal\/wp-json\/wp\/v2\/types\/post"}],"author":[{"embeddable":true,"href":"https:\/\/eltrabajo.cl\/portal\/wp-json\/wp\/v2\/users\/482"}],"replies":[{"embeddable":true,"href":"https:\/\/eltrabajo.cl\/portal\/wp-json\/wp\/v2\/comments?post=63868"}],"version-history":[{"count":0,"href":"https:\/\/eltrabajo.cl\/portal\/wp-json\/wp\/v2\/posts\/63868\/revisions"}],"wp:featuredmedia":[{"embeddable":true,"href":"https:\/\/eltrabajo.cl\/portal\/wp-json\/wp\/v2\/media\/63869"}],"wp:attachment":[{"href":"https:\/\/eltrabajo.cl\/portal\/wp-json\/wp\/v2\/media?parent=63868"}],"wp:term":[{"taxonomy":"category","embeddable":true,"href":"https:\/\/eltrabajo.cl\/portal\/wp-json\/wp\/v2\/categories?post=63868"},{"taxonomy":"post_tag","embeddable":true,"href":"https:\/\/eltrabajo.cl\/portal\/wp-json\/wp\/v2\/tags?post=63868"}],"curies":[{"name":"wp","href":"https:\/\/api.w.org\/{rel}","templated":true}]}}