{"id":63872,"date":"2015-11-13T09:30:26","date_gmt":"2015-11-13T12:30:26","guid":{"rendered":"http:\/\/www.eltrabajo.cl\/portal\/?p=63872"},"modified":"2015-11-13T09:30:26","modified_gmt":"2015-11-13T12:30:26","slug":"culto-al-cuerpo-en-el-teatro-municipal-de-san-felipe","status":"publish","type":"post","link":"https:\/\/eltrabajo.cl\/portal\/culto-al-cuerpo-en-el-teatro-municipal-de-san-felipe\/","title":{"rendered":"Culto al cuerpo en el Teatro Municipal de San Felipe"},"content":{"rendered":"<figure id=\"attachment_63873\" aria-describedby=\"caption-attachment-63873\" style=\"width: 300px\" class=\"wp-caption alignleft\"><a href=\"https:\/\/i0.wp.com\/www.eltrabajo.cl\/portal\/wp-content\/uploads\/2015\/11\/Danilo-Pena.jpg\"><img data-recalc-dims=\"1\" loading=\"lazy\" decoding=\"async\" class=\"wp-image-63873 size-medium\" src=\"https:\/\/i0.wp.com\/www.eltrabajo.cl\/portal\/wp-content\/uploads\/2015\/11\/Danilo-Pena-300x198.jpg?resize=300%2C198\" alt=\"Danilo Pe\u00f1a encargado del departamento de deportes y actividad f\u00edsica del municipio.\" width=\"300\" height=\"198\" srcset=\"https:\/\/i0.wp.com\/eltrabajo.cl\/portal\/wp-content\/uploads\/2015\/11\/Danilo-Pena.jpg?resize=300%2C198&amp;ssl=1 300w, https:\/\/i0.wp.com\/eltrabajo.cl\/portal\/wp-content\/uploads\/2015\/11\/Danilo-Pena.jpg?resize=200%2C132&amp;ssl=1 200w, https:\/\/i0.wp.com\/eltrabajo.cl\/portal\/wp-content\/uploads\/2015\/11\/Danilo-Pena.jpg?resize=228%2C150&amp;ssl=1 228w, https:\/\/i0.wp.com\/eltrabajo.cl\/portal\/wp-content\/uploads\/2015\/11\/Danilo-Pena.jpg?resize=400%2C263&amp;ssl=1 400w, https:\/\/i0.wp.com\/eltrabajo.cl\/portal\/wp-content\/uploads\/2015\/11\/Danilo-Pena.jpg?w=530&amp;ssl=1 530w\" sizes=\"auto, (max-width: 300px) 100vw, 300px\" \/><\/a><figcaption id=\"caption-attachment-63873\" class=\"wp-caption-text\">Danilo Pe\u00f1a encargado del departamento de deportes y actividad f\u00edsica del municipio.<\/figcaption><\/figure>\n<ul>\n<li><strong>El torneo abierto de F\u00edsico culturismo y fitness se llevar\u00e1 a cabo desde las 9 de la ma\u00f1ana con el proceso de pesaje y en la tarde desde las 15 horas comenzar\u00e1 el desfile de cuerpos marcados y desarrollados en torno al ejercicio y adecuada alimentaci\u00f3n.<\/strong><\/li>\n<\/ul>\n<p>Cuerpos aceitados, completamente definidos y fibra muscular sobresaliente, son algunos de los ingredientes principales de la versi\u00f3n XIX del M\u00edster Aconcagua, torneo abierto de f\u00edsico culturismo y fitness, que ya es toda una tradici\u00f3n en San Felipe y que, en esta oportunidad, se realizar\u00e1 este domingo 15 de noviembre en el Teatro Municipal.<br \/>\nEl evento deportivo, que es organizado por Body Building Gym y patrocinado por la Municipalidad de San Felipe, contar\u00e1 como es de costumbre, con participantes de todo el pa\u00eds y pretende superar los 54 participantes que tuvo en su \u00faltima versi\u00f3n del a\u00f1o 2014.<br \/>\nSeg\u00fan Antonio Amar, anfitri\u00f3n y gestor del evento, la importancia del torneo radica principalmente en el prestigio de competir en este escenario, argumentando que \u201cen estos momentos el m\u00edster Aconcagua de San Felipe es el torneo m\u00e1s antiguo de Chile realizado ininterrumpidamente\u201d, se\u00f1al\u00f3.<br \/>\nRespecto de la modalidad del torneo, Amar explic\u00f3 que \u00e9ste se desarrolla en distintas categor\u00edas y contempla una jornada matutina que comienza en el gimnasio a las 9 de la ma\u00f1ana y se extiende hasta las 14 horas \u201cen donde se realiza el pesaje de los atletas, dependiendo de la categor\u00eda en la que participen\u201d, mientras que \u201ca partir de las 15 horas en el teatro, se desarrolla el torneo propiamente tal\u201d, indic\u00f3.<\/p>\n<figure id=\"attachment_63874\" aria-describedby=\"caption-attachment-63874\" style=\"width: 300px\" class=\"wp-caption alignright\"><a href=\"https:\/\/i0.wp.com\/www.eltrabajo.cl\/portal\/wp-content\/uploads\/2015\/11\/Antonio-Amar.jpg\"><img data-recalc-dims=\"1\" loading=\"lazy\" decoding=\"async\" class=\"wp-image-63874 size-medium\" src=\"https:\/\/i0.wp.com\/www.eltrabajo.cl\/portal\/wp-content\/uploads\/2015\/11\/Antonio-Amar-300x198.jpg?resize=300%2C198\" alt=\"Antonio Amar, Organizador del XIX M\u00edster Aconcagua\" width=\"300\" height=\"198\" srcset=\"https:\/\/i0.wp.com\/eltrabajo.cl\/portal\/wp-content\/uploads\/2015\/11\/Antonio-Amar.jpg?resize=300%2C198&amp;ssl=1 300w, https:\/\/i0.wp.com\/eltrabajo.cl\/portal\/wp-content\/uploads\/2015\/11\/Antonio-Amar.jpg?resize=200%2C132&amp;ssl=1 200w, https:\/\/i0.wp.com\/eltrabajo.cl\/portal\/wp-content\/uploads\/2015\/11\/Antonio-Amar.jpg?resize=227%2C150&amp;ssl=1 227w, https:\/\/i0.wp.com\/eltrabajo.cl\/portal\/wp-content\/uploads\/2015\/11\/Antonio-Amar.jpg?resize=400%2C264&amp;ssl=1 400w, https:\/\/i0.wp.com\/eltrabajo.cl\/portal\/wp-content\/uploads\/2015\/11\/Antonio-Amar.jpg?w=530&amp;ssl=1 530w\" sizes=\"auto, (max-width: 300px) 100vw, 300px\" \/><\/a><figcaption id=\"caption-attachment-63874\" class=\"wp-caption-text\">Antonio Amar, Organizador del XIX M\u00edster Aconcagua<\/figcaption><\/figure>\n<p>En relaci\u00f3n a la presencia femenina en la competencia, Amar indic\u00f3 que \u201ctenemos categor\u00edas de mujeres en este caso, que se miden por tallas: bikinifitness, en la que se eval\u00faa buena proporci\u00f3n, sin mucha grasa, masa muscular, sin existencia de celulitis; bodyfitness, se considera una musculatura no excesiva, pero con los m\u00fasculos marcados y adem\u00e1s una modalidad nueva que es wellness en donde se toma en cuenta harta cadera y muslos tipo brasile\u00f1as, pero sin celulitis ni grasa\u201d, describi\u00f3.<br \/>\nDe acuerdo con la competencia masculina, Amar explic\u00f3 que habr\u00e1 competidores de la nueva modalidad men\u2019s physique \u201cac\u00e1 se compite con bermudas, no con zunga de competici\u00f3n, entonces se le da m\u00e1s realce al tren superior, tronco, hombros, brazos, nivel de cintura y no tanto a las piernas, es un trabajo que se logra en menos tiempo de trabajo, no como el culturismo que es m\u00e1s completo en cuanto a la simetr\u00eda, los grupos musculares hay que desarrollarlos al m\u00e1ximo, entonces cuesta un poquito m\u00e1s\u201d, puntualiz\u00f3.<br \/>\nAsimismo Amar aclar\u00f3 que habr\u00e1 jueces de primer nivel para evaluar la competencia diciendo que \u201ctendremos jueces con curso de jueces al d\u00eda en la Fechiff, Federaci\u00f3n Chilena de F\u00edsico Culturismo. El panel de jueces lo trae la Federaci\u00f3n, yo soy secretario de Fechiff y tenemos confirmado un grupo de 8 jueces, porque tenemos que tener uno en tarima, dos estad\u00edsticos y cinco como m\u00ednimo en mesa evaluando a los atletas\u201d.<br \/>\nEl resto de las categor\u00edas culturistas, que ser\u00e1n parte del d\u00e9cimo noveno M\u00edster Aconcagua son: Cadetes, hasta 18 a\u00f1os, juvenil hasta 23 a\u00f1os, Novicios A, que competir\u00e1n por primera vez; Novicios B, que ya han competido promocional; avezados, s\u00e9nior; M\u00e1ster +de 40 a\u00f1os y Gran M\u00e1ster +de 60 a\u00f1os, cada una diferenciada en pesaje de 5 en 5 kilos (60-65; 70-75, etc.). \u201cEn cada una de ellas se eval\u00faa, masa, proporci\u00f3n, simetr\u00eda, separaci\u00f3n muscular y marcaci\u00f3n\u201d, finaliz\u00f3 Amar.<br \/>\nPor su parte, Danilo Pe\u00f1a, Encargado del Departamento de Deportes y actividad F\u00edsica de la Municipalidad de San Felipe, se mostr\u00f3 muy contento de que el municipio est\u00e9 apoyando este tipo de competencias que son toda una tradici\u00f3n a nivel nacional, afirmando que \u201cya el a\u00f1o pasado este torneo present\u00f3 variantes respecto de la parte t\u00e9cnica, que lo hacen muy atractivo y desde ya nosotros hacemos el llamado a toda la comunidad a que participe de este evento, que es totalmente gratuito\u201d. Junto con esto Pe\u00f1a avis\u00f3 que \u201cde forma simult\u00e1nea se va a estar desarrollando el programa de IND calles abiertas, en Salinas, as\u00ed que se complementan unos a otros, en una actividad m\u00e1s para incorporar a la familia dentro de lo que es el deporte y la actividad f\u00edsica\u201d, record\u00f3.<\/p>\n","protected":false},"excerpt":{"rendered":"<p>El torneo abierto de F\u00edsico culturismo y fitness se llevar\u00e1 a cabo desde las 9 de la ma\u00f1ana con el proceso de pesaje y en la tarde desde las 15 horas comenzar\u00e1&#8230;<\/p>\n","protected":false},"author":482,"featured_media":63873,"comment_status":"open","ping_status":"open","sticky":false,"template":"","format":"standard","meta":{"advanced_seo_description":"","jetpack_seo_html_title":"","jetpack_seo_noindex":false,"_jetpack_memberships_contains_paid_content":false,"footnotes":""},"categories":[15],"tags":[],"class_list":["post-63872","post","type-post","status-publish","format-standard","has-post-thumbnail","hentry","category-comunidad"],"jetpack_featured_media_url":"https:\/\/i0.wp.com\/eltrabajo.cl\/portal\/wp-content\/uploads\/2015\/11\/Danilo-Pena.jpg?fit=530%2C349&ssl=1","jetpack_sharing_enabled":true,"jetpack_likes_enabled":true,"jetpack-related-posts":[],"_links":{"self":[{"href":"https:\/\/eltrabajo.cl\/portal\/wp-json\/wp\/v2\/posts\/63872","targetHints":{"allow":["GET"]}}],"collection":[{"href":"https:\/\/eltrabajo.cl\/portal\/wp-json\/wp\/v2\/posts"}],"about":[{"href":"https:\/\/eltrabajo.cl\/portal\/wp-json\/wp\/v2\/types\/post"}],"author":[{"embeddable":true,"href":"https:\/\/eltrabajo.cl\/portal\/wp-json\/wp\/v2\/users\/482"}],"replies":[{"embeddable":true,"href":"https:\/\/eltrabajo.cl\/portal\/wp-json\/wp\/v2\/comments?post=63872"}],"version-history":[{"count":0,"href":"https:\/\/eltrabajo.cl\/portal\/wp-json\/wp\/v2\/posts\/63872\/revisions"}],"wp:featuredmedia":[{"embeddable":true,"href":"https:\/\/eltrabajo.cl\/portal\/wp-json\/wp\/v2\/media\/63873"}],"wp:attachment":[{"href":"https:\/\/eltrabajo.cl\/portal\/wp-json\/wp\/v2\/media?parent=63872"}],"wp:term":[{"taxonomy":"category","embeddable":true,"href":"https:\/\/eltrabajo.cl\/portal\/wp-json\/wp\/v2\/categories?post=63872"},{"taxonomy":"post_tag","embeddable":true,"href":"https:\/\/eltrabajo.cl\/portal\/wp-json\/wp\/v2\/tags?post=63872"}],"curies":[{"name":"wp","href":"https:\/\/api.w.org\/{rel}","templated":true}]}}