{"id":63878,"date":"2015-11-16T09:16:20","date_gmt":"2015-11-16T12:16:20","guid":{"rendered":"http:\/\/www.eltrabajo.cl\/portal\/?p=63878"},"modified":"2015-11-16T09:16:20","modified_gmt":"2015-11-16T12:16:20","slug":"el-uni-uni-vuelve-a-empatar-en-casa-y-queda-colgando-para-entrar-a-la-liguilla","status":"publish","type":"post","link":"https:\/\/eltrabajo.cl\/portal\/el-uni-uni-vuelve-a-empatar-en-casa-y-queda-colgando-para-entrar-a-la-liguilla\/","title":{"rendered":"El Un\u00ed Un\u00ed vuelve a empatar en casa y queda colgando para entrar a la liguilla"},"content":{"rendered":"<figure id=\"attachment_63879\" aria-describedby=\"caption-attachment-63879\" style=\"width: 300px\" class=\"wp-caption alignleft\"><a href=\"https:\/\/i0.wp.com\/www.eltrabajo.cl\/portal\/wp-content\/uploads\/2015\/11\/uni-%C3%B1ublense-1.jpg\"><img data-recalc-dims=\"1\" loading=\"lazy\" decoding=\"async\" class=\"wp-image-63879 size-medium\" src=\"https:\/\/i0.wp.com\/www.eltrabajo.cl\/portal\/wp-content\/uploads\/2015\/11\/uni-%C3%B1ublense-1-300x198.jpg?resize=300%2C198\" alt=\"Los albirrojos que ahora juegan de negro, buscaron por todas las v\u00edas posibles da\u00f1ar a la \u2018longaniza mec\u00e1nica\u2019.\" width=\"300\" height=\"198\" srcset=\"https:\/\/i0.wp.com\/eltrabajo.cl\/portal\/wp-content\/uploads\/2015\/11\/uni-%C3%B1ublense-1.jpg?resize=300%2C198&amp;ssl=1 300w, https:\/\/i0.wp.com\/eltrabajo.cl\/portal\/wp-content\/uploads\/2015\/11\/uni-%C3%B1ublense-1.jpg?resize=200%2C132&amp;ssl=1 200w, https:\/\/i0.wp.com\/eltrabajo.cl\/portal\/wp-content\/uploads\/2015\/11\/uni-%C3%B1ublense-1.jpg?resize=227%2C150&amp;ssl=1 227w, https:\/\/i0.wp.com\/eltrabajo.cl\/portal\/wp-content\/uploads\/2015\/11\/uni-%C3%B1ublense-1.jpg?resize=400%2C264&amp;ssl=1 400w, https:\/\/i0.wp.com\/eltrabajo.cl\/portal\/wp-content\/uploads\/2015\/11\/uni-%C3%B1ublense-1.jpg?w=530&amp;ssl=1 530w\" sizes=\"auto, (max-width: 300px) 100vw, 300px\" \/><\/a><figcaption id=\"caption-attachment-63879\" class=\"wp-caption-text\">Los albirrojos que ahora juegan de negro, buscaron por todas las v\u00edas posibles da\u00f1ar a la \u2018longaniza mec\u00e1nica\u2019.<\/figcaption><\/figure>\n<ul>\n<li><strong>Uni\u00f3n San Felipe 1 &#8211; \u00d1ublense 1<\/strong><\/li>\n<\/ul>\n<p>En lo que ya se ha convertido en un mal cr\u00f3nico, la escuadra albirroja una vez m\u00e1s no hizo pesar su condici\u00f3n de local, y como tantas otras veces durante este torneo se tuvo que conformar con una igualdad, al no poder superar a \u00d1ublense.<br \/>\nEl empate frente al conjunto de la octava regi\u00f3n fue un verdadero mazazo porque para los sanfelipe\u00f1os era una obligaci\u00f3n ganar para poner intactas sus opciones de llegar a la postemporada, pero ahora las cosas cambiaron dr\u00e1sticamente ya que si bien es cierto todav\u00eda pueden clasificar, deber\u00e1n sumar en Calama ante Cobreloa y esperar que se den algunas combinaciones para poder quedar dentro de los cuatro mejores.<br \/>\nRespecto al partido se puede decir que Uni\u00f3n San Felipe no jug\u00f3 mal, es m\u00e1s por momentos pas\u00f3 por arriba de un rival al que no le qued\u00f3 m\u00e1s opci\u00f3n que refugiarse para poder mantener su valla en cero, pero los aconcag\u00fcinos no supieron liquidar claras oportunidades sobre el arco del uruguayo Santiago Morandi.<br \/>\nPrecisamente cuando Uni\u00f3n San Felipe desplegaba su mejor performance, la visita se puso adelante en el marcador en el minuto 22. Fue Pablo Parra quien mediante un remate no tan potente, pero si muy bien dirigido dej\u00f3 sin opciones al golero Luis Aseff.<br \/>\nLos locales obligados por las circunstancias y la presi\u00f3n que ca\u00eda desde las casi despobladas tribunas del Municipal, martill\u00f3 con potencia sobre la \u00faltima l\u00ednea sure\u00f1a, la que mediante el expediente del poco vistoso, pero si eficiente pelotazo alejaba el peligro.<\/p>\n<figure id=\"attachment_63880\" aria-describedby=\"caption-attachment-63880\" style=\"width: 300px\" class=\"wp-caption alignright\"><a href=\"https:\/\/i0.wp.com\/www.eltrabajo.cl\/portal\/wp-content\/uploads\/2015\/11\/uni-%C3%B1ublense.jpg\"><img data-recalc-dims=\"1\" loading=\"lazy\" decoding=\"async\" class=\"wp-image-63880 size-medium\" src=\"https:\/\/i0.wp.com\/www.eltrabajo.cl\/portal\/wp-content\/uploads\/2015\/11\/uni-%C3%B1ublense-300x198.jpg?resize=300%2C198\" alt=\"En casa frente a \u00d1ublense, el Un\u00ed cargaba con la obligaci\u00f3n de ganar, pero tal como ha sucedido durante casi todo el semestre solo consigui\u00f3 empatar.\" width=\"300\" height=\"198\" srcset=\"https:\/\/i0.wp.com\/eltrabajo.cl\/portal\/wp-content\/uploads\/2015\/11\/uni-%C3%B1ublense.jpg?resize=300%2C198&amp;ssl=1 300w, https:\/\/i0.wp.com\/eltrabajo.cl\/portal\/wp-content\/uploads\/2015\/11\/uni-%C3%B1ublense.jpg?resize=200%2C132&amp;ssl=1 200w, https:\/\/i0.wp.com\/eltrabajo.cl\/portal\/wp-content\/uploads\/2015\/11\/uni-%C3%B1ublense.jpg?resize=228%2C150&amp;ssl=1 228w, https:\/\/i0.wp.com\/eltrabajo.cl\/portal\/wp-content\/uploads\/2015\/11\/uni-%C3%B1ublense.jpg?resize=400%2C263&amp;ssl=1 400w, https:\/\/i0.wp.com\/eltrabajo.cl\/portal\/wp-content\/uploads\/2015\/11\/uni-%C3%B1ublense.jpg?w=530&amp;ssl=1 530w\" sizes=\"auto, (max-width: 300px) 100vw, 300px\" \/><\/a><figcaption id=\"caption-attachment-63880\" class=\"wp-caption-text\">En casa frente a \u00d1ublense, el Un\u00ed cargaba con la obligaci\u00f3n de ganar, pero tal como ha sucedido durante casi todo el semestre solo consigui\u00f3 empatar.<\/figcaption><\/figure>\n<p>Pese al dominio y los constantes embates, los casi 500 parciales locales debieron esperar hasta el 81\u2019 para gritar gol; Patricio Schwob puso el empate, que igual era un premio menor para lo que estaban haciendo los dirigidos de Germ\u00e1n Corengia en el terreno de juego.<br \/>\nSan Felipe empat\u00f3 y condicion\u00f3 sus opciones de llegar a los Playoffs, pero al menos se pudo constatar que el plantel tiene elementos como para ser un equipo m\u00e1s vertical, porque muchachos como Juanito C\u00f3rdova, Brayan Valdivia o Bruno Martini, tienen las condiciones de sobra para estar entre los titulares y as\u00ed lo dejaron muy claro en la agitada e intensa jornada del s\u00e1bado \u00faltimo.<\/p>\n<p><strong>Ficha t\u00e9cnica<\/strong><br \/>\nFecha 14\u00ba torneo Primera B<br \/>\n\u00c1rbitro: Roberto Tobar<br \/>\nEstadio Municipal de San Felipe<br \/>\nUni\u00f3n San Felipe (1): Luis Aseff; Jorge Sotomayor (Bruno Martini), Juan Grabowski, Humberto Bustamante, Gonzalo Villegas; Maximiliano Pighin (Patricio Schwob), Juan Jeraldino, Brayan Valdivia (Juan C\u00f3rdova), Jaime Droguet, Braian Miranda; Camilo Melivil\u00fa. DT: Germ\u00e1n Corengia.<br \/>\n\u00d1ublense (1): Santiago Morandi; Boris Rieloff, Washington Torres, Daniel Mustafa, Carlos Herrera; Carlos L\u00f3pez, Octavio Pozo, Pablo Parra (Ignacio Ib\u00e1\u00f1ez), Felipe Albornoz (Osman Huerta); Sebasti\u00e1n Varas, Luis Flores Abarca (Sebasti\u00e1n Toro). DT: Fernando D\u00edaz.<br \/>\n<strong>Goles:<\/strong><br \/>\n0-1, 22\u2019, Pablo Parra (\u00d1UB)<br \/>\n1-1, 81\u2019 Patricio Schwob (USF)<br \/>\nExpulsados:<br \/>\nCarlos L\u00f3pez (\u00d1UB)<br \/>\nCarlos Alfaro (USF)<\/p>\n","protected":false},"excerpt":{"rendered":"<p>Uni\u00f3n San Felipe 1 &#8211; \u00d1ublense 1 En lo que ya se ha convertido en un mal cr\u00f3nico, la escuadra albirroja una vez m\u00e1s no hizo pesar su condici\u00f3n de local, y&#8230;<\/p>\n","protected":false},"author":482,"featured_media":63879,"comment_status":"open","ping_status":"open","sticky":false,"template":"","format":"standard","meta":{"advanced_seo_description":"","jetpack_seo_html_title":"","jetpack_seo_noindex":false,"_jetpack_memberships_contains_paid_content":false,"footnotes":""},"categories":[19],"tags":[],"class_list":["post-63878","post","type-post","status-publish","format-standard","has-post-thumbnail","hentry","category-deportes"],"jetpack_featured_media_url":"https:\/\/i0.wp.com\/eltrabajo.cl\/portal\/wp-content\/uploads\/2015\/11\/uni-%C3%B1ublense-1.jpg?fit=530%2C350&ssl=1","jetpack_sharing_enabled":true,"jetpack_likes_enabled":true,"jetpack-related-posts":[],"_links":{"self":[{"href":"https:\/\/eltrabajo.cl\/portal\/wp-json\/wp\/v2\/posts\/63878","targetHints":{"allow":["GET"]}}],"collection":[{"href":"https:\/\/eltrabajo.cl\/portal\/wp-json\/wp\/v2\/posts"}],"about":[{"href":"https:\/\/eltrabajo.cl\/portal\/wp-json\/wp\/v2\/types\/post"}],"author":[{"embeddable":true,"href":"https:\/\/eltrabajo.cl\/portal\/wp-json\/wp\/v2\/users\/482"}],"replies":[{"embeddable":true,"href":"https:\/\/eltrabajo.cl\/portal\/wp-json\/wp\/v2\/comments?post=63878"}],"version-history":[{"count":0,"href":"https:\/\/eltrabajo.cl\/portal\/wp-json\/wp\/v2\/posts\/63878\/revisions"}],"wp:featuredmedia":[{"embeddable":true,"href":"https:\/\/eltrabajo.cl\/portal\/wp-json\/wp\/v2\/media\/63879"}],"wp:attachment":[{"href":"https:\/\/eltrabajo.cl\/portal\/wp-json\/wp\/v2\/media?parent=63878"}],"wp:term":[{"taxonomy":"category","embeddable":true,"href":"https:\/\/eltrabajo.cl\/portal\/wp-json\/wp\/v2\/categories?post=63878"},{"taxonomy":"post_tag","embeddable":true,"href":"https:\/\/eltrabajo.cl\/portal\/wp-json\/wp\/v2\/tags?post=63878"}],"curies":[{"name":"wp","href":"https:\/\/api.w.org\/{rel}","templated":true}]}}