{"id":63883,"date":"2015-11-16T09:22:56","date_gmt":"2015-11-16T12:22:56","guid":{"rendered":"http:\/\/www.eltrabajo.cl\/portal\/?p=63883"},"modified":"2015-11-16T09:22:56","modified_gmt":"2015-11-16T12:22:56","slug":"con-diversas-actividades-jardin-infantil-el-trencito-celebro-39-anos-de-vida","status":"publish","type":"post","link":"https:\/\/eltrabajo.cl\/portal\/con-diversas-actividades-jardin-infantil-el-trencito-celebro-39-anos-de-vida\/","title":{"rendered":"Con diversas actividades Jard\u00edn Infantil El Trencito celebr\u00f3 39 a\u00f1os de vida"},"content":{"rendered":"<figure id=\"attachment_63884\" aria-describedby=\"caption-attachment-63884\" style=\"width: 300px\" class=\"wp-caption alignleft\"><a href=\"https:\/\/i0.wp.com\/www.eltrabajo.cl\/portal\/wp-content\/uploads\/2015\/11\/ANIVERSARIO-JARDIN-INFANTIL-EL-TRENCITO-6.jpg\"><img data-recalc-dims=\"1\" loading=\"lazy\" decoding=\"async\" class=\"wp-image-63884 size-medium\" src=\"https:\/\/i0.wp.com\/www.eltrabajo.cl\/portal\/wp-content\/uploads\/2015\/11\/ANIVERSARIO-JARDIN-INFANTIL-EL-TRENCITO-6-300x198.jpg?resize=300%2C198\" alt=\"Las actividades de celebraci\u00f3n contaron con la presencia de la batucada santamariana Desiderius acompa\u00f1\u00f3 a los peque\u00f1itos en su recorrido por las calles de Putaendo.\" width=\"300\" height=\"198\" srcset=\"https:\/\/i0.wp.com\/eltrabajo.cl\/portal\/wp-content\/uploads\/2015\/11\/ANIVERSARIO-JARDIN-INFANTIL-EL-TRENCITO-6.jpg?resize=300%2C198&amp;ssl=1 300w, https:\/\/i0.wp.com\/eltrabajo.cl\/portal\/wp-content\/uploads\/2015\/11\/ANIVERSARIO-JARDIN-INFANTIL-EL-TRENCITO-6.jpg?resize=200%2C132&amp;ssl=1 200w, https:\/\/i0.wp.com\/eltrabajo.cl\/portal\/wp-content\/uploads\/2015\/11\/ANIVERSARIO-JARDIN-INFANTIL-EL-TRENCITO-6.jpg?resize=227%2C150&amp;ssl=1 227w, https:\/\/i0.wp.com\/eltrabajo.cl\/portal\/wp-content\/uploads\/2015\/11\/ANIVERSARIO-JARDIN-INFANTIL-EL-TRENCITO-6.jpg?resize=400%2C264&amp;ssl=1 400w, https:\/\/i0.wp.com\/eltrabajo.cl\/portal\/wp-content\/uploads\/2015\/11\/ANIVERSARIO-JARDIN-INFANTIL-EL-TRENCITO-6.jpg?w=530&amp;ssl=1 530w\" sizes=\"auto, (max-width: 300px) 100vw, 300px\" \/><\/a><figcaption id=\"caption-attachment-63884\" class=\"wp-caption-text\">Las actividades de celebraci\u00f3n contaron con la presencia de la batucada santamariana Desiderius acompa\u00f1\u00f3 a los peque\u00f1itos en su recorrido por las calles de Putaendo.<\/figcaption><\/figure>\n<p><strong>PUTAENDO<\/strong>.- Con mucha alegr\u00eda, una amena marcha amenizada por el entusiasta ritmo de la batucada dio t\u00e9rmino a las actividades de celebraci\u00f3n del 39\u00b0 aniversario del Jard\u00edn Infantil y Sala Cuna El Trencito.<br \/>\nDurante toda la semana las educadoras de p\u00e1rvulo y personal del establecimiento, a cargo de su directora, Maribel Tapia, en conjunto a padres y apoderados, disfrutaron de variadas actividades como la fiesta de disfraces, un picnic saludable y el hermoseamiento de las instalaciones del jard\u00edn infantil.<br \/>\nLa ma\u00f1ana de este viernes los peque\u00f1itos junto al personal, sus padres y acompa\u00f1ados por la batucada Desiderius, que viaj\u00f3 especialmente desde Santa Mar\u00eda hasta Putaendo, comenzaron un recorrido por calle Chacabuco hasta llegar a la Plaza de la comuna donde realizaron algunas presentaciones art\u00edsticas.<br \/>\nLos peque\u00f1os hermosamente disfrazados, portaban carteles alusivos a los derechos de los ni\u00f1os y a vivir en un mundo sano y libre, recibiendo el reconocimiento de transe\u00fantes y vecinos que se sumaron espont\u00e1neamente a esta importante celebraci\u00f3n de los 39 a\u00f1os del Jard\u00edn Infantil y Sala Cuna El Trencito.<br \/>\nPara la directora del establecimiento, Maribel Tapia, el apoyo de los padres y familiares fue una experiencia emocionante, sumado al entusiasmo de los peque\u00f1itos de diferentes niveles para participar de esta celebraci\u00f3n, que es un adelanto de lo que esperan conmemorar en su 40\u00b0 aniversario el a\u00f1o 2016, en una instituci\u00f3n que forma parte del patrimonio de Putaendo.<br \/>\n<strong>Patricio Gallardo M.<\/strong><\/p>\n<div class=\"tiled-gallery type-rectangular tiled-gallery-unresized\" data-original-width=\"640\" data-carousel-extra='null' itemscope itemtype=\"http:\/\/schema.org\/ImageGallery\" > <div class=\"gallery-row\" style=\"width: 640px; height: 212px;\" data-original-width=\"640\" data-original-height=\"212\" > <div class=\"gallery-group images-1\" style=\"width: 319px; height: 212px;\" data-original-width=\"319\" data-original-height=\"212\" > <div class=\"tiled-gallery-item tiled-gallery-item-large\" itemprop=\"associatedMedia\" itemscope itemtype=\"http:\/\/schema.org\/ImageObject\"> <a href=\"https:\/\/eltrabajo.cl\/portal\/con-diversas-actividades-jardin-infantil-el-trencito-celebro-39-anos-de-vida\/aniversario-jardin-infantil-el-trencito-4\/\" border=\"0\" itemprop=\"url\"> <meta itemprop=\"width\" content=\"315\"> <meta itemprop=\"height\" content=\"208\"> <img decoding=\"async\" class=\"\" data-attachment-id=\"63886\" data-orig-file=\"https:\/\/eltrabajo.cl\/portal\/wp-content\/uploads\/2015\/11\/ANIVERSARIO-JARDIN-INFANTIL-EL-TRENCITO-4.jpg\" data-orig-size=\"530,350\" data-comments-opened=\"1\" data-image-meta=\"{&quot;aperture&quot;:&quot;0&quot;,&quot;credit&quot;:&quot;&quot;,&quot;camera&quot;:&quot;&quot;,&quot;caption&quot;:&quot;&quot;,&quot;created_timestamp&quot;:&quot;0&quot;,&quot;copyright&quot;:&quot;[wopmind]&quot;,&quot;focal_length&quot;:&quot;0&quot;,&quot;iso&quot;:&quot;0&quot;,&quot;shutter_speed&quot;:&quot;0&quot;,&quot;title&quot;:&quot;&quot;,&quot;orientation&quot;:&quot;0&quot;}\" data-image-title=\"ANIVERSARIO JARDIN INFANTIL EL TRENCITO (4)\" data-image-description=\"&lt;p&gt;Muy contentos y participativos se mostraron los peque\u00f1os integrantes del jard\u00edn que se disfrazaron para celebrar un nuevo aniversario.&lt;\/p&gt; \" data-medium-file=\"https:\/\/i0.wp.com\/eltrabajo.cl\/portal\/wp-content\/uploads\/2015\/11\/ANIVERSARIO-JARDIN-INFANTIL-EL-TRENCITO-4.jpg?fit=300%2C198&#038;ssl=1\" data-large-file=\"https:\/\/i0.wp.com\/eltrabajo.cl\/portal\/wp-content\/uploads\/2015\/11\/ANIVERSARIO-JARDIN-INFANTIL-EL-TRENCITO-4.jpg?fit=530%2C350&#038;ssl=1\" src=\"https:\/\/i0.wp.com\/eltrabajo.cl\/portal\/wp-content\/uploads\/2015\/11\/ANIVERSARIO-JARDIN-INFANTIL-EL-TRENCITO-4.jpg?w=315&#038;h=208&#038;ssl=1\" srcset=\"https:\/\/i0.wp.com\/eltrabajo.cl\/portal\/wp-content\/uploads\/2015\/11\/ANIVERSARIO-JARDIN-INFANTIL-EL-TRENCITO-4.jpg?w=530&amp;ssl=1 530w, https:\/\/i0.wp.com\/eltrabajo.cl\/portal\/wp-content\/uploads\/2015\/11\/ANIVERSARIO-JARDIN-INFANTIL-EL-TRENCITO-4.jpg?resize=200%2C132&amp;ssl=1 200w, https:\/\/i0.wp.com\/eltrabajo.cl\/portal\/wp-content\/uploads\/2015\/11\/ANIVERSARIO-JARDIN-INFANTIL-EL-TRENCITO-4.jpg?resize=300%2C198&amp;ssl=1 300w, https:\/\/i0.wp.com\/eltrabajo.cl\/portal\/wp-content\/uploads\/2015\/11\/ANIVERSARIO-JARDIN-INFANTIL-EL-TRENCITO-4.jpg?resize=227%2C150&amp;ssl=1 227w, https:\/\/i0.wp.com\/eltrabajo.cl\/portal\/wp-content\/uploads\/2015\/11\/ANIVERSARIO-JARDIN-INFANTIL-EL-TRENCITO-4.jpg?resize=400%2C264&amp;ssl=1 400w\" width=\"315\" height=\"208\" loading=\"lazy\" data-original-width=\"315\" data-original-height=\"208\" itemprop=\"http:\/\/schema.org\/image\" title=\"ANIVERSARIO JARDIN INFANTIL EL TRENCITO (4)\" alt=\"Muy contentos y participativos se mostraron los peque\u00f1os integrantes del jard\u00edn que se disfrazaron para celebrar un nuevo aniversario.\" style=\"width: 315px; height: 208px;\" \/> <\/a> <div class=\"tiled-gallery-caption\" itemprop=\"caption description\"> Muy contentos y participativos se mostraron los peque\u00f1os integrantes del jard\u00edn que se disfrazaron para celebrar un nuevo aniversario. <\/div> <\/div> <\/div> <!-- close group --> <div class=\"gallery-group images-1\" style=\"width: 321px; height: 212px;\" data-original-width=\"321\" data-original-height=\"212\" > <div class=\"tiled-gallery-item tiled-gallery-item-large\" itemprop=\"associatedMedia\" itemscope itemtype=\"http:\/\/schema.org\/ImageObject\"> <a href=\"https:\/\/eltrabajo.cl\/portal\/con-diversas-actividades-jardin-infantil-el-trencito-celebro-39-anos-de-vida\/aniversario-jardin-infantil-el-trencito-1\/\" border=\"0\" itemprop=\"url\"> <meta itemprop=\"width\" content=\"317\"> <meta itemprop=\"height\" content=\"208\"> <img decoding=\"async\" class=\"\" data-attachment-id=\"63885\" data-orig-file=\"https:\/\/eltrabajo.cl\/portal\/wp-content\/uploads\/2015\/11\/ANIVERSARIO-JARDIN-INFANTIL-EL-TRENCITO-1.jpg\" data-orig-size=\"530,348\" data-comments-opened=\"1\" data-image-meta=\"{&quot;aperture&quot;:&quot;0&quot;,&quot;credit&quot;:&quot;&quot;,&quot;camera&quot;:&quot;&quot;,&quot;caption&quot;:&quot;&quot;,&quot;created_timestamp&quot;:&quot;0&quot;,&quot;copyright&quot;:&quot;[wopmind]&quot;,&quot;focal_length&quot;:&quot;0&quot;,&quot;iso&quot;:&quot;0&quot;,&quot;shutter_speed&quot;:&quot;0&quot;,&quot;title&quot;:&quot;&quot;,&quot;orientation&quot;:&quot;0&quot;}\" data-image-title=\"ANIVERSARIO JARDIN INFANTIL EL TRENCITO (1)\" data-image-description=\"&lt;p&gt;Los peque\u00f1os llevaban carteles con los derechos de los ni\u00f1os.&lt;\/p&gt; \" data-medium-file=\"https:\/\/i0.wp.com\/eltrabajo.cl\/portal\/wp-content\/uploads\/2015\/11\/ANIVERSARIO-JARDIN-INFANTIL-EL-TRENCITO-1.jpg?fit=300%2C197&#038;ssl=1\" data-large-file=\"https:\/\/i0.wp.com\/eltrabajo.cl\/portal\/wp-content\/uploads\/2015\/11\/ANIVERSARIO-JARDIN-INFANTIL-EL-TRENCITO-1.jpg?fit=530%2C348&#038;ssl=1\" src=\"https:\/\/i0.wp.com\/eltrabajo.cl\/portal\/wp-content\/uploads\/2015\/11\/ANIVERSARIO-JARDIN-INFANTIL-EL-TRENCITO-1.jpg?w=317&#038;h=208&#038;ssl=1\" srcset=\"https:\/\/i0.wp.com\/eltrabajo.cl\/portal\/wp-content\/uploads\/2015\/11\/ANIVERSARIO-JARDIN-INFANTIL-EL-TRENCITO-1.jpg?w=530&amp;ssl=1 530w, https:\/\/i0.wp.com\/eltrabajo.cl\/portal\/wp-content\/uploads\/2015\/11\/ANIVERSARIO-JARDIN-INFANTIL-EL-TRENCITO-1.jpg?resize=200%2C131&amp;ssl=1 200w, https:\/\/i0.wp.com\/eltrabajo.cl\/portal\/wp-content\/uploads\/2015\/11\/ANIVERSARIO-JARDIN-INFANTIL-EL-TRENCITO-1.jpg?resize=300%2C197&amp;ssl=1 300w, https:\/\/i0.wp.com\/eltrabajo.cl\/portal\/wp-content\/uploads\/2015\/11\/ANIVERSARIO-JARDIN-INFANTIL-EL-TRENCITO-1.jpg?resize=228%2C150&amp;ssl=1 228w, https:\/\/i0.wp.com\/eltrabajo.cl\/portal\/wp-content\/uploads\/2015\/11\/ANIVERSARIO-JARDIN-INFANTIL-EL-TRENCITO-1.jpg?resize=400%2C263&amp;ssl=1 400w\" width=\"317\" height=\"208\" loading=\"lazy\" data-original-width=\"317\" data-original-height=\"208\" itemprop=\"http:\/\/schema.org\/image\" title=\"ANIVERSARIO JARDIN INFANTIL EL TRENCITO (1)\" alt=\"Los peque\u00f1os llevaban carteles con los derechos de los ni\u00f1os.\" style=\"width: 317px; height: 208px;\" \/> <\/a> <div class=\"tiled-gallery-caption\" itemprop=\"caption description\"> Los peque\u00f1os llevaban carteles con los derechos de los ni\u00f1os. <\/div> <\/div> <\/div> <!-- close group --> <\/div> <!-- close row --> <\/div>\n","protected":false},"excerpt":{"rendered":"<p>PUTAENDO.- Con mucha alegr\u00eda, una amena marcha amenizada por el entusiasta ritmo de la batucada dio t\u00e9rmino a las actividades de celebraci\u00f3n del 39\u00b0 aniversario del Jard\u00edn Infantil y Sala Cuna El&#8230;<\/p>\n","protected":false},"author":482,"featured_media":63884,"comment_status":"open","ping_status":"open","sticky":false,"template":"","format":"standard","meta":{"advanced_seo_description":"","jetpack_seo_html_title":"","jetpack_seo_noindex":false,"_jetpack_memberships_contains_paid_content":false,"footnotes":""},"categories":[15],"tags":[],"class_list":["post-63883","post","type-post","status-publish","format-standard","has-post-thumbnail","hentry","category-comunidad"],"jetpack_featured_media_url":"https:\/\/i0.wp.com\/eltrabajo.cl\/portal\/wp-content\/uploads\/2015\/11\/ANIVERSARIO-JARDIN-INFANTIL-EL-TRENCITO-6.jpg?fit=530%2C350&ssl=1","jetpack_sharing_enabled":true,"jetpack_likes_enabled":true,"jetpack-related-posts":[],"_links":{"self":[{"href":"https:\/\/eltrabajo.cl\/portal\/wp-json\/wp\/v2\/posts\/63883","targetHints":{"allow":["GET"]}}],"collection":[{"href":"https:\/\/eltrabajo.cl\/portal\/wp-json\/wp\/v2\/posts"}],"about":[{"href":"https:\/\/eltrabajo.cl\/portal\/wp-json\/wp\/v2\/types\/post"}],"author":[{"embeddable":true,"href":"https:\/\/eltrabajo.cl\/portal\/wp-json\/wp\/v2\/users\/482"}],"replies":[{"embeddable":true,"href":"https:\/\/eltrabajo.cl\/portal\/wp-json\/wp\/v2\/comments?post=63883"}],"version-history":[{"count":0,"href":"https:\/\/eltrabajo.cl\/portal\/wp-json\/wp\/v2\/posts\/63883\/revisions"}],"wp:featuredmedia":[{"embeddable":true,"href":"https:\/\/eltrabajo.cl\/portal\/wp-json\/wp\/v2\/media\/63884"}],"wp:attachment":[{"href":"https:\/\/eltrabajo.cl\/portal\/wp-json\/wp\/v2\/media?parent=63883"}],"wp:term":[{"taxonomy":"category","embeddable":true,"href":"https:\/\/eltrabajo.cl\/portal\/wp-json\/wp\/v2\/categories?post=63883"},{"taxonomy":"post_tag","embeddable":true,"href":"https:\/\/eltrabajo.cl\/portal\/wp-json\/wp\/v2\/tags?post=63883"}],"curies":[{"name":"wp","href":"https:\/\/api.w.org\/{rel}","templated":true}]}}