{"id":63891,"date":"2015-11-16T09:25:53","date_gmt":"2015-11-16T12:25:53","guid":{"rendered":"http:\/\/www.eltrabajo.cl\/portal\/?p=63891"},"modified":"2015-11-16T09:25:53","modified_gmt":"2015-11-16T12:25:53","slug":"establecimientos-de-santa-maria-participan-de-quinta-version-de-cicletada-preventiva","status":"publish","type":"post","link":"https:\/\/eltrabajo.cl\/portal\/establecimientos-de-santa-maria-participan-de-quinta-version-de-cicletada-preventiva\/","title":{"rendered":"Establecimientos de Santa Mar\u00eda participan de quinta versi\u00f3n de cicletada preventiva"},"content":{"rendered":"<figure id=\"attachment_63892\" aria-describedby=\"caption-attachment-63892\" style=\"width: 300px\" class=\"wp-caption alignleft\"><a href=\"https:\/\/i0.wp.com\/www.eltrabajo.cl\/portal\/wp-content\/uploads\/2015\/11\/Cicletada-Senda-Santa-maria-3.jpg\"><img data-recalc-dims=\"1\" loading=\"lazy\" decoding=\"async\" class=\"wp-image-63892 size-medium\" src=\"https:\/\/i0.wp.com\/www.eltrabajo.cl\/portal\/wp-content\/uploads\/2015\/11\/Cicletada-Senda-Santa-maria-3-300x198.jpg?resize=300%2C198\" alt=\"Con gran participaci\u00f3n se desarroll\u00f3 la quinta cicletada preventiva a la que asistieron escuelas, colegios y liceos de Santa Mar\u00eda.\" width=\"300\" height=\"198\" srcset=\"https:\/\/i0.wp.com\/eltrabajo.cl\/portal\/wp-content\/uploads\/2015\/11\/Cicletada-Senda-Santa-maria-3.jpg?resize=300%2C198&amp;ssl=1 300w, https:\/\/i0.wp.com\/eltrabajo.cl\/portal\/wp-content\/uploads\/2015\/11\/Cicletada-Senda-Santa-maria-3.jpg?resize=200%2C132&amp;ssl=1 200w, https:\/\/i0.wp.com\/eltrabajo.cl\/portal\/wp-content\/uploads\/2015\/11\/Cicletada-Senda-Santa-maria-3.jpg?resize=228%2C150&amp;ssl=1 228w, https:\/\/i0.wp.com\/eltrabajo.cl\/portal\/wp-content\/uploads\/2015\/11\/Cicletada-Senda-Santa-maria-3.jpg?resize=400%2C263&amp;ssl=1 400w, https:\/\/i0.wp.com\/eltrabajo.cl\/portal\/wp-content\/uploads\/2015\/11\/Cicletada-Senda-Santa-maria-3.jpg?w=530&amp;ssl=1 530w\" sizes=\"auto, (max-width: 300px) 100vw, 300px\" \/><\/a><figcaption id=\"caption-attachment-63892\" class=\"wp-caption-text\">Con gran participaci\u00f3n se desarroll\u00f3 la quinta cicletada preventiva a la que asistieron escuelas, colegios y liceos de Santa Mar\u00eda.<\/figcaption><\/figure>\n<p><strong>SANTA MAR\u00cdA<\/strong>.- Con gran \u00e9xito se desarroll\u00f3 la \u20185\u00aa Cicletada preventiva\u2019, organizada por el Programa Senda Previene, la Municipalidad de Santa Mar\u00eda y el Centro de Salud Familiar. La actividad tuvo como slogan \u2018Todos juntos por una vida m\u00e1s sana sin drogas y sin alcohol\u2019, promoviendo una vida saludable, para combatir el sedentarismo en ni\u00f1os, j\u00f3venes y adolescentes, sin consumo de drogas y alcohol.<br \/>\nEn el encuentro participaron las escuelas, Aurora Velasco de Las Cabras; Mar\u00eda Esp\u00ednola de San Fernando; Guillermo Ba\u00f1ados de Las Cadenas y el Liceo Dar\u00edo Salas, y el colegio Santa Mar\u00eda College.<br \/>\nLa cicletada se inici\u00f3 en Cruce de Tabolango, sector El Zaino, donde los alumnos, padres y apoderados acompa\u00f1ados de directores, profesores y asistentes de la educaci\u00f3n, avanzaron sobre los pedales hasta llegar a la Plaza de Armas, donde los esperaban las autoridades comunales, encabezadas por el alcalde Claudio Zurita, los concejales Eloy Ibacache, David Olgu\u00edn y Do\u00f1a Mar\u00eda Cristina Meza, as\u00ed como el Control Don Rodrigo Arellano, quienes entregaron los premios y reconocimientos, adem\u00e1s de colaciones saludables para los participantes.<br \/>\nEl recorrido fue acompa\u00f1ado por profesionales del Cesfam Santa Mar\u00eda, Servicio Pa\u00eds, Seguridad Ciudadana, y emergencia quienes velaron por la seguridad de los ciclistas.<br \/>\nLa Coordinadora Comunal de Senda Previene, Claudia Herrera, indic\u00f3 que \u201cesta actividad se planific\u00f3 en el contexto de que los ni\u00f1os de hoy son propensos a llevar una vida relativamente sedentaria y expuestos a adquirir malos h\u00e1bitos, como el mal uso del tiempo libre, los que se pueden combatir educ\u00e1ndolos en la importancia que tiene el ejercicio f\u00edsico y la recreaci\u00f3n a trav\u00e9s de una vida saludable\u201d.<\/p>\n","protected":false},"excerpt":{"rendered":"<p>SANTA MAR\u00cdA.- Con gran \u00e9xito se desarroll\u00f3 la \u20185\u00aa Cicletada preventiva\u2019, organizada por el Programa Senda Previene, la Municipalidad de Santa Mar\u00eda y el Centro de Salud Familiar. La actividad tuvo como&#8230;<\/p>\n","protected":false},"author":482,"featured_media":63892,"comment_status":"open","ping_status":"open","sticky":false,"template":"","format":"standard","meta":{"advanced_seo_description":"","jetpack_seo_html_title":"","jetpack_seo_noindex":false,"_jetpack_memberships_contains_paid_content":false,"footnotes":""},"categories":[15],"tags":[],"class_list":["post-63891","post","type-post","status-publish","format-standard","has-post-thumbnail","hentry","category-comunidad"],"jetpack_featured_media_url":"https:\/\/i0.wp.com\/eltrabajo.cl\/portal\/wp-content\/uploads\/2015\/11\/Cicletada-Senda-Santa-maria-3.jpg?fit=530%2C349&ssl=1","jetpack_sharing_enabled":true,"jetpack_likes_enabled":true,"jetpack-related-posts":[],"_links":{"self":[{"href":"https:\/\/eltrabajo.cl\/portal\/wp-json\/wp\/v2\/posts\/63891","targetHints":{"allow":["GET"]}}],"collection":[{"href":"https:\/\/eltrabajo.cl\/portal\/wp-json\/wp\/v2\/posts"}],"about":[{"href":"https:\/\/eltrabajo.cl\/portal\/wp-json\/wp\/v2\/types\/post"}],"author":[{"embeddable":true,"href":"https:\/\/eltrabajo.cl\/portal\/wp-json\/wp\/v2\/users\/482"}],"replies":[{"embeddable":true,"href":"https:\/\/eltrabajo.cl\/portal\/wp-json\/wp\/v2\/comments?post=63891"}],"version-history":[{"count":0,"href":"https:\/\/eltrabajo.cl\/portal\/wp-json\/wp\/v2\/posts\/63891\/revisions"}],"wp:featuredmedia":[{"embeddable":true,"href":"https:\/\/eltrabajo.cl\/portal\/wp-json\/wp\/v2\/media\/63892"}],"wp:attachment":[{"href":"https:\/\/eltrabajo.cl\/portal\/wp-json\/wp\/v2\/media?parent=63891"}],"wp:term":[{"taxonomy":"category","embeddable":true,"href":"https:\/\/eltrabajo.cl\/portal\/wp-json\/wp\/v2\/categories?post=63891"},{"taxonomy":"post_tag","embeddable":true,"href":"https:\/\/eltrabajo.cl\/portal\/wp-json\/wp\/v2\/tags?post=63891"}],"curies":[{"name":"wp","href":"https:\/\/api.w.org\/{rel}","templated":true}]}}