{"id":63894,"date":"2015-11-16T09:28:27","date_gmt":"2015-11-16T12:28:27","guid":{"rendered":"http:\/\/www.eltrabajo.cl\/portal\/?p=63894"},"modified":"2015-11-16T09:28:27","modified_gmt":"2015-11-16T12:28:27","slug":"iii-version-de-la-expoaconcawawa-tuvo-exito-de-convocatoria","status":"publish","type":"post","link":"https:\/\/eltrabajo.cl\/portal\/iii-version-de-la-expoaconcawawa-tuvo-exito-de-convocatoria\/","title":{"rendered":"III Versi\u00f3n de la ExpoAconcawawa tuvo \u00e9xito de Convocatoria"},"content":{"rendered":"<figure id=\"attachment_63895\" aria-describedby=\"caption-attachment-63895\" style=\"width: 300px\" class=\"wp-caption alignleft\"><a href=\"https:\/\/i0.wp.com\/www.eltrabajo.cl\/portal\/wp-content\/uploads\/2015\/11\/Expo-aconcawawa.jpg\"><img data-recalc-dims=\"1\" loading=\"lazy\" decoding=\"async\" class=\"wp-image-63895 size-medium\" src=\"https:\/\/i0.wp.com\/www.eltrabajo.cl\/portal\/wp-content\/uploads\/2015\/11\/Expo-aconcawawa-300x198.jpg?resize=300%2C198\" alt=\"Gran n\u00famero de familias aconcag\u00fcinas llegaron a visitar la ExpoAconcawawa 2015 en Plaza C\u00edvica.\" width=\"300\" height=\"198\" srcset=\"https:\/\/i0.wp.com\/eltrabajo.cl\/portal\/wp-content\/uploads\/2015\/11\/Expo-aconcawawa.jpg?resize=300%2C198&amp;ssl=1 300w, https:\/\/i0.wp.com\/eltrabajo.cl\/portal\/wp-content\/uploads\/2015\/11\/Expo-aconcawawa.jpg?resize=200%2C132&amp;ssl=1 200w, https:\/\/i0.wp.com\/eltrabajo.cl\/portal\/wp-content\/uploads\/2015\/11\/Expo-aconcawawa.jpg?resize=228%2C150&amp;ssl=1 228w, https:\/\/i0.wp.com\/eltrabajo.cl\/portal\/wp-content\/uploads\/2015\/11\/Expo-aconcawawa.jpg?resize=400%2C263&amp;ssl=1 400w, https:\/\/i0.wp.com\/eltrabajo.cl\/portal\/wp-content\/uploads\/2015\/11\/Expo-aconcawawa.jpg?w=530&amp;ssl=1 530w\" sizes=\"auto, (max-width: 300px) 100vw, 300px\" \/><\/a><figcaption id=\"caption-attachment-63895\" class=\"wp-caption-text\">Gran n\u00famero de familias aconcag\u00fcinas llegaron a visitar la ExpoAconcawawa 2015 en Plaza C\u00edvica.<\/figcaption><\/figure>\n<ul>\n<li><strong>Madres del Valle se deleitaron con nuevos productos, talleres y estilos de masajes que permiten fortalecer v\u00ednculo entre padres e hijos.<\/strong><\/li>\n<\/ul>\n<p>Pa\u00f1ales ecol\u00f3gicos, porta beb\u00e9s ergon\u00f3micos, juguetes de madera, vestuario infantil, joyas de \u00e1mbar y adem\u00e1s la exposici\u00f3n de los novedosos talleres de masaje Shantala y Kangatraining, fueron los emprendimientos que tuvo en sus stands, la III versi\u00f3n de la Expo Aconcawawa, iniciativa de un par de madres aconcag\u00fcinas que busca contribuir en la crianza respetuosa de los hijos (as) y que en esta oportunidad se desarroll\u00f3 el d\u00eda s\u00e1bado en la Plaza C\u00edvica de San Felipe.<br \/>\nLa exposici\u00f3n, que cuenta con el apoyo de la Municipalidad de San Felipe y la Gobernaci\u00f3n Provincial, tuvo \u00e9xito de convocatoria, puesto que, pese a la alta temperatura que rein\u00f3 en el Valle de Aconcagua en la jornada sabatina, las familias sanfelipe\u00f1as se agolparon en gran n\u00famero a recorrer los distintos stands dispuestos por las madres organizadoras.<br \/>\nUna de sus anfitrionas, Gabriela Gallardo se mostr\u00f3 feliz de la recepci\u00f3n que tuvo el p\u00fablico sanfelipe\u00f1o argumentando que \u201cpese a que hicimos una convocatoria principalmente a trav\u00e9s de las redes sociales, hacemos un balance m\u00e1s que positivo al ver a tantas familias del Valle de Aconcagua, que se han reunido ac\u00e1 en la plaza c\u00edvica a disfrutar de nuestros talleres, a mirar a los expositores y a pasar un momento agradable celebrando la crianza respetuosa\u201d, indic\u00f3.<br \/>\nAdem\u00e1s Gallardo explic\u00f3 c\u00f3mo naci\u00f3 esta iniciativa contando que \u201csomos un grupo de mam\u00e1s que dejamos nuestros trabajos formales para dedicarnos a la crianza de nuestros hijos (as) y a partir de ah\u00ed empezamos nuestros emprendimientos desde casa y buscando la instancia de poder mostrar nuestros productos es que empezamos a organizar estas ferias\u201d, expuso.<br \/>\nRespecto del objetivo final de la iniciativa Gallardo agreg\u00f3 que \u201cnuestro c\u00edrculo pretende ser una red de apoyo para muchas familias que a veces est\u00e1n muy solos en la crianza y desde ese punto de vista promovemos la crianza con apego, en ese contexto promovemos la lactancia materna, el colecho, el porteo, todas pr\u00e1cticas que acercan la relaci\u00f3n de los beb\u00e9s hacia la mam\u00e1, que a veces es muy lejana en las sociedades occidentales y nosotros tratamos de volver a una crianza m\u00e1s natural\u201d, describi\u00f3.<br \/>\nEn relaci\u00f3n a si este tipo de exposiciones est\u00e1n apoyadas en alg\u00fan profesional o si finalmente es s\u00f3lo el amor de madre en estado puro el que se impone en estas ferias Gallardo explic\u00f3 que \u201chay pediatras y matronas que tambi\u00e9n nos apoyan en este sentido, cada vez hay m\u00e1s, pero por ejemplo hay muchos profesionales que recomiendan de entrada las leches de f\u00f3rmula, sin darse el trabajo de ayudar a una mam\u00e1 a empezar a lactar o a hacerle m\u00e1s f\u00e1cil el proceso, pero cada vez hay m\u00e1s profesionales que est\u00e1n en nuestra l\u00ednea y el estado a trav\u00e9s del programa Chile Crece Contigo fomenta lo mismo que nosotros\u201d.<br \/>\nPara Andrea Bernal, otra de las madres organizadoras de la ExpoAconcawawa 2015, es muy gratificante ver c\u00f3mo ha evolucionado esta iniciativa, argumentando que \u201cnosotros comenzamos haciendo c\u00edrculos de crianza, en donde convers\u00e1bamos diversos temas y ah\u00ed comenzamos a ver que hab\u00eda una gran necesidad de ver y conocer productos que apoyaran una crianza m\u00e1s natural y fue as\u00ed como empezamos con estas expo, para aprovechar espacios m\u00e1s amplios donde hay mayor diversidad de productos\u201d, indic\u00f3.<br \/>\nAsimismo Bernal se mostr\u00f3 entusiasmada de poder seguir ampliando la oferta de talleres y productos en las pr\u00f3ximas ediciones de la expo y proyect\u00f3 que \u201cestamos felices con lo que hemos avanzado este tiempo, como organizadora y como c\u00edrculo de mujeres, nuestros hijos van creciendo y en funci\u00f3n de eso y de los tiempos que tengamos vamos a ir ampliando en tiempo y en convocatoria\u201d, finaliz\u00f3.<\/p>\n<div class=\"tiled-gallery type-rectangular tiled-gallery-unresized\" data-original-width=\"640\" data-carousel-extra='null' itemscope itemtype=\"http:\/\/schema.org\/ImageGallery\" > <div class=\"gallery-row\" style=\"width: 640px; height: 211px;\" data-original-width=\"640\" data-original-height=\"211\" > <div class=\"gallery-group images-1\" style=\"width: 320px; height: 211px;\" data-original-width=\"320\" data-original-height=\"211\" > <div class=\"tiled-gallery-item tiled-gallery-item-large\" itemprop=\"associatedMedia\" itemscope itemtype=\"http:\/\/schema.org\/ImageObject\"> <a href=\"https:\/\/eltrabajo.cl\/portal\/iii-version-de-la-expoaconcawawa-tuvo-exito-de-convocatoria\/foto-3-5\/\" border=\"0\" itemprop=\"url\"> <meta itemprop=\"width\" content=\"316\"> <meta itemprop=\"height\" content=\"207\"> <img decoding=\"async\" class=\"\" data-attachment-id=\"63896\" data-orig-file=\"https:\/\/eltrabajo.cl\/portal\/wp-content\/uploads\/2015\/11\/FOTO-3.jpg\" data-orig-size=\"530,348\" data-comments-opened=\"1\" data-image-meta=\"{&quot;aperture&quot;:&quot;0&quot;,&quot;credit&quot;:&quot;&quot;,&quot;camera&quot;:&quot;&quot;,&quot;caption&quot;:&quot;&quot;,&quot;created_timestamp&quot;:&quot;0&quot;,&quot;copyright&quot;:&quot;&quot;,&quot;focal_length&quot;:&quot;0&quot;,&quot;iso&quot;:&quot;0&quot;,&quot;shutter_speed&quot;:&quot;0&quot;,&quot;title&quot;:&quot;&quot;,&quot;orientation&quot;:&quot;0&quot;}\" data-image-title=\"FOTO 3\" data-image-description=\"&lt;p&gt;Gabriela Gallardo, una de las organizadoras de la Expo.&lt;\/p&gt; \" data-medium-file=\"https:\/\/i0.wp.com\/eltrabajo.cl\/portal\/wp-content\/uploads\/2015\/11\/FOTO-3.jpg?fit=300%2C197&#038;ssl=1\" data-large-file=\"https:\/\/i0.wp.com\/eltrabajo.cl\/portal\/wp-content\/uploads\/2015\/11\/FOTO-3.jpg?fit=530%2C348&#038;ssl=1\" src=\"https:\/\/i0.wp.com\/eltrabajo.cl\/portal\/wp-content\/uploads\/2015\/11\/FOTO-3.jpg?w=316&#038;h=207&#038;ssl=1\" srcset=\"https:\/\/i0.wp.com\/eltrabajo.cl\/portal\/wp-content\/uploads\/2015\/11\/FOTO-3.jpg?w=530&amp;ssl=1 530w, https:\/\/i0.wp.com\/eltrabajo.cl\/portal\/wp-content\/uploads\/2015\/11\/FOTO-3.jpg?resize=200%2C131&amp;ssl=1 200w, https:\/\/i0.wp.com\/eltrabajo.cl\/portal\/wp-content\/uploads\/2015\/11\/FOTO-3.jpg?resize=300%2C197&amp;ssl=1 300w, https:\/\/i0.wp.com\/eltrabajo.cl\/portal\/wp-content\/uploads\/2015\/11\/FOTO-3.jpg?resize=228%2C150&amp;ssl=1 228w, https:\/\/i0.wp.com\/eltrabajo.cl\/portal\/wp-content\/uploads\/2015\/11\/FOTO-3.jpg?resize=400%2C263&amp;ssl=1 400w\" width=\"316\" height=\"207\" loading=\"lazy\" data-original-width=\"316\" data-original-height=\"207\" itemprop=\"http:\/\/schema.org\/image\" title=\"FOTO 3\" alt=\"Gabriela Gallardo, una de las organizadoras de la Expo.\" style=\"width: 316px; height: 207px;\" \/> <\/a> <div class=\"tiled-gallery-caption\" itemprop=\"caption description\"> Gabriela Gallardo, una de las organizadoras de la Expo. <\/div> <\/div> <\/div> <!-- close group --> <div class=\"gallery-group images-1\" style=\"width: 320px; height: 211px;\" data-original-width=\"320\" data-original-height=\"211\" > <div class=\"tiled-gallery-item tiled-gallery-item-large\" itemprop=\"associatedMedia\" itemscope itemtype=\"http:\/\/schema.org\/ImageObject\"> <a href=\"https:\/\/eltrabajo.cl\/portal\/iii-version-de-la-expoaconcawawa-tuvo-exito-de-convocatoria\/foto-4-3\/\" border=\"0\" itemprop=\"url\"> <meta itemprop=\"width\" content=\"316\"> <meta itemprop=\"height\" content=\"207\"> <img decoding=\"async\" class=\"\" data-attachment-id=\"63897\" data-orig-file=\"https:\/\/eltrabajo.cl\/portal\/wp-content\/uploads\/2015\/11\/FOTO-4.jpg\" data-orig-size=\"530,348\" data-comments-opened=\"1\" data-image-meta=\"{&quot;aperture&quot;:&quot;0&quot;,&quot;credit&quot;:&quot;&quot;,&quot;camera&quot;:&quot;&quot;,&quot;caption&quot;:&quot;&quot;,&quot;created_timestamp&quot;:&quot;0&quot;,&quot;copyright&quot;:&quot;&quot;,&quot;focal_length&quot;:&quot;0&quot;,&quot;iso&quot;:&quot;0&quot;,&quot;shutter_speed&quot;:&quot;0&quot;,&quot;title&quot;:&quot;&quot;,&quot;orientation&quot;:&quot;0&quot;}\" data-image-title=\"FOTO 4\" data-image-description=\"&lt;p&gt;Andrea Bernal, otra de las anfitrionas de este evento destinado a la maternidad.&lt;\/p&gt; \" data-medium-file=\"https:\/\/i0.wp.com\/eltrabajo.cl\/portal\/wp-content\/uploads\/2015\/11\/FOTO-4.jpg?fit=300%2C197&#038;ssl=1\" data-large-file=\"https:\/\/i0.wp.com\/eltrabajo.cl\/portal\/wp-content\/uploads\/2015\/11\/FOTO-4.jpg?fit=530%2C348&#038;ssl=1\" src=\"https:\/\/i0.wp.com\/eltrabajo.cl\/portal\/wp-content\/uploads\/2015\/11\/FOTO-4.jpg?w=316&#038;h=207&#038;ssl=1\" srcset=\"https:\/\/i0.wp.com\/eltrabajo.cl\/portal\/wp-content\/uploads\/2015\/11\/FOTO-4.jpg?w=530&amp;ssl=1 530w, https:\/\/i0.wp.com\/eltrabajo.cl\/portal\/wp-content\/uploads\/2015\/11\/FOTO-4.jpg?resize=200%2C131&amp;ssl=1 200w, https:\/\/i0.wp.com\/eltrabajo.cl\/portal\/wp-content\/uploads\/2015\/11\/FOTO-4.jpg?resize=300%2C197&amp;ssl=1 300w, https:\/\/i0.wp.com\/eltrabajo.cl\/portal\/wp-content\/uploads\/2015\/11\/FOTO-4.jpg?resize=228%2C150&amp;ssl=1 228w, https:\/\/i0.wp.com\/eltrabajo.cl\/portal\/wp-content\/uploads\/2015\/11\/FOTO-4.jpg?resize=400%2C263&amp;ssl=1 400w\" width=\"316\" height=\"207\" loading=\"lazy\" data-original-width=\"316\" data-original-height=\"207\" itemprop=\"http:\/\/schema.org\/image\" title=\"FOTO 4\" alt=\"Andrea Bernal, otra de las anfitrionas de este evento destinado a la maternidad.\" style=\"width: 316px; height: 207px;\" \/> <\/a> <div class=\"tiled-gallery-caption\" itemprop=\"caption description\"> Andrea Bernal, otra de las anfitrionas de este evento destinado a la maternidad. <\/div> <\/div> <\/div> <!-- close group --> <\/div> <!-- close row --> <\/div>\n","protected":false},"excerpt":{"rendered":"<p>Madres del Valle se deleitaron con nuevos productos, talleres y estilos de masajes que permiten fortalecer v\u00ednculo entre padres e hijos. Pa\u00f1ales ecol\u00f3gicos, porta beb\u00e9s ergon\u00f3micos, juguetes de madera, vestuario infantil, joyas&#8230;<\/p>\n","protected":false},"author":482,"featured_media":63895,"comment_status":"open","ping_status":"open","sticky":false,"template":"","format":"standard","meta":{"advanced_seo_description":"","jetpack_seo_html_title":"","jetpack_seo_noindex":false,"_jetpack_memberships_contains_paid_content":false,"footnotes":""},"categories":[15],"tags":[],"class_list":["post-63894","post","type-post","status-publish","format-standard","has-post-thumbnail","hentry","category-comunidad"],"jetpack_featured_media_url":"https:\/\/i0.wp.com\/eltrabajo.cl\/portal\/wp-content\/uploads\/2015\/11\/Expo-aconcawawa.jpg?fit=530%2C349&ssl=1","jetpack_sharing_enabled":true,"jetpack_likes_enabled":true,"jetpack-related-posts":[],"_links":{"self":[{"href":"https:\/\/eltrabajo.cl\/portal\/wp-json\/wp\/v2\/posts\/63894","targetHints":{"allow":["GET"]}}],"collection":[{"href":"https:\/\/eltrabajo.cl\/portal\/wp-json\/wp\/v2\/posts"}],"about":[{"href":"https:\/\/eltrabajo.cl\/portal\/wp-json\/wp\/v2\/types\/post"}],"author":[{"embeddable":true,"href":"https:\/\/eltrabajo.cl\/portal\/wp-json\/wp\/v2\/users\/482"}],"replies":[{"embeddable":true,"href":"https:\/\/eltrabajo.cl\/portal\/wp-json\/wp\/v2\/comments?post=63894"}],"version-history":[{"count":0,"href":"https:\/\/eltrabajo.cl\/portal\/wp-json\/wp\/v2\/posts\/63894\/revisions"}],"wp:featuredmedia":[{"embeddable":true,"href":"https:\/\/eltrabajo.cl\/portal\/wp-json\/wp\/v2\/media\/63895"}],"wp:attachment":[{"href":"https:\/\/eltrabajo.cl\/portal\/wp-json\/wp\/v2\/media?parent=63894"}],"wp:term":[{"taxonomy":"category","embeddable":true,"href":"https:\/\/eltrabajo.cl\/portal\/wp-json\/wp\/v2\/categories?post=63894"},{"taxonomy":"post_tag","embeddable":true,"href":"https:\/\/eltrabajo.cl\/portal\/wp-json\/wp\/v2\/tags?post=63894"}],"curies":[{"name":"wp","href":"https:\/\/api.w.org\/{rel}","templated":true}]}}