{"id":63899,"date":"2015-11-16T09:30:40","date_gmt":"2015-11-16T12:30:40","guid":{"rendered":"http:\/\/www.eltrabajo.cl\/portal\/?p=63899"},"modified":"2015-11-16T09:30:40","modified_gmt":"2015-11-16T12:30:40","slug":"comuna-de-panquehue-es-pionera-en-farmacias-populares","status":"publish","type":"post","link":"https:\/\/eltrabajo.cl\/portal\/comuna-de-panquehue-es-pionera-en-farmacias-populares\/","title":{"rendered":"Comuna de Panquehue es pionera en Farmacias Populares"},"content":{"rendered":"<figure id=\"attachment_63900\" aria-describedby=\"caption-attachment-63900\" style=\"width: 300px\" class=\"wp-caption alignleft\"><a href=\"https:\/\/i0.wp.com\/www.eltrabajo.cl\/portal\/wp-content\/uploads\/2015\/11\/Luis-Pradenas.jpg\"><img data-recalc-dims=\"1\" loading=\"lazy\" decoding=\"async\" class=\"wp-image-63900 size-medium\" src=\"https:\/\/i0.wp.com\/www.eltrabajo.cl\/portal\/wp-content\/uploads\/2015\/11\/Luis-Pradenas-300x198.jpg?resize=300%2C198\" alt=\"Alcalde de Panquehue Luis Pradenas. \" width=\"300\" height=\"198\" srcset=\"https:\/\/i0.wp.com\/eltrabajo.cl\/portal\/wp-content\/uploads\/2015\/11\/Luis-Pradenas.jpg?resize=300%2C198&amp;ssl=1 300w, https:\/\/i0.wp.com\/eltrabajo.cl\/portal\/wp-content\/uploads\/2015\/11\/Luis-Pradenas.jpg?resize=200%2C132&amp;ssl=1 200w, https:\/\/i0.wp.com\/eltrabajo.cl\/portal\/wp-content\/uploads\/2015\/11\/Luis-Pradenas.jpg?resize=228%2C150&amp;ssl=1 228w, https:\/\/i0.wp.com\/eltrabajo.cl\/portal\/wp-content\/uploads\/2015\/11\/Luis-Pradenas.jpg?resize=400%2C263&amp;ssl=1 400w, https:\/\/i0.wp.com\/eltrabajo.cl\/portal\/wp-content\/uploads\/2015\/11\/Luis-Pradenas.jpg?w=530&amp;ssl=1 530w\" sizes=\"auto, (max-width: 300px) 100vw, 300px\" \/><\/a><figcaption id=\"caption-attachment-63900\" class=\"wp-caption-text\">Alcalde de Panquehue Luis Pradenas.<\/figcaption><\/figure>\n<ul>\n<li><strong>Alcalde Luis Pradenas se\u00f1al\u00f3 que pese a valorar la idea de su colega Daniel Jadue, era necesario precisar cu\u00e1l es la diferencia que existe con el formato que utiliza su comuna.<\/strong><\/li>\n<\/ul>\n<p>El alcalde de la comuna de Panquehue Luis Pradenas, reaccion\u00f3 de forma enf\u00e1tica en relaci\u00f3n con la molestia que manifest\u00f3 su colega, el edil de la Comuna de Recoleta Daniel Jadue, al momento en que ambos fueron consultados por un medio de comunicaci\u00f3n nacional, respecto de la forma en que cada uno aborda la iniciativa de \u2018las farmacias populares\u2019.<br \/>\nMientras Jadue ha se\u00f1alado la idea de establecer en su comuna una Farmacia con administraci\u00f3n municipal, que pueda comprar y ofrecer medicamentos a precio costo a la ciudadan\u00eda, Pradenas, adem\u00e1s de aclarar que esta f\u00f3rmula ya funciona para los panquehuinos hace bastante tiempo, se encarg\u00f3 de establecer una diferencia no menor respecto de la iniciativa de su colega, diciendo que \u201ctodas las municipalidades tenemos la obligaci\u00f3n de mantener un padr\u00f3n de remedios o un stock que exige el ministerio de Salud, pero Panquehue tiene mucho m\u00e1s que eso, de una cantidad determinada de remedios obligatorios, nosotros tenemos 200 m\u00e1s, con un stock de m\u00e1s de 5oo mil comprimidos, que entregamos en forma gratuita. Esa es la gran distinci\u00f3n, en otros casos se dan a precio costo y nosotros los entregamos de forma gratuita a los m\u00e1s vulnerables, porque los municipios no estamos para un rol comercial\u201d, apunt\u00f3 el edil.<br \/>\nPradenas aprovech\u00f3 la instancia para describir el modus operandi con que funciona esta iniciativa en su comuna se\u00f1alando que \u201cestos remedios se compran por licitaci\u00f3n con presupuesto municipal y se entregan de acuerdo a las necesidades de las patolog\u00edas que van atendiendo los m\u00e9dicos\u201d, enfatiz\u00f3.<br \/>\nDe la misma forma, la m\u00e1xima autoridad de Panquehue afirm\u00f3 que \u201cAc\u00e1 hay que buscar que la comunidad se beneficie, no que las autoridades nos beneficiemos con algunas ideas, porque los recursos, tanto de Recoleta como los de Panquehue, son de toda la comunidad, nosotros somos simples administradores\u201d y remat\u00f3 diciendo \u201cQue a m\u00ed me hagan alabanzas por esto no corresponde, es obligaci\u00f3n de cada alcalde buscar la f\u00f3rmula de administrar de la mejor forma los recursos y m\u00e1s cuando lo haces en una zona que tiene un 75 % de ruralidad y vulnerabilidad\u201d, finaliz\u00f3.<br \/>\nTras esto, el edil panquehuino aprovech\u00f3 de indicar que en su comuna el tema de los medicamentos gratuitos se hace extensivo a los ex\u00e1menes y a las consultas de M\u00e9dicos Especialistas. Con el fin de reducir los largos tiempos de espera que demanda la Salud P\u00fablica, cuando se trata de alguna patolog\u00eda que necesita una respuesta m\u00e9dica urgente, la Municipalidad de Panquehue se encarga de financiar una parte de esos estudios.<\/p>\n","protected":false},"excerpt":{"rendered":"<p>Alcalde Luis Pradenas se\u00f1al\u00f3 que pese a valorar la idea de su colega Daniel Jadue, era necesario precisar cu\u00e1l es la diferencia que existe con el formato que utiliza su comuna. El&#8230;<\/p>\n","protected":false},"author":482,"featured_media":63900,"comment_status":"open","ping_status":"open","sticky":false,"template":"","format":"standard","meta":{"advanced_seo_description":"","jetpack_seo_html_title":"","jetpack_seo_noindex":false,"_jetpack_memberships_contains_paid_content":false,"footnotes":""},"categories":[15],"tags":[],"class_list":["post-63899","post","type-post","status-publish","format-standard","has-post-thumbnail","hentry","category-comunidad"],"jetpack_featured_media_url":"https:\/\/i0.wp.com\/eltrabajo.cl\/portal\/wp-content\/uploads\/2015\/11\/Luis-Pradenas.jpg?fit=530%2C349&ssl=1","jetpack_sharing_enabled":true,"jetpack_likes_enabled":true,"jetpack-related-posts":[],"_links":{"self":[{"href":"https:\/\/eltrabajo.cl\/portal\/wp-json\/wp\/v2\/posts\/63899","targetHints":{"allow":["GET"]}}],"collection":[{"href":"https:\/\/eltrabajo.cl\/portal\/wp-json\/wp\/v2\/posts"}],"about":[{"href":"https:\/\/eltrabajo.cl\/portal\/wp-json\/wp\/v2\/types\/post"}],"author":[{"embeddable":true,"href":"https:\/\/eltrabajo.cl\/portal\/wp-json\/wp\/v2\/users\/482"}],"replies":[{"embeddable":true,"href":"https:\/\/eltrabajo.cl\/portal\/wp-json\/wp\/v2\/comments?post=63899"}],"version-history":[{"count":0,"href":"https:\/\/eltrabajo.cl\/portal\/wp-json\/wp\/v2\/posts\/63899\/revisions"}],"wp:featuredmedia":[{"embeddable":true,"href":"https:\/\/eltrabajo.cl\/portal\/wp-json\/wp\/v2\/media\/63900"}],"wp:attachment":[{"href":"https:\/\/eltrabajo.cl\/portal\/wp-json\/wp\/v2\/media?parent=63899"}],"wp:term":[{"taxonomy":"category","embeddable":true,"href":"https:\/\/eltrabajo.cl\/portal\/wp-json\/wp\/v2\/categories?post=63899"},{"taxonomy":"post_tag","embeddable":true,"href":"https:\/\/eltrabajo.cl\/portal\/wp-json\/wp\/v2\/tags?post=63899"}],"curies":[{"name":"wp","href":"https:\/\/api.w.org\/{rel}","templated":true}]}}