{"id":63902,"date":"2015-11-16T09:32:33","date_gmt":"2015-11-16T12:32:33","guid":{"rendered":"http:\/\/www.eltrabajo.cl\/portal\/?p=63902"},"modified":"2015-11-16T09:32:33","modified_gmt":"2015-11-16T12:32:33","slug":"organizaciones-aconcaguinas-se-adjudicaron-fondos-concursables-de-esval","status":"publish","type":"post","link":"https:\/\/eltrabajo.cl\/portal\/organizaciones-aconcaguinas-se-adjudicaron-fondos-concursables-de-esval\/","title":{"rendered":"Organizaciones aconcag\u00fcinas se adjudicaron Fondos Concursables de Esval"},"content":{"rendered":"<figure id=\"attachment_63903\" aria-describedby=\"caption-attachment-63903\" style=\"width: 300px\" class=\"wp-caption alignleft\"><a href=\"https:\/\/i0.wp.com\/www.eltrabajo.cl\/portal\/wp-content\/uploads\/2015\/11\/Jurado-fondos-concursables.jpg\"><img data-recalc-dims=\"1\" loading=\"lazy\" decoding=\"async\" class=\"wp-image-63903 size-medium\" src=\"https:\/\/i0.wp.com\/www.eltrabajo.cl\/portal\/wp-content\/uploads\/2015\/11\/Jurado-fondos-concursables-300x198.jpg?resize=300%2C198\" alt=\"El jurado encargado del proceso de selecci\u00f3n estuvo integrado por la seremi de Medio Ambiente, Tania Bertoglio; el editor de TVN Valpara\u00edso, Enzo Poblete; el coordinador de Administraci\u00f3n y Desarrollo de Techo Regi\u00f3n de Valpara\u00edso, Am\u00e9rico Alvarado; el gerente de Clientes de Esval, Cristian Vergara; y el gerente de Asuntos Corporativos de la compa\u00f1\u00eda, Jaime Henr\u00edquez.\" width=\"300\" height=\"198\" srcset=\"https:\/\/i0.wp.com\/eltrabajo.cl\/portal\/wp-content\/uploads\/2015\/11\/Jurado-fondos-concursables.jpg?resize=300%2C198&amp;ssl=1 300w, https:\/\/i0.wp.com\/eltrabajo.cl\/portal\/wp-content\/uploads\/2015\/11\/Jurado-fondos-concursables.jpg?resize=200%2C132&amp;ssl=1 200w, https:\/\/i0.wp.com\/eltrabajo.cl\/portal\/wp-content\/uploads\/2015\/11\/Jurado-fondos-concursables.jpg?resize=228%2C150&amp;ssl=1 228w, https:\/\/i0.wp.com\/eltrabajo.cl\/portal\/wp-content\/uploads\/2015\/11\/Jurado-fondos-concursables.jpg?resize=400%2C263&amp;ssl=1 400w, https:\/\/i0.wp.com\/eltrabajo.cl\/portal\/wp-content\/uploads\/2015\/11\/Jurado-fondos-concursables.jpg?w=530&amp;ssl=1 530w\" sizes=\"auto, (max-width: 300px) 100vw, 300px\" \/><\/a><figcaption id=\"caption-attachment-63903\" class=\"wp-caption-text\">El jurado encargado del proceso de selecci\u00f3n estuvo integrado por la seremi de Medio Ambiente, Tania Bertoglio; el editor de TVN Valpara\u00edso, Enzo Poblete; el coordinador de Administraci\u00f3n y Desarrollo de Techo Regi\u00f3n de Valpara\u00edso, Am\u00e9rico Alvarado; el gerente de Clientes de Esval, Cristian Vergara; y el gerente de Asuntos Corporativos de la compa\u00f1\u00eda, Jaime Henr\u00edquez.<\/figcaption><\/figure>\n<ul>\n<li><strong>Iniciativas seleccionadas recibir\u00e1n hasta $2 millones para financiar sus proyectos.<\/strong><\/li>\n<\/ul>\n<p>Un total de 40 proyectos resultaron ganadores del Fondo Concursable \u2018Contigo en Cada Gota\u2019 de Esval, que en su segunda versi\u00f3n destinar\u00e1 m\u00e1s de $65 millones para apoyar iniciativas de organizaciones sociales de toda la regi\u00f3n. Cabe se\u00f1alar que m\u00e1s de un tercio de los proyectos seleccionados corresponden a organizaciones del Valle de Aconcagua, con 14 iniciativas premiadas en total. De ellas, 10 son de la provincia de Los Andes, y las 4 restantes de la provincia de San Felipe. La representaci\u00f3n por comunas fue diversa, ya que hubo 6 ganadores de Los Andes; 3 de Calle Larga y Santa Mar\u00eda; mientras que San Felipe y San Esteban aportaron con una iniciativa seleccionada.<br \/>\nEl gerente de Asuntos Corporativos de Esval, Jaime Henr\u00edquez se\u00f1al\u00f3 que \u201chemos aumentado en un 30 % los recursos disponibles, con el fin de apoyar a m\u00e1s proyectos. Las comunidades han demostrado un gran inter\u00e9s en postular, y este a\u00f1o, dado el contexto de sequ\u00eda, hemos enfocado este Fondo a iniciativas orientadas al cuidado y uso responsable del recurso h\u00eddrico\u201d.<br \/>\nLas organizaciones beneficiadas recibir\u00e1n financiamiento desde los $336.000 hasta los $2 millones para concretar sus ideas, las que podr\u00e1n ejecutar desde fines de noviembre hasta marzo de 2016. Los ganadores ser\u00e1n notificados v\u00eda telef\u00f3nica y a trav\u00e9s de correo electr\u00f3nico. A su vez, toda la informaci\u00f3n estar\u00e1 disponible en www.esval.cl.<\/p>\n","protected":false},"excerpt":{"rendered":"<p>Iniciativas seleccionadas recibir\u00e1n hasta $2 millones para financiar sus proyectos. Un total de 40 proyectos resultaron ganadores del Fondo Concursable \u2018Contigo en Cada Gota\u2019 de Esval, que en su segunda versi\u00f3n destinar\u00e1&#8230;<\/p>\n","protected":false},"author":482,"featured_media":63903,"comment_status":"open","ping_status":"open","sticky":false,"template":"","format":"standard","meta":{"advanced_seo_description":"","jetpack_seo_html_title":"","jetpack_seo_noindex":false,"_jetpack_memberships_contains_paid_content":false,"footnotes":""},"categories":[15],"tags":[],"class_list":["post-63902","post","type-post","status-publish","format-standard","has-post-thumbnail","hentry","category-comunidad"],"jetpack_featured_media_url":"https:\/\/i0.wp.com\/eltrabajo.cl\/portal\/wp-content\/uploads\/2015\/11\/Jurado-fondos-concursables.jpg?fit=530%2C349&ssl=1","jetpack_sharing_enabled":true,"jetpack_likes_enabled":true,"jetpack-related-posts":[],"_links":{"self":[{"href":"https:\/\/eltrabajo.cl\/portal\/wp-json\/wp\/v2\/posts\/63902","targetHints":{"allow":["GET"]}}],"collection":[{"href":"https:\/\/eltrabajo.cl\/portal\/wp-json\/wp\/v2\/posts"}],"about":[{"href":"https:\/\/eltrabajo.cl\/portal\/wp-json\/wp\/v2\/types\/post"}],"author":[{"embeddable":true,"href":"https:\/\/eltrabajo.cl\/portal\/wp-json\/wp\/v2\/users\/482"}],"replies":[{"embeddable":true,"href":"https:\/\/eltrabajo.cl\/portal\/wp-json\/wp\/v2\/comments?post=63902"}],"version-history":[{"count":0,"href":"https:\/\/eltrabajo.cl\/portal\/wp-json\/wp\/v2\/posts\/63902\/revisions"}],"wp:featuredmedia":[{"embeddable":true,"href":"https:\/\/eltrabajo.cl\/portal\/wp-json\/wp\/v2\/media\/63903"}],"wp:attachment":[{"href":"https:\/\/eltrabajo.cl\/portal\/wp-json\/wp\/v2\/media?parent=63902"}],"wp:term":[{"taxonomy":"category","embeddable":true,"href":"https:\/\/eltrabajo.cl\/portal\/wp-json\/wp\/v2\/categories?post=63902"},{"taxonomy":"post_tag","embeddable":true,"href":"https:\/\/eltrabajo.cl\/portal\/wp-json\/wp\/v2\/tags?post=63902"}],"curies":[{"name":"wp","href":"https:\/\/api.w.org\/{rel}","templated":true}]}}