{"id":63905,"date":"2015-11-16T09:34:05","date_gmt":"2015-11-16T12:34:05","guid":{"rendered":"http:\/\/www.eltrabajo.cl\/portal\/?p=63905"},"modified":"2015-11-16T09:34:05","modified_gmt":"2015-11-16T12:34:05","slug":"autoridades-entregan-estanques-que-beneficiaran-a-los-apr-de-riecillo-rio-colorado-y-los-espinos","status":"publish","type":"post","link":"https:\/\/eltrabajo.cl\/portal\/autoridades-entregan-estanques-que-beneficiaran-a-los-apr-de-riecillo-rio-colorado-y-los-espinos\/","title":{"rendered":"Autoridades entregan estanques que beneficiar\u00e1n a los APR de Riecillo, R\u00edo Colorado y Los Espinos"},"content":{"rendered":"<figure id=\"attachment_63906\" aria-describedby=\"caption-attachment-63906\" style=\"width: 300px\" class=\"wp-caption alignleft\"><a href=\"https:\/\/i0.wp.com\/www.eltrabajo.cl\/portal\/wp-content\/uploads\/2015\/11\/Estanques-San-Esteban.jpg\"><img data-recalc-dims=\"1\" loading=\"lazy\" decoding=\"async\" class=\"wp-image-63906 size-medium\" src=\"https:\/\/i0.wp.com\/www.eltrabajo.cl\/portal\/wp-content\/uploads\/2015\/11\/Estanques-San-Esteban-300x198.jpg?resize=300%2C198\" alt=\"8 estanques en total fueron entregados a vecinos del Camino Internacional, beneficiando a los comit\u00e9s de Agua Potable Rural (APR) de Riecillo, R\u00edo Colorado y Los Espinos.\" width=\"300\" height=\"198\" srcset=\"https:\/\/i0.wp.com\/eltrabajo.cl\/portal\/wp-content\/uploads\/2015\/11\/Estanques-San-Esteban.jpg?resize=300%2C198&amp;ssl=1 300w, https:\/\/i0.wp.com\/eltrabajo.cl\/portal\/wp-content\/uploads\/2015\/11\/Estanques-San-Esteban.jpg?resize=200%2C132&amp;ssl=1 200w, https:\/\/i0.wp.com\/eltrabajo.cl\/portal\/wp-content\/uploads\/2015\/11\/Estanques-San-Esteban.jpg?resize=227%2C150&amp;ssl=1 227w, https:\/\/i0.wp.com\/eltrabajo.cl\/portal\/wp-content\/uploads\/2015\/11\/Estanques-San-Esteban.jpg?resize=400%2C264&amp;ssl=1 400w, https:\/\/i0.wp.com\/eltrabajo.cl\/portal\/wp-content\/uploads\/2015\/11\/Estanques-San-Esteban.jpg?w=530&amp;ssl=1 530w\" sizes=\"auto, (max-width: 300px) 100vw, 300px\" \/><\/a><figcaption id=\"caption-attachment-63906\" class=\"wp-caption-text\">8 estanques en total fueron entregados a vecinos del Camino Internacional, beneficiando a los comit\u00e9s de Agua Potable Rural (APR) de Riecillo, R\u00edo Colorado y Los Espinos.<\/figcaption><\/figure>\n<p><strong>SAN ESTEBAN.<\/strong>&#8211; Cuatro estanques de 10 mil litros y otros cuatro con capacidad de 2400 entregaron la gobernadora provincial de Los Andes Mar\u00eda Victoria Rodr\u00edguez y el alcalde de la comuna de San Esteban, Ren\u00e9 Mardones, a localidades del Camino Internacional a trav\u00e9s de la Mesa de Escasez H\u00eddrica, beneficiando a los comit\u00e9s de Agua Potable Rural (APR) de Riecillo, R\u00edo Colorado y Los Espinos.<br \/>\nLos ocho estanques totalizaron una inversi\u00f3n superior a los 4 millones 500 mil pesos, los cuales fueron gestionados gracias a la Mesa de Escasez H\u00eddrica y Consumo Humano, la cual est\u00e1 compuesta por los quince APR existentes en la provincia de Los Andes y que se han reunido en varias ocasiones para estudiar la situaci\u00f3n de escasez h\u00eddrica en la zona, llegando a acuerdos positivos para el beneficio de localidades sin acceso al suministro de agua potable, donde prim\u00f3 la solidaridad y trabajo en equipo de los comit\u00e9s de Agua Potable Rural. Se beneficiar\u00e1 a m\u00e1s de 50 familias.<br \/>\nEl alcalde de la comuna de San Esteban, Ren\u00e9 Mardones, se\u00f1al\u00f3 que \u201chay que valorar el trabajo de los dirigentes, quienes concurren con los requerimientos para que el Estado y los estamentos pertinentes salgan al paso de ellos, tanto del Gobierno de la Presidenta Michelle Bachelet, como con el delegado nacional de Recursos H\u00eddricos, Reinaldo Ruiz, y el regional, Marcelo Herrera. Esto da cuenta del apoyo sistem\u00e1tico que hemos entregado al Camino Internacional, de que hemos generado espacios de una segunda compa\u00f1\u00eda del Cuerpo de Bomberos de San Esteban que est\u00e1 en desarrollo y se va a concretar. Hay una serie de proyectos, salud, educaci\u00f3n, seguridad ciudadana, y seguiremos trabajando con la gobernadora, los vecinos y el municipio\u201d.<br \/>\nLa secretaria administrativa del comit\u00e9 de los sectores R\u00edo Colorado, Los Chacayes y Primera Quebrada, Gissella Le\u00f3n, sostuvo que \u201c\u00e9ramos un sector que ten\u00eda baja presi\u00f3n. Estos estanques nos ayudan mucho para solucionar el problema, m\u00e1s o menos en las 30 casas de villa El Dorado y Primera Quebrada. En el verano tenemos problemas por las piscinas y mayor consumo, ah\u00ed tenemos problemas. En el d\u00eda baja y en la noche sube. En enero, m\u00e1s o menos, se podr\u00eda solucionar eso para las familias que han tenido este problema siempre\u201d.<br \/>\nEn tanto, el presidente de la Junta de Vecinos de Los Espinos, Rub\u00e9n Castro, agradeci\u00f3 la entrega de estanques y mencion\u00f3 que \u201cnunca hemos tenido agua potable. Ten\u00edamos una vertiente que se destruy\u00f3. La gobernadora nos ayud\u00f3 por sus gestiones a proporcionar estos estanques y del municipio por medio del alcalde Ren\u00e9 Mardones que nunca nos ha dejado votados\u201d.<br \/>\nFinalmente, Liliana Masm\u00e1n, tesorera del APR de Riecillo, expres\u00f3 que \u201cdoy gracias a la gobernadora, al alcalde Mardones, por el aporte que permite darle un buen servicio a la comunidad y a los vecinos que no tienen agua. Con estos estanques que nos est\u00e1n llegando m\u00e1s otros tendr\u00e1n el servicio que ellos requieren\u201d.<\/p>\n","protected":false},"excerpt":{"rendered":"<p>SAN ESTEBAN.&#8211; Cuatro estanques de 10 mil litros y otros cuatro con capacidad de 2400 entregaron la gobernadora provincial de Los Andes Mar\u00eda Victoria Rodr\u00edguez y el alcalde de la comuna de&#8230;<\/p>\n","protected":false},"author":482,"featured_media":63906,"comment_status":"open","ping_status":"open","sticky":false,"template":"","format":"standard","meta":{"advanced_seo_description":"","jetpack_seo_html_title":"","jetpack_seo_noindex":false,"_jetpack_memberships_contains_paid_content":false,"footnotes":""},"categories":[1],"tags":[],"class_list":["post-63905","post","type-post","status-publish","format-standard","has-post-thumbnail","hentry","category-cronica"],"jetpack_featured_media_url":"https:\/\/i0.wp.com\/eltrabajo.cl\/portal\/wp-content\/uploads\/2015\/11\/Estanques-San-Esteban.jpg?fit=530%2C350&ssl=1","jetpack_sharing_enabled":true,"jetpack_likes_enabled":true,"jetpack-related-posts":[],"_links":{"self":[{"href":"https:\/\/eltrabajo.cl\/portal\/wp-json\/wp\/v2\/posts\/63905","targetHints":{"allow":["GET"]}}],"collection":[{"href":"https:\/\/eltrabajo.cl\/portal\/wp-json\/wp\/v2\/posts"}],"about":[{"href":"https:\/\/eltrabajo.cl\/portal\/wp-json\/wp\/v2\/types\/post"}],"author":[{"embeddable":true,"href":"https:\/\/eltrabajo.cl\/portal\/wp-json\/wp\/v2\/users\/482"}],"replies":[{"embeddable":true,"href":"https:\/\/eltrabajo.cl\/portal\/wp-json\/wp\/v2\/comments?post=63905"}],"version-history":[{"count":0,"href":"https:\/\/eltrabajo.cl\/portal\/wp-json\/wp\/v2\/posts\/63905\/revisions"}],"wp:featuredmedia":[{"embeddable":true,"href":"https:\/\/eltrabajo.cl\/portal\/wp-json\/wp\/v2\/media\/63906"}],"wp:attachment":[{"href":"https:\/\/eltrabajo.cl\/portal\/wp-json\/wp\/v2\/media?parent=63905"}],"wp:term":[{"taxonomy":"category","embeddable":true,"href":"https:\/\/eltrabajo.cl\/portal\/wp-json\/wp\/v2\/categories?post=63905"},{"taxonomy":"post_tag","embeddable":true,"href":"https:\/\/eltrabajo.cl\/portal\/wp-json\/wp\/v2\/tags?post=63905"}],"curies":[{"name":"wp","href":"https:\/\/api.w.org\/{rel}","templated":true}]}}