{"id":63911,"date":"2015-11-16T09:37:59","date_gmt":"2015-11-16T12:37:59","guid":{"rendered":"http:\/\/www.eltrabajo.cl\/portal\/?p=63911"},"modified":"2015-11-16T09:37:59","modified_gmt":"2015-11-16T12:37:59","slug":"autoridades-visitan-centro-diurno-de-adultos-mayores-en-la-comuna-de-san-felipe","status":"publish","type":"post","link":"https:\/\/eltrabajo.cl\/portal\/autoridades-visitan-centro-diurno-de-adultos-mayores-en-la-comuna-de-san-felipe\/","title":{"rendered":"Autoridades visitan Centro Diurno de adultos mayores en la comuna de San Felipe"},"content":{"rendered":"<figure id=\"attachment_63912\" aria-describedby=\"caption-attachment-63912\" style=\"width: 300px\" class=\"wp-caption alignleft\"><a href=\"https:\/\/i0.wp.com\/www.eltrabajo.cl\/portal\/wp-content\/uploads\/2015\/11\/Centro-diurno-de-Adultos-1.jpg\"><img data-recalc-dims=\"1\" loading=\"lazy\" decoding=\"async\" class=\"wp-image-63912 size-medium\" src=\"https:\/\/i0.wp.com\/www.eltrabajo.cl\/portal\/wp-content\/uploads\/2015\/11\/Centro-diurno-de-Adultos-1-300x198.jpg?resize=300%2C198\" alt=\"El seremi de Desarrollo Social de Valpara\u00edso, Abel Gallardo, junto al gobernador Eduardo Le\u00f3n y el alcalde Patricio Freire, visitaron el Centro de D\u00eda para adultos mayores de San Felipe.\" width=\"300\" height=\"198\" srcset=\"https:\/\/i0.wp.com\/eltrabajo.cl\/portal\/wp-content\/uploads\/2015\/11\/Centro-diurno-de-Adultos-1.jpg?resize=300%2C198&amp;ssl=1 300w, https:\/\/i0.wp.com\/eltrabajo.cl\/portal\/wp-content\/uploads\/2015\/11\/Centro-diurno-de-Adultos-1.jpg?resize=200%2C132&amp;ssl=1 200w, https:\/\/i0.wp.com\/eltrabajo.cl\/portal\/wp-content\/uploads\/2015\/11\/Centro-diurno-de-Adultos-1.jpg?resize=227%2C150&amp;ssl=1 227w, https:\/\/i0.wp.com\/eltrabajo.cl\/portal\/wp-content\/uploads\/2015\/11\/Centro-diurno-de-Adultos-1.jpg?resize=400%2C264&amp;ssl=1 400w, https:\/\/i0.wp.com\/eltrabajo.cl\/portal\/wp-content\/uploads\/2015\/11\/Centro-diurno-de-Adultos-1.jpg?w=530&amp;ssl=1 530w\" sizes=\"auto, (max-width: 300px) 100vw, 300px\" \/><\/a><figcaption id=\"caption-attachment-63912\" class=\"wp-caption-text\">El seremi de Desarrollo Social de Valpara\u00edso, Abel Gallardo, junto al gobernador Eduardo Le\u00f3n y el alcalde Patricio Freire, visitaron el Centro de D\u00eda para adultos mayores de San Felipe.<\/figcaption><\/figure>\n<ul>\n<li><strong>Iniciativa es apoyada por Senama y por el municipio, entregando una atenci\u00f3n a 50 personas.<\/strong><\/li>\n<\/ul>\n<p>Junto a autoridades de la provincia de San Felipe, el seremi de Desarrollo Social de Valpara\u00edso, Abel Gallardo, visit\u00f3 el Centro de D\u00eda para adultos mayores que existe en la ciudad con la finalidad de saludar a las personas que asisten al lugar y comprobar la amplia gama de actividades que le ofrece el equipo de profesionales que trabaja en la iniciativa que desarrolla de manera conjunta Senama y el municipio sanfelipe\u00f1o.<br \/>\n\u201cUna de las preocupaciones m\u00e1s importantes que tiene la Presidenta Bachelet son los adultos mayores, por lo que se est\u00e1 trabajando en un Sistema Nacional para el cuidado de los adultos mayores, ya que hay muchos de ellos que est\u00e1n abandonados y no tienen redes sociales o familiares, por lo que el Estado entiende que debe hacerse cargo de ellos\u201d, coment\u00f3 el seremi Abel Gallardo, junto con agregar que \u201cme sorprendi\u00f3 gratamente la calidad del trabajo que se realiza en este centro\u201d.<br \/>\nDe igual forma, el secretario regional ministerial destac\u00f3 la labor del municipio, que ha mostrado \u201cresponsabilidad y compromiso para abordar los temas de los adultos mayores en conjunto con el Senama y el ministerio de Desarrollo Social. Sin la voluntad de la municipalidad seguramente no podr\u00edamos haber obtenido los avances que este tipo de centro presenta\u201d.<br \/>\n\u201cLos adultos mayores que asisten a este centro nos han dicho lo alegres que est\u00e1n por esta preocupaci\u00f3n tan cercana\u201d, agreg\u00f3 Gallardo, \u201cpor lo que vamos a seguir colaborando con el municipio para poder ampliar la oferta que tienen, ya que en esta ciudad hay muchos adultos mayores que quieren y merecen la atenci\u00f3n del Estado y de todos nosotros\u2026a ellos les debemos mucho\u201d.<br \/>\nActualmente el Centro de D\u00eda para adultos mayores en San Felipe atiende a 50 personas y funciona desde las 8:30 a las 18 horas de lunes a viernes, destacando la realizaci\u00f3n de actividades como un show con m\u00fasica en vivo que se hizo durante el mes de septiembre y talleres de desarrollo cognitivo, f\u00edsicos y sociales. Junto a eso, Felipe Jara, kinesi\u00f3logo y coordinador del centro, cont\u00f3 que \u201chemos realizado talleres sobre prevenci\u00f3n de ca\u00eddas, charlas sobre prestaciones sociales o buen trato, junto a otras m\u00e1s recreativas, como de hierbas medicinales, de meditaci\u00f3n y relajaci\u00f3n o baile entretenido\u201d.<br \/>\nEl alcalde Patricio Freire manifest\u00f3 que la municipalidad seguir\u00e1 respaldando este tipo de centros. \u201cSiempre hemos apoyado este centro que es parte de nuestra comuna y que cada d\u00eda lo estamos haciendo m\u00e1s grande. Queremos seguir trabajando desde muy cerca con los adultos mayores\u201d, concluy\u00f3.<\/p>\n","protected":false},"excerpt":{"rendered":"<p>Iniciativa es apoyada por Senama y por el municipio, entregando una atenci\u00f3n a 50 personas. Junto a autoridades de la provincia de San Felipe, el seremi de Desarrollo Social de Valpara\u00edso, Abel&#8230;<\/p>\n","protected":false},"author":482,"featured_media":63912,"comment_status":"open","ping_status":"open","sticky":false,"template":"","format":"standard","meta":{"advanced_seo_description":"","jetpack_seo_html_title":"","jetpack_seo_noindex":false,"_jetpack_memberships_contains_paid_content":false,"footnotes":""},"categories":[1],"tags":[],"class_list":["post-63911","post","type-post","status-publish","format-standard","has-post-thumbnail","hentry","category-cronica"],"jetpack_featured_media_url":"https:\/\/i0.wp.com\/eltrabajo.cl\/portal\/wp-content\/uploads\/2015\/11\/Centro-diurno-de-Adultos-1.jpg?fit=530%2C350&ssl=1","jetpack_sharing_enabled":true,"jetpack_likes_enabled":true,"jetpack-related-posts":[],"_links":{"self":[{"href":"https:\/\/eltrabajo.cl\/portal\/wp-json\/wp\/v2\/posts\/63911","targetHints":{"allow":["GET"]}}],"collection":[{"href":"https:\/\/eltrabajo.cl\/portal\/wp-json\/wp\/v2\/posts"}],"about":[{"href":"https:\/\/eltrabajo.cl\/portal\/wp-json\/wp\/v2\/types\/post"}],"author":[{"embeddable":true,"href":"https:\/\/eltrabajo.cl\/portal\/wp-json\/wp\/v2\/users\/482"}],"replies":[{"embeddable":true,"href":"https:\/\/eltrabajo.cl\/portal\/wp-json\/wp\/v2\/comments?post=63911"}],"version-history":[{"count":0,"href":"https:\/\/eltrabajo.cl\/portal\/wp-json\/wp\/v2\/posts\/63911\/revisions"}],"wp:featuredmedia":[{"embeddable":true,"href":"https:\/\/eltrabajo.cl\/portal\/wp-json\/wp\/v2\/media\/63912"}],"wp:attachment":[{"href":"https:\/\/eltrabajo.cl\/portal\/wp-json\/wp\/v2\/media?parent=63911"}],"wp:term":[{"taxonomy":"category","embeddable":true,"href":"https:\/\/eltrabajo.cl\/portal\/wp-json\/wp\/v2\/categories?post=63911"},{"taxonomy":"post_tag","embeddable":true,"href":"https:\/\/eltrabajo.cl\/portal\/wp-json\/wp\/v2\/tags?post=63911"}],"curies":[{"name":"wp","href":"https:\/\/api.w.org\/{rel}","templated":true}]}}