{"id":63914,"date":"2015-11-16T09:40:51","date_gmt":"2015-11-16T12:40:51","guid":{"rendered":"http:\/\/www.eltrabajo.cl\/portal\/?p=63914"},"modified":"2015-11-16T09:40:51","modified_gmt":"2015-11-16T12:40:51","slug":"adolescente-acuso-a-padrastro-de-abusos-sexuales-en-el-senorial","status":"publish","type":"post","link":"https:\/\/eltrabajo.cl\/portal\/adolescente-acuso-a-padrastro-de-abusos-sexuales-en-el-senorial\/","title":{"rendered":"Adolescente acus\u00f3 a padrastro de abusos sexuales en El Se\u00f1orial"},"content":{"rendered":"<figure id=\"attachment_63915\" aria-describedby=\"caption-attachment-63915\" style=\"width: 300px\" class=\"wp-caption alignleft\"><a href=\"https:\/\/i0.wp.com\/www.eltrabajo.cl\/portal\/wp-content\/uploads\/2015\/11\/IMPUTADO-ABUSO-SEXUAL.jpg\"><img data-recalc-dims=\"1\" loading=\"lazy\" decoding=\"async\" class=\"wp-image-63915 size-medium\" src=\"https:\/\/i0.wp.com\/www.eltrabajo.cl\/portal\/wp-content\/uploads\/2015\/11\/IMPUTADO-ABUSO-SEXUAL-300x198.jpg?resize=300%2C198\" alt=\"El imputado de iniciales I.S.G. de 36 a\u00f1os de edad luego de ser detenido por Carabineros fue dejado en libertad por instrucci\u00f3n de la Fiscal\u00eda que investigar\u00e1 el caso.\" width=\"300\" height=\"198\" srcset=\"https:\/\/i0.wp.com\/eltrabajo.cl\/portal\/wp-content\/uploads\/2015\/11\/IMPUTADO-ABUSO-SEXUAL.jpg?resize=300%2C198&amp;ssl=1 300w, https:\/\/i0.wp.com\/eltrabajo.cl\/portal\/wp-content\/uploads\/2015\/11\/IMPUTADO-ABUSO-SEXUAL.jpg?resize=200%2C132&amp;ssl=1 200w, https:\/\/i0.wp.com\/eltrabajo.cl\/portal\/wp-content\/uploads\/2015\/11\/IMPUTADO-ABUSO-SEXUAL.jpg?resize=227%2C150&amp;ssl=1 227w, https:\/\/i0.wp.com\/eltrabajo.cl\/portal\/wp-content\/uploads\/2015\/11\/IMPUTADO-ABUSO-SEXUAL.jpg?resize=400%2C264&amp;ssl=1 400w, https:\/\/i0.wp.com\/eltrabajo.cl\/portal\/wp-content\/uploads\/2015\/11\/IMPUTADO-ABUSO-SEXUAL.jpg?w=530&amp;ssl=1 530w\" sizes=\"auto, (max-width: 300px) 100vw, 300px\" \/><\/a><figcaption id=\"caption-attachment-63915\" class=\"wp-caption-text\">El imputado de iniciales I.S.G. de 36 a\u00f1os de edad luego de ser detenido por Carabineros fue dejado en libertad por instrucci\u00f3n de la Fiscal\u00eda que investigar\u00e1 el caso.<\/figcaption><\/figure>\n<ul>\n<li><strong>La v\u00edctima de 17 a\u00f1os asegur\u00f3 haber sufrido tocaciones en su cuerpo e insinuaciones sexuales por su padrastro, quien es tutor legal de la menor. El caso se encuentra en investigaci\u00f3n por parte de la Brigada de Delitos Sexuales de la PDI de Los Andes.<\/strong><\/li>\n<\/ul>\n<p>Consternada al interior de su dormitorio, una adolescente de 17 a\u00f1os de edad, requiri\u00f3 la presencia de Carabineros para denunciar a su padrastro, quien seg\u00fan su relato le habr\u00eda realizado tocaciones en su cuerpo con insinuaciones de car\u00e1cter sexual al interior de su domicilio en la villa El Se\u00f1orial de San Felipe.<br \/>\nLa denuncia fue realizada por la menor de edad a eso de las 08:30 horas de ayer domingo al nivel 133, advirtiendo a Carabineros que se encontraba encerrada en su habitaci\u00f3n luego de escapar de una inminente agresi\u00f3n sexual.<br \/>\nAnte la acusaci\u00f3n, la polic\u00eda uniformada se reuni\u00f3 con la adolescente en el domicilio que ambos comparten, se\u00f1alando que el imputado se encontraba bajo los efectos del alcohol. La menor asegur\u00f3 que se habr\u00eda sobrepasado con ella al intentar cometer abusos sexuales que fueron rechazados de inmediato por la v\u00edctima, denunciando estos hechos ante los efectivos policiales.<br \/>\nEn este sentido Carabineros procedi\u00f3 a la detenci\u00f3n del acusado individualizado con las iniciales I.S.G. de 36 a\u00f1os de edad, quien es tutor (designado judicialmente) de la menor que lo acus\u00f3 de abusos sexuales, siendo trasladado hasta la unidad policial.<br \/>\nPor instrucci\u00f3n de la Fiscal\u00eda, el caso pas\u00f3 de inmediato a las pericias de la Brigada de Delitos Sexuales de la Polic\u00eda de Investigaciones de Los Andes para comenzar los respectivos interrogatorios al imputado, como tambi\u00e9n a la v\u00edctima de estos estos hechos.<br \/>\nNo obstante ante las primeras diligencias policiales, la Fiscal\u00eda descart\u00f3 formalizar al acusado en audiencia de control de detenci\u00f3n en el Juzgado de Garant\u00eda de San Felipe, ordenando su libertad a la espera que logren reunir m\u00e1s antecedentes que sostengan estas graves acusaciones.<br \/>\nEn tanto la menor denunciante, por disposici\u00f3n del Juez de Familia, fue trasladada hasta el Centro de Menores Sagrada Familia en la ciudad de Los Andes.<br \/>\n<strong>Pablo Salinas Sald\u00edas<\/strong><\/p>\n","protected":false},"excerpt":{"rendered":"<p>La v\u00edctima de 17 a\u00f1os asegur\u00f3 haber sufrido tocaciones en su cuerpo e insinuaciones sexuales por su padrastro, quien es tutor legal de la menor. El caso se encuentra en investigaci\u00f3n por&#8230;<\/p>\n","protected":false},"author":482,"featured_media":63915,"comment_status":"open","ping_status":"open","sticky":false,"template":"","format":"standard","meta":{"advanced_seo_description":"","jetpack_seo_html_title":"","jetpack_seo_noindex":false,"_jetpack_memberships_contains_paid_content":false,"footnotes":""},"categories":[21],"tags":[],"class_list":["post-63914","post","type-post","status-publish","format-standard","has-post-thumbnail","hentry","category-policial"],"jetpack_featured_media_url":"https:\/\/i0.wp.com\/eltrabajo.cl\/portal\/wp-content\/uploads\/2015\/11\/IMPUTADO-ABUSO-SEXUAL.jpg?fit=530%2C350&ssl=1","jetpack_sharing_enabled":true,"jetpack_likes_enabled":true,"jetpack-related-posts":[],"_links":{"self":[{"href":"https:\/\/eltrabajo.cl\/portal\/wp-json\/wp\/v2\/posts\/63914","targetHints":{"allow":["GET"]}}],"collection":[{"href":"https:\/\/eltrabajo.cl\/portal\/wp-json\/wp\/v2\/posts"}],"about":[{"href":"https:\/\/eltrabajo.cl\/portal\/wp-json\/wp\/v2\/types\/post"}],"author":[{"embeddable":true,"href":"https:\/\/eltrabajo.cl\/portal\/wp-json\/wp\/v2\/users\/482"}],"replies":[{"embeddable":true,"href":"https:\/\/eltrabajo.cl\/portal\/wp-json\/wp\/v2\/comments?post=63914"}],"version-history":[{"count":0,"href":"https:\/\/eltrabajo.cl\/portal\/wp-json\/wp\/v2\/posts\/63914\/revisions"}],"wp:featuredmedia":[{"embeddable":true,"href":"https:\/\/eltrabajo.cl\/portal\/wp-json\/wp\/v2\/media\/63915"}],"wp:attachment":[{"href":"https:\/\/eltrabajo.cl\/portal\/wp-json\/wp\/v2\/media?parent=63914"}],"wp:term":[{"taxonomy":"category","embeddable":true,"href":"https:\/\/eltrabajo.cl\/portal\/wp-json\/wp\/v2\/categories?post=63914"},{"taxonomy":"post_tag","embeddable":true,"href":"https:\/\/eltrabajo.cl\/portal\/wp-json\/wp\/v2\/tags?post=63914"}],"curies":[{"name":"wp","href":"https:\/\/api.w.org\/{rel}","templated":true}]}}