{"id":63924,"date":"2015-11-17T09:20:14","date_gmt":"2015-11-17T12:20:14","guid":{"rendered":"http:\/\/www.eltrabajo.cl\/portal\/?p=63924"},"modified":"2015-11-17T09:20:14","modified_gmt":"2015-11-17T12:20:14","slug":"conductores-de-micros-y-buses-entregan-reconocimiento-a-colegas-por-sus-anos-de-servicio","status":"publish","type":"post","link":"https:\/\/eltrabajo.cl\/portal\/conductores-de-micros-y-buses-entregan-reconocimiento-a-colegas-por-sus-anos-de-servicio\/","title":{"rendered":"Conductores de micros y buses entregan reconocimiento a colegas por sus a\u00f1os de servicio"},"content":{"rendered":"<figure id=\"attachment_63925\" aria-describedby=\"caption-attachment-63925\" style=\"width: 300px\" class=\"wp-caption alignleft\"><a href=\"https:\/\/i0.wp.com\/www.eltrabajo.cl\/portal\/wp-content\/uploads\/2015\/11\/Reconocimiento-conductores.jpg\"><img data-recalc-dims=\"1\" loading=\"lazy\" decoding=\"async\" class=\"wp-image-63925 size-medium\" src=\"https:\/\/i0.wp.com\/www.eltrabajo.cl\/portal\/wp-content\/uploads\/2015\/11\/Reconocimiento-conductores-300x198.jpg?resize=300%2C198\" alt=\"Durante el s\u00e1bado un grupo de conductores de micros y buses hicieron entrega de un reconocimiento a tres antiguos conductores de micros de Putaendo.\" width=\"300\" height=\"198\" srcset=\"https:\/\/i0.wp.com\/eltrabajo.cl\/portal\/wp-content\/uploads\/2015\/11\/Reconocimiento-conductores.jpg?resize=300%2C198&amp;ssl=1 300w, https:\/\/i0.wp.com\/eltrabajo.cl\/portal\/wp-content\/uploads\/2015\/11\/Reconocimiento-conductores.jpg?resize=200%2C132&amp;ssl=1 200w, https:\/\/i0.wp.com\/eltrabajo.cl\/portal\/wp-content\/uploads\/2015\/11\/Reconocimiento-conductores.jpg?resize=227%2C150&amp;ssl=1 227w, https:\/\/i0.wp.com\/eltrabajo.cl\/portal\/wp-content\/uploads\/2015\/11\/Reconocimiento-conductores.jpg?resize=400%2C264&amp;ssl=1 400w, https:\/\/i0.wp.com\/eltrabajo.cl\/portal\/wp-content\/uploads\/2015\/11\/Reconocimiento-conductores.jpg?w=530&amp;ssl=1 530w\" sizes=\"auto, (max-width: 300px) 100vw, 300px\" \/><\/a><figcaption id=\"caption-attachment-63925\" class=\"wp-caption-text\">Durante el s\u00e1bado un grupo de conductores de micros y buses hicieron entrega de un reconocimiento a tres antiguos conductores de micros de Putaendo.<\/figcaption><\/figure>\n<p><strong>PUTAENDO<\/strong>.- Un momento bastante emotivo se vivi\u00f3 la tarde del s\u00e1bado pasado, cuando un grupo de conductores de micros y buses decidieron entregar un justo reconocimiento a tres antiguos conductores de micros de la comuna.<br \/>\nDomingo Ch\u00e1vez e Iv\u00e1n Salinas, ambos conductores de Buses JM, fueron los precursores de esta iniciativa, quienes no olvidan sus inicios en las micros locales, donde recibieron grandes conocimientos de parte de aquellos experimentados colegas, que oficiaron como sus profesores que lograron formarlos para convertirse en profesionales del volante.<br \/>\nCon un buen asado, los organizadores recibieron entre otros a Manuel \u2018Yaco Monti\u2019 Cruz, Luis Far\u00edas, Juan Alberto Cruz, conocido popularmente como \u2018El T\u00edo Pirg\u00fc\u00edn\u2019 y a varios otros conductores que alguna vez realizaron el recorrido entre Putaendo y San Felipe.<br \/>\nDon Lu\u00eds \u2018Catola\u2019 Figueroa, Ram\u00f3n Quintero y Fernando \u2018Cacharro\u2019 Andrade, recibieron un significativo diploma como homenaje por su aporte y trayectoria en el rubro del trasporte de pasajeros entre Putaendo y San Felipe.<br \/>\nUn momento sencillamente especial vivieron estos recordados y queridos conductores, cuando sus propios pares y ayudantes de aquellos a\u00f1os fueron los encargados de relevar su importante labor.<br \/>\nEn esta junta no pod\u00edan estar ausentes las an\u00e9cdotas y \u2018mentiras\u2019 que cada uno de los galardonados rememoraban como un verdadero tesoro de sus vivencias durante las d\u00e9cadas de los \u201860 y \u201870, en las cuales ellos transportaron a varias generaciones de putaendinos.<br \/>\n<strong>Patricio Gallardo M<\/strong>.<\/p>\n<div class=\"tiled-gallery type-rectangular tiled-gallery-unresized\" data-original-width=\"640\" data-carousel-extra='null' itemscope itemtype=\"http:\/\/schema.org\/ImageGallery\" > <div class=\"gallery-row\" style=\"width: 640px; height: 211px;\" data-original-width=\"640\" data-original-height=\"211\" > <div class=\"gallery-group images-1\" style=\"width: 320px; height: 211px;\" data-original-width=\"320\" data-original-height=\"211\" > <div class=\"tiled-gallery-item tiled-gallery-item-large\" itemprop=\"associatedMedia\" itemscope itemtype=\"http:\/\/schema.org\/ImageObject\"> <a href=\"https:\/\/eltrabajo.cl\/portal\/conductores-de-micros-y-buses-entregan-reconocimiento-a-colegas-por-sus-anos-de-servicio\/luis-catola-figueroa\/\" border=\"0\" itemprop=\"url\"> <meta itemprop=\"width\" content=\"316\"> <meta itemprop=\"height\" content=\"207\"> <img decoding=\"async\" class=\"\" data-attachment-id=\"63927\" data-orig-file=\"https:\/\/eltrabajo.cl\/portal\/wp-content\/uploads\/2015\/11\/LUIS-CATOLA-FIGUEROA.jpg\" data-orig-size=\"530,348\" data-comments-opened=\"1\" data-image-meta=\"{&quot;aperture&quot;:&quot;0&quot;,&quot;credit&quot;:&quot;&quot;,&quot;camera&quot;:&quot;&quot;,&quot;caption&quot;:&quot;&quot;,&quot;created_timestamp&quot;:&quot;0&quot;,&quot;copyright&quot;:&quot;&quot;,&quot;focal_length&quot;:&quot;0&quot;,&quot;iso&quot;:&quot;0&quot;,&quot;shutter_speed&quot;:&quot;0&quot;,&quot;title&quot;:&quot;&quot;,&quot;orientation&quot;:&quot;0&quot;}\" data-image-title=\"LUIS CATOLA FIGUEROA\" data-image-description=\"&lt;p&gt;Tambi\u00e9n fue reconocido Luis \u2018Catola\u2019 Figueroa.&lt;\/p&gt; \" data-medium-file=\"https:\/\/i0.wp.com\/eltrabajo.cl\/portal\/wp-content\/uploads\/2015\/11\/LUIS-CATOLA-FIGUEROA.jpg?fit=300%2C197&#038;ssl=1\" data-large-file=\"https:\/\/i0.wp.com\/eltrabajo.cl\/portal\/wp-content\/uploads\/2015\/11\/LUIS-CATOLA-FIGUEROA.jpg?fit=530%2C348&#038;ssl=1\" src=\"https:\/\/i0.wp.com\/eltrabajo.cl\/portal\/wp-content\/uploads\/2015\/11\/LUIS-CATOLA-FIGUEROA.jpg?w=316&#038;h=207&#038;ssl=1\" srcset=\"https:\/\/i0.wp.com\/eltrabajo.cl\/portal\/wp-content\/uploads\/2015\/11\/LUIS-CATOLA-FIGUEROA.jpg?w=530&amp;ssl=1 530w, https:\/\/i0.wp.com\/eltrabajo.cl\/portal\/wp-content\/uploads\/2015\/11\/LUIS-CATOLA-FIGUEROA.jpg?resize=200%2C131&amp;ssl=1 200w, https:\/\/i0.wp.com\/eltrabajo.cl\/portal\/wp-content\/uploads\/2015\/11\/LUIS-CATOLA-FIGUEROA.jpg?resize=300%2C197&amp;ssl=1 300w, https:\/\/i0.wp.com\/eltrabajo.cl\/portal\/wp-content\/uploads\/2015\/11\/LUIS-CATOLA-FIGUEROA.jpg?resize=228%2C150&amp;ssl=1 228w, https:\/\/i0.wp.com\/eltrabajo.cl\/portal\/wp-content\/uploads\/2015\/11\/LUIS-CATOLA-FIGUEROA.jpg?resize=400%2C263&amp;ssl=1 400w\" width=\"316\" height=\"207\" loading=\"lazy\" data-original-width=\"316\" data-original-height=\"207\" itemprop=\"http:\/\/schema.org\/image\" title=\"LUIS CATOLA FIGUEROA\" alt=\"Tambi\u00e9n fue reconocido Luis \u2018Catola\u2019 Figueroa.\" style=\"width: 316px; height: 207px;\" \/> <\/a> <div class=\"tiled-gallery-caption\" itemprop=\"caption description\"> Tambi\u00e9n fue reconocido Luis \u2018Catola\u2019 Figueroa. <\/div> <\/div> <\/div> <!-- close group --> <div class=\"gallery-group images-1\" style=\"width: 320px; height: 211px;\" data-original-width=\"320\" data-original-height=\"211\" > <div class=\"tiled-gallery-item tiled-gallery-item-large\" itemprop=\"associatedMedia\" itemscope itemtype=\"http:\/\/schema.org\/ImageObject\"> <a href=\"https:\/\/eltrabajo.cl\/portal\/conductores-de-micros-y-buses-entregan-reconocimiento-a-colegas-por-sus-anos-de-servicio\/fernando-cacaharro-andrade\/\" border=\"0\" itemprop=\"url\"> <meta itemprop=\"width\" content=\"316\"> <meta itemprop=\"height\" content=\"207\"> <img decoding=\"async\" class=\"\" data-attachment-id=\"63926\" data-orig-file=\"https:\/\/eltrabajo.cl\/portal\/wp-content\/uploads\/2015\/11\/FERNANDO-CACAHARRO-ANDRADE.jpg\" data-orig-size=\"530,348\" data-comments-opened=\"1\" data-image-meta=\"{&quot;aperture&quot;:&quot;0&quot;,&quot;credit&quot;:&quot;&quot;,&quot;camera&quot;:&quot;&quot;,&quot;caption&quot;:&quot;&quot;,&quot;created_timestamp&quot;:&quot;0&quot;,&quot;copyright&quot;:&quot;&quot;,&quot;focal_length&quot;:&quot;0&quot;,&quot;iso&quot;:&quot;0&quot;,&quot;shutter_speed&quot;:&quot;0&quot;,&quot;title&quot;:&quot;&quot;,&quot;orientation&quot;:&quot;0&quot;}\" data-image-title=\"FERNANDO CACAHARRO ANDRADE\" data-image-description=\"&lt;p&gt;Uno de los conductores fue Fernando \u2018Cacharro\u2019 Andrade por sus a\u00f1os de servicio a la comunidad.&lt;\/p&gt; \" data-medium-file=\"https:\/\/i0.wp.com\/eltrabajo.cl\/portal\/wp-content\/uploads\/2015\/11\/FERNANDO-CACAHARRO-ANDRADE.jpg?fit=300%2C197&#038;ssl=1\" data-large-file=\"https:\/\/i0.wp.com\/eltrabajo.cl\/portal\/wp-content\/uploads\/2015\/11\/FERNANDO-CACAHARRO-ANDRADE.jpg?fit=530%2C348&#038;ssl=1\" src=\"https:\/\/i0.wp.com\/eltrabajo.cl\/portal\/wp-content\/uploads\/2015\/11\/FERNANDO-CACAHARRO-ANDRADE.jpg?w=316&#038;h=207&#038;ssl=1\" srcset=\"https:\/\/i0.wp.com\/eltrabajo.cl\/portal\/wp-content\/uploads\/2015\/11\/FERNANDO-CACAHARRO-ANDRADE.jpg?w=530&amp;ssl=1 530w, https:\/\/i0.wp.com\/eltrabajo.cl\/portal\/wp-content\/uploads\/2015\/11\/FERNANDO-CACAHARRO-ANDRADE.jpg?resize=200%2C131&amp;ssl=1 200w, https:\/\/i0.wp.com\/eltrabajo.cl\/portal\/wp-content\/uploads\/2015\/11\/FERNANDO-CACAHARRO-ANDRADE.jpg?resize=300%2C197&amp;ssl=1 300w, https:\/\/i0.wp.com\/eltrabajo.cl\/portal\/wp-content\/uploads\/2015\/11\/FERNANDO-CACAHARRO-ANDRADE.jpg?resize=228%2C150&amp;ssl=1 228w, https:\/\/i0.wp.com\/eltrabajo.cl\/portal\/wp-content\/uploads\/2015\/11\/FERNANDO-CACAHARRO-ANDRADE.jpg?resize=400%2C263&amp;ssl=1 400w\" width=\"316\" height=\"207\" loading=\"lazy\" data-original-width=\"316\" data-original-height=\"207\" itemprop=\"http:\/\/schema.org\/image\" title=\"FERNANDO CACAHARRO ANDRADE\" alt=\"Uno de los conductores fue Fernando \u2018Cacharro\u2019 Andrade por sus a\u00f1os de servicio a la comunidad.\" style=\"width: 316px; height: 207px;\" \/> <\/a> <div class=\"tiled-gallery-caption\" itemprop=\"caption description\"> Uno de los conductores fue Fernando \u2018Cacharro\u2019 Andrade por sus a\u00f1os de servicio a la comunidad. <\/div> <\/div> <\/div> <!-- close group --> <\/div> <!-- close row --> <\/div>\n","protected":false},"excerpt":{"rendered":"<p>PUTAENDO.- Un momento bastante emotivo se vivi\u00f3 la tarde del s\u00e1bado pasado, cuando un grupo de conductores de micros y buses decidieron entregar un justo reconocimiento a tres antiguos conductores de micros&#8230;<\/p>\n","protected":false},"author":482,"featured_media":63925,"comment_status":"open","ping_status":"open","sticky":false,"template":"","format":"standard","meta":{"advanced_seo_description":"","jetpack_seo_html_title":"","jetpack_seo_noindex":false,"_jetpack_memberships_contains_paid_content":false,"footnotes":""},"categories":[15],"tags":[],"class_list":["post-63924","post","type-post","status-publish","format-standard","has-post-thumbnail","hentry","category-comunidad"],"jetpack_featured_media_url":"https:\/\/i0.wp.com\/eltrabajo.cl\/portal\/wp-content\/uploads\/2015\/11\/Reconocimiento-conductores.jpg?fit=530%2C350&ssl=1","jetpack_sharing_enabled":true,"jetpack_likes_enabled":true,"jetpack-related-posts":[],"_links":{"self":[{"href":"https:\/\/eltrabajo.cl\/portal\/wp-json\/wp\/v2\/posts\/63924","targetHints":{"allow":["GET"]}}],"collection":[{"href":"https:\/\/eltrabajo.cl\/portal\/wp-json\/wp\/v2\/posts"}],"about":[{"href":"https:\/\/eltrabajo.cl\/portal\/wp-json\/wp\/v2\/types\/post"}],"author":[{"embeddable":true,"href":"https:\/\/eltrabajo.cl\/portal\/wp-json\/wp\/v2\/users\/482"}],"replies":[{"embeddable":true,"href":"https:\/\/eltrabajo.cl\/portal\/wp-json\/wp\/v2\/comments?post=63924"}],"version-history":[{"count":0,"href":"https:\/\/eltrabajo.cl\/portal\/wp-json\/wp\/v2\/posts\/63924\/revisions"}],"wp:featuredmedia":[{"embeddable":true,"href":"https:\/\/eltrabajo.cl\/portal\/wp-json\/wp\/v2\/media\/63925"}],"wp:attachment":[{"href":"https:\/\/eltrabajo.cl\/portal\/wp-json\/wp\/v2\/media?parent=63924"}],"wp:term":[{"taxonomy":"category","embeddable":true,"href":"https:\/\/eltrabajo.cl\/portal\/wp-json\/wp\/v2\/categories?post=63924"},{"taxonomy":"post_tag","embeddable":true,"href":"https:\/\/eltrabajo.cl\/portal\/wp-json\/wp\/v2\/tags?post=63924"}],"curies":[{"name":"wp","href":"https:\/\/api.w.org\/{rel}","templated":true}]}}