{"id":63929,"date":"2015-11-17T09:22:53","date_gmt":"2015-11-17T12:22:53","guid":{"rendered":"http:\/\/www.eltrabajo.cl\/portal\/?p=63929"},"modified":"2015-11-17T09:22:53","modified_gmt":"2015-11-17T12:22:53","slug":"vecinos-de-sector-riecillo-demandan-obras-de-contencion-en-estero-ante-aumento-de-caudal","status":"publish","type":"post","link":"https:\/\/eltrabajo.cl\/portal\/vecinos-de-sector-riecillo-demandan-obras-de-contencion-en-estero-ante-aumento-de-caudal\/","title":{"rendered":"Vecinos de sector Riecillo demandan obras de contenci\u00f3n en estero ante aumento de caudal"},"content":{"rendered":"<figure id=\"attachment_63930\" aria-describedby=\"caption-attachment-63930\" style=\"width: 300px\" class=\"wp-caption alignleft\"><a href=\"https:\/\/i0.wp.com\/www.eltrabajo.cl\/portal\/wp-content\/uploads\/2015\/11\/Deshielo-riecillos.jpg\"><img data-recalc-dims=\"1\" loading=\"lazy\" decoding=\"async\" class=\"wp-image-63930 size-medium\" src=\"https:\/\/i0.wp.com\/www.eltrabajo.cl\/portal\/wp-content\/uploads\/2015\/11\/Deshielo-riecillos-300x197.jpg?resize=300%2C197\" alt=\"El aumento de caudal provoc\u00f3 que se arrastrara mucho sedimento, lo que podr\u00eda originar una situaci\u00f3n de emergencia.\" width=\"300\" height=\"197\" srcset=\"https:\/\/i0.wp.com\/eltrabajo.cl\/portal\/wp-content\/uploads\/2015\/11\/Deshielo-riecillos.jpg?resize=300%2C197&amp;ssl=1 300w, https:\/\/i0.wp.com\/eltrabajo.cl\/portal\/wp-content\/uploads\/2015\/11\/Deshielo-riecillos.jpg?resize=200%2C131&amp;ssl=1 200w, https:\/\/i0.wp.com\/eltrabajo.cl\/portal\/wp-content\/uploads\/2015\/11\/Deshielo-riecillos.jpg?resize=228%2C150&amp;ssl=1 228w, https:\/\/i0.wp.com\/eltrabajo.cl\/portal\/wp-content\/uploads\/2015\/11\/Deshielo-riecillos.jpg?resize=400%2C263&amp;ssl=1 400w, https:\/\/i0.wp.com\/eltrabajo.cl\/portal\/wp-content\/uploads\/2015\/11\/Deshielo-riecillos.jpg?w=530&amp;ssl=1 530w\" sizes=\"auto, (max-width: 300px) 100vw, 300px\" \/><\/a><figcaption id=\"caption-attachment-63930\" class=\"wp-caption-text\">El aumento de caudal provoc\u00f3 que se arrastrara mucho sedimento, lo que podr\u00eda originar una situaci\u00f3n de emergencia.<\/figcaption><\/figure>\n<ul>\n<li><strong>Deshielos arrastraron mucho sedimento y hay riesgo de desborde.<\/strong><\/li>\n<\/ul>\n<p><strong>LOS ANDES<\/strong>.- El Presidente de la Agrupaci\u00f3n por el mejoramiento del camino internacional, Manuel Arrendo, expres\u00f3 la preocupaci\u00f3n de vecinos del sector de Riecillo ante la crecida del caudal del estero del mismo nombre que baja por ese lugar y que podr\u00eda generar desbordes.<br \/>\nEl dirigente afirm\u00f3 que la situaci\u00f3n fue muy compleja durante el pasado fin de semana con el aumento considerable del caudal a causa de los deshielos, ante lo cual el Comit\u00e9 Provincial de Emergencia debi\u00f3 monitorear el lugar para ordenar una eventual evacuaci\u00f3n en caso que el cauce se saliera.<\/p>\n<figure id=\"attachment_63931\" aria-describedby=\"caption-attachment-63931\" style=\"width: 300px\" class=\"wp-caption alignright\"><a href=\"https:\/\/i0.wp.com\/www.eltrabajo.cl\/portal\/wp-content\/uploads\/2015\/11\/Manuel-Arredondo.jpg\"><img data-recalc-dims=\"1\" loading=\"lazy\" decoding=\"async\" class=\"wp-image-63931 size-medium\" src=\"https:\/\/i0.wp.com\/www.eltrabajo.cl\/portal\/wp-content\/uploads\/2015\/11\/Manuel-Arredondo-300x197.jpg?resize=300%2C197\" alt=\"Manuel Arredondo, presidente de la Agrupaci\u00f3n por el mejoramiento del Camino Internacional.\" width=\"300\" height=\"197\" srcset=\"https:\/\/i0.wp.com\/eltrabajo.cl\/portal\/wp-content\/uploads\/2015\/11\/Manuel-Arredondo.jpg?resize=300%2C197&amp;ssl=1 300w, https:\/\/i0.wp.com\/eltrabajo.cl\/portal\/wp-content\/uploads\/2015\/11\/Manuel-Arredondo.jpg?resize=200%2C131&amp;ssl=1 200w, https:\/\/i0.wp.com\/eltrabajo.cl\/portal\/wp-content\/uploads\/2015\/11\/Manuel-Arredondo.jpg?resize=228%2C150&amp;ssl=1 228w, https:\/\/i0.wp.com\/eltrabajo.cl\/portal\/wp-content\/uploads\/2015\/11\/Manuel-Arredondo.jpg?resize=400%2C263&amp;ssl=1 400w, https:\/\/i0.wp.com\/eltrabajo.cl\/portal\/wp-content\/uploads\/2015\/11\/Manuel-Arredondo.jpg?w=530&amp;ssl=1 530w\" sizes=\"auto, (max-width: 300px) 100vw, 300px\" \/><\/a><figcaption id=\"caption-attachment-63931\" class=\"wp-caption-text\">Manuel Arredondo, presidente de la Agrupaci\u00f3n por el mejoramiento del Camino Internacional.<\/figcaption><\/figure>\n<p>El dirigente record\u00f3 que el estero arrastra mucho sedimento y material que podr\u00eda originar una situaci\u00f3n de emergencia y es por esta raz\u00f3n que est\u00e1n demandando del Ministerio de Obras P\u00fablicas que se concluyan obras que fueron comprometidas tras el alud que afect\u00f3 al lugar hace un par de a\u00f1os.<br \/>\nIndic\u00f3 que esta situaci\u00f3n ser\u00e1 dada a conocer a las autoridades provinciales en la pr\u00f3xima reuni\u00f3n de la mesa de trabajo del camino internacional a fin de agilizar la ejecuci\u00f3n de estas obras y evitar as\u00ed poner en riesgo la vida de los vecinos.<\/p>\n","protected":false},"excerpt":{"rendered":"<p>Deshielos arrastraron mucho sedimento y hay riesgo de desborde. LOS ANDES.- El Presidente de la Agrupaci\u00f3n por el mejoramiento del camino internacional, Manuel Arrendo, expres\u00f3 la preocupaci\u00f3n de vecinos del sector de&#8230;<\/p>\n","protected":false},"author":482,"featured_media":63930,"comment_status":"open","ping_status":"open","sticky":false,"template":"","format":"standard","meta":{"advanced_seo_description":"","jetpack_seo_html_title":"","jetpack_seo_noindex":false,"_jetpack_memberships_contains_paid_content":false,"footnotes":""},"categories":[15],"tags":[],"class_list":["post-63929","post","type-post","status-publish","format-standard","has-post-thumbnail","hentry","category-comunidad"],"jetpack_featured_media_url":"https:\/\/i0.wp.com\/eltrabajo.cl\/portal\/wp-content\/uploads\/2015\/11\/Deshielo-riecillos.jpg?fit=530%2C348&ssl=1","jetpack_sharing_enabled":true,"jetpack_likes_enabled":true,"jetpack-related-posts":[],"_links":{"self":[{"href":"https:\/\/eltrabajo.cl\/portal\/wp-json\/wp\/v2\/posts\/63929","targetHints":{"allow":["GET"]}}],"collection":[{"href":"https:\/\/eltrabajo.cl\/portal\/wp-json\/wp\/v2\/posts"}],"about":[{"href":"https:\/\/eltrabajo.cl\/portal\/wp-json\/wp\/v2\/types\/post"}],"author":[{"embeddable":true,"href":"https:\/\/eltrabajo.cl\/portal\/wp-json\/wp\/v2\/users\/482"}],"replies":[{"embeddable":true,"href":"https:\/\/eltrabajo.cl\/portal\/wp-json\/wp\/v2\/comments?post=63929"}],"version-history":[{"count":0,"href":"https:\/\/eltrabajo.cl\/portal\/wp-json\/wp\/v2\/posts\/63929\/revisions"}],"wp:featuredmedia":[{"embeddable":true,"href":"https:\/\/eltrabajo.cl\/portal\/wp-json\/wp\/v2\/media\/63930"}],"wp:attachment":[{"href":"https:\/\/eltrabajo.cl\/portal\/wp-json\/wp\/v2\/media?parent=63929"}],"wp:term":[{"taxonomy":"category","embeddable":true,"href":"https:\/\/eltrabajo.cl\/portal\/wp-json\/wp\/v2\/categories?post=63929"},{"taxonomy":"post_tag","embeddable":true,"href":"https:\/\/eltrabajo.cl\/portal\/wp-json\/wp\/v2\/tags?post=63929"}],"curies":[{"name":"wp","href":"https:\/\/api.w.org\/{rel}","templated":true}]}}