{"id":63933,"date":"2015-11-17T09:25:17","date_gmt":"2015-11-17T12:25:17","guid":{"rendered":"http:\/\/www.eltrabajo.cl\/portal\/?p=63933"},"modified":"2015-11-17T09:25:17","modified_gmt":"2015-11-17T12:25:17","slug":"operativos-de-esterilizacion-ya-suma-500-animales","status":"publish","type":"post","link":"https:\/\/eltrabajo.cl\/portal\/operativos-de-esterilizacion-ya-suma-500-animales\/","title":{"rendered":"Operativos de esterilizaci\u00f3n ya suma 500 animales"},"content":{"rendered":"<figure id=\"attachment_63934\" aria-describedby=\"caption-attachment-63934\" style=\"width: 300px\" class=\"wp-caption alignleft\"><a href=\"https:\/\/i0.wp.com\/www.eltrabajo.cl\/portal\/wp-content\/uploads\/2015\/11\/Esterilizacion-1.jpg\"><img data-recalc-dims=\"1\" loading=\"lazy\" decoding=\"async\" class=\"wp-image-63934 size-medium\" src=\"https:\/\/i0.wp.com\/www.eltrabajo.cl\/portal\/wp-content\/uploads\/2015\/11\/Esterilizacion-1-300x197.jpg?resize=300%2C197\" alt=\"Diversas mascotas descansan sedadas tras ser esterilizadas.\" width=\"300\" height=\"197\" srcset=\"https:\/\/i0.wp.com\/eltrabajo.cl\/portal\/wp-content\/uploads\/2015\/11\/Esterilizacion-1.jpg?resize=300%2C197&amp;ssl=1 300w, https:\/\/i0.wp.com\/eltrabajo.cl\/portal\/wp-content\/uploads\/2015\/11\/Esterilizacion-1.jpg?resize=200%2C131&amp;ssl=1 200w, https:\/\/i0.wp.com\/eltrabajo.cl\/portal\/wp-content\/uploads\/2015\/11\/Esterilizacion-1.jpg?resize=228%2C150&amp;ssl=1 228w, https:\/\/i0.wp.com\/eltrabajo.cl\/portal\/wp-content\/uploads\/2015\/11\/Esterilizacion-1.jpg?resize=400%2C263&amp;ssl=1 400w, https:\/\/i0.wp.com\/eltrabajo.cl\/portal\/wp-content\/uploads\/2015\/11\/Esterilizacion-1.jpg?w=530&amp;ssl=1 530w\" sizes=\"auto, (max-width: 300px) 100vw, 300px\" \/><\/a><figcaption id=\"caption-attachment-63934\" class=\"wp-caption-text\">Diversas mascotas descansan sedadas tras ser esterilizadas.<\/figcaption><\/figure>\n<ul>\n<li><strong>Plan Nacional de Tenencia Responsable de Mascotas pretende esterilizar mil animales hasta el 13 de Diciembre.<\/strong><\/li>\n<\/ul>\n<p>Con \u00e9xito de pacientes se encuentra en plena ejecuci\u00f3n en la comuna de San Felipe, el Plan Nacional de Tenencia responsable de Mascotas, el cual es financiado por la Subsecretar\u00eda de Desarrollo Regional, Subdere y que tiene por objetivo un proceso de esterilizaci\u00f3n de mil mascotas y animales en situaci\u00f3n de calle.<br \/>\nCabe recordar que a mediados de a\u00f1o, la Municipalidad de San Felipe cre\u00f3 un sistema de copago entre el amo de cada mascota y el municipio, \u00e9ste facilitaba la esterilizaci\u00f3n de los animales y adem\u00e1s la instalaci\u00f3n de un chip con la informaci\u00f3n de la mascota y su propietario.<br \/>\nA partir de esa iniciativa es que la Subdere interviene con recursos propios a trav\u00e9s del Plan Nacional de Tenencia Responsable de Mascotas y contin\u00faa desarrollando estos operativos de esterilizaci\u00f3n a las mascotas y animales sanfelipe\u00f1os.<\/p>\n<figure id=\"attachment_63935\" aria-describedby=\"caption-attachment-63935\" style=\"width: 300px\" class=\"wp-caption alignright\"><a href=\"https:\/\/i0.wp.com\/www.eltrabajo.cl\/portal\/wp-content\/uploads\/2015\/11\/Esterilizacion-2.jpg\"><img data-recalc-dims=\"1\" loading=\"lazy\" decoding=\"async\" class=\"wp-image-63935 size-medium\" src=\"https:\/\/i0.wp.com\/www.eltrabajo.cl\/portal\/wp-content\/uploads\/2015\/11\/Esterilizacion-2-300x197.jpg?resize=300%2C197\" alt=\"Vecinos a la espera de poder esterilizar a sus mascotas.\" width=\"300\" height=\"197\" srcset=\"https:\/\/i0.wp.com\/eltrabajo.cl\/portal\/wp-content\/uploads\/2015\/11\/Esterilizacion-2.jpg?resize=300%2C197&amp;ssl=1 300w, https:\/\/i0.wp.com\/eltrabajo.cl\/portal\/wp-content\/uploads\/2015\/11\/Esterilizacion-2.jpg?resize=200%2C131&amp;ssl=1 200w, https:\/\/i0.wp.com\/eltrabajo.cl\/portal\/wp-content\/uploads\/2015\/11\/Esterilizacion-2.jpg?resize=228%2C150&amp;ssl=1 228w, https:\/\/i0.wp.com\/eltrabajo.cl\/portal\/wp-content\/uploads\/2015\/11\/Esterilizacion-2.jpg?resize=400%2C263&amp;ssl=1 400w, https:\/\/i0.wp.com\/eltrabajo.cl\/portal\/wp-content\/uploads\/2015\/11\/Esterilizacion-2.jpg?w=530&amp;ssl=1 530w\" sizes=\"auto, (max-width: 300px) 100vw, 300px\" \/><\/a><figcaption id=\"caption-attachment-63935\" class=\"wp-caption-text\">Vecinos a la espera de poder esterilizar a sus mascotas.<\/figcaption><\/figure>\n<p>Seg\u00fan Monserrat Gallardo, representante de la agrupaci\u00f3n Esteriliza No Abandones Chile, equipo que lidera el trabajo en terreno con las mascotas, San Felipe se ha destacado por la excelente respuesta que han mostrado los vecinos y destac\u00f3 adem\u00e1s el enorme compromiso del municipio con este proyecto, se\u00f1alando que \u201csiendo el equipo que ejecuta el tema veterinario, hay que destacar que la comuna de San Felipe ha sido la mejor organizada y lo hemos reconocido en los distintos estamentos. Creo que San Felipe ha sido pionero, ha marcado una tendencia y prueba de eso es lo que se mostrado en la prensa nacional respecto de lo que esta comuna ha hecho con sus animales\u201d, dijo.<br \/>\nEn referencia al apoyo recibido por el municipio Gallardo enfatiz\u00f3 que \u201cel tema administrativo ha si sido fundamental, la disposici\u00f3n del equipo municipal, de trabajadores ha sido espectacular, en otras comunas hemos tenido que hacer todo y ac\u00e1 el equipo ha tirado el carro, todos pal mismo lado y esa es la llave del \u00e9xito que hemos tenido\u201d, puntualiz\u00f3.<br \/>\nRespecto del objetivo final de estos operativos, Gallardo agreg\u00f3 que \u201cImag\u00ednense que cada animal entra en celos 6 meses, en promedio bajo son 5 animales que nacen de ese celo, por lo tanto, hay una cantidad enorme de animales que ya no van a estar en las calles y no tendremos esa problem\u00e1tica reproductiva en esta comuna y en otras en las que estamos trabajando\u201d, expuso.<br \/>\nPor su parte, Mariana Bravo, coordinadora del Programa tenencia Responsable de Mascotas describi\u00f3 el trabajo realizado hasta el momento, indicando que \u201chemos cumplido con el 50 % de la cuota final, los vecinos nos han recibido s\u00faper contentos, recordemos q es algo gratuito, se han cumplido los cupos y todo lo que hemos dispuesto hacer en cada operativo como las charlas de tenencia responsable, etc\u201d.<br \/>\nEn referencia a las siguientes etapas de este programa de Esterilizaci\u00f3n de mascotas, Bravo describi\u00f3 que \u201cel jueves 19 estaremos en la villa 250 A\u00f1os donde vamos hacer un gran operativo con voluntario de agrupaciones animalistas y con un grupo de Senda que nos va ayudar a transportar estos perritos que est\u00e1n en situaci\u00f3n de calle en el \u00e1rea cercana a la l\u00ednea f\u00e9rrea\u201d, destac\u00f3.<br \/>\nEn relaci\u00f3n a c\u00f3mo deben hacerlo los vecinos interesados en operar a sus mascotas Bravo dijo que \u201cla gente debe inscribirse en su junta de vecinos, adem\u00e1s hay un tel\u00e9fono donde la gente puede llamar e informarse, pero aparte de eso estamos sugiriendo que igual asistan al lugar donde estamos a ver si quedan n\u00fameros porque son cupos limitados, entonces que a eso de las 9 y media o 10 de la ma\u00f1ana se acerquen con sus mascotas\u201d e hizo \u00e9nfasis en indicar que \u201cdeben llegar con sus mascotas en ayunas de agua y comida de al menos 8 horas y lo \u00fanico que deben llevar es una frazada y una toalla nova\u201d, finaliz\u00f3.<br \/>\nEl alcalde de la comuna de San Felipe, Patricio Freire tambi\u00e9n se sum\u00f3 a la valoraci\u00f3n que le han dado los vecinos a este proyecto y dijo que \u201cla Subdere nos est\u00e1 dando los recursos para llevar a cabo unas mil esterilizaciones y estamos cumpliendo los objetivos y las metas que nos planteamos, muchos vecinos nos ped\u00edan este proyecto de intervenci\u00f3n, hacia un sector que ten\u00edamos muy abandonado como son las mascotas de nuestra querida comuna, hoy felizmente esto va a dar muchos frutos y eso nos tiene muy contentos\u201d, enfatiz\u00f3<br \/>\nEl Plan de Esterilizaci\u00f3n continuar\u00e1 este jueves en la Villa 250 a\u00f1os y sus alrededores, el s\u00e1bado en el sector de El asiento y el domingo en Villa San Camilo, cumpliendo de aqu\u00ed al 13 de Diciembre con las mil esterilizaciones.<\/p>\n","protected":false},"excerpt":{"rendered":"<p>Plan Nacional de Tenencia Responsable de Mascotas pretende esterilizar mil animales hasta el 13 de Diciembre. Con \u00e9xito de pacientes se encuentra en plena ejecuci\u00f3n en la comuna de San Felipe, el&#8230;<\/p>\n","protected":false},"author":482,"featured_media":63934,"comment_status":"open","ping_status":"open","sticky":false,"template":"","format":"standard","meta":{"advanced_seo_description":"","jetpack_seo_html_title":"","jetpack_seo_noindex":false,"_jetpack_memberships_contains_paid_content":false,"footnotes":""},"categories":[15],"tags":[],"class_list":["post-63933","post","type-post","status-publish","format-standard","has-post-thumbnail","hentry","category-comunidad"],"jetpack_featured_media_url":"https:\/\/i0.wp.com\/eltrabajo.cl\/portal\/wp-content\/uploads\/2015\/11\/Esterilizacion-1.jpg?fit=530%2C348&ssl=1","jetpack_sharing_enabled":true,"jetpack_likes_enabled":true,"jetpack-related-posts":[],"_links":{"self":[{"href":"https:\/\/eltrabajo.cl\/portal\/wp-json\/wp\/v2\/posts\/63933","targetHints":{"allow":["GET"]}}],"collection":[{"href":"https:\/\/eltrabajo.cl\/portal\/wp-json\/wp\/v2\/posts"}],"about":[{"href":"https:\/\/eltrabajo.cl\/portal\/wp-json\/wp\/v2\/types\/post"}],"author":[{"embeddable":true,"href":"https:\/\/eltrabajo.cl\/portal\/wp-json\/wp\/v2\/users\/482"}],"replies":[{"embeddable":true,"href":"https:\/\/eltrabajo.cl\/portal\/wp-json\/wp\/v2\/comments?post=63933"}],"version-history":[{"count":0,"href":"https:\/\/eltrabajo.cl\/portal\/wp-json\/wp\/v2\/posts\/63933\/revisions"}],"wp:featuredmedia":[{"embeddable":true,"href":"https:\/\/eltrabajo.cl\/portal\/wp-json\/wp\/v2\/media\/63934"}],"wp:attachment":[{"href":"https:\/\/eltrabajo.cl\/portal\/wp-json\/wp\/v2\/media?parent=63933"}],"wp:term":[{"taxonomy":"category","embeddable":true,"href":"https:\/\/eltrabajo.cl\/portal\/wp-json\/wp\/v2\/categories?post=63933"},{"taxonomy":"post_tag","embeddable":true,"href":"https:\/\/eltrabajo.cl\/portal\/wp-json\/wp\/v2\/tags?post=63933"}],"curies":[{"name":"wp","href":"https:\/\/api.w.org\/{rel}","templated":true}]}}