{"id":63937,"date":"2015-11-17T09:27:55","date_gmt":"2015-11-17T12:27:55","guid":{"rendered":"http:\/\/www.eltrabajo.cl\/portal\/?p=63937"},"modified":"2015-11-17T09:27:55","modified_gmt":"2015-11-17T12:27:55","slug":"nuevamente-expo-mujer-2015-evidencia-el-talento-y-la-originalidad-de-las-sanfelipenas","status":"publish","type":"post","link":"https:\/\/eltrabajo.cl\/portal\/nuevamente-expo-mujer-2015-evidencia-el-talento-y-la-originalidad-de-las-sanfelipenas\/","title":{"rendered":"Nuevamente Expo Mujer 2015 evidencia el talento y la originalidad de las sanfelipe\u00f1as"},"content":{"rendered":"<figure id=\"attachment_63938\" aria-describedby=\"caption-attachment-63938\" style=\"width: 300px\" class=\"wp-caption alignleft\"><a href=\"https:\/\/i0.wp.com\/www.eltrabajo.cl\/portal\/wp-content\/uploads\/2015\/11\/expo-mujer-2015-2.jpg\"><img data-recalc-dims=\"1\" loading=\"lazy\" decoding=\"async\" class=\"wp-image-63938 size-medium\" src=\"https:\/\/i0.wp.com\/www.eltrabajo.cl\/portal\/wp-content\/uploads\/2015\/11\/expo-mujer-2015-2-300x197.jpg?resize=300%2C197\" alt=\"El administrador municipal Patricio Gonz\u00e1lez junto a mujeres que fueron reconocidas por su participaci\u00f3n en una nueva versi\u00f3n de la Expo Mujer 2015. \" width=\"300\" height=\"197\" srcset=\"https:\/\/i0.wp.com\/eltrabajo.cl\/portal\/wp-content\/uploads\/2015\/11\/expo-mujer-2015-2.jpg?resize=300%2C197&amp;ssl=1 300w, https:\/\/i0.wp.com\/eltrabajo.cl\/portal\/wp-content\/uploads\/2015\/11\/expo-mujer-2015-2.jpg?resize=200%2C131&amp;ssl=1 200w, https:\/\/i0.wp.com\/eltrabajo.cl\/portal\/wp-content\/uploads\/2015\/11\/expo-mujer-2015-2.jpg?resize=228%2C150&amp;ssl=1 228w, https:\/\/i0.wp.com\/eltrabajo.cl\/portal\/wp-content\/uploads\/2015\/11\/expo-mujer-2015-2.jpg?resize=400%2C263&amp;ssl=1 400w, https:\/\/i0.wp.com\/eltrabajo.cl\/portal\/wp-content\/uploads\/2015\/11\/expo-mujer-2015-2.jpg?w=530&amp;ssl=1 530w\" sizes=\"auto, (max-width: 300px) 100vw, 300px\" \/><\/a><figcaption id=\"caption-attachment-63938\" class=\"wp-caption-text\">El administrador municipal Patricio Gonz\u00e1lez junto a mujeres que fueron reconocidas por su participaci\u00f3n en una nueva versi\u00f3n de la Expo Mujer 2015.<\/figcaption><\/figure>\n<ul>\n<li><strong>M\u00e1s de mil mujeres participan en los 80 talleres femeninos de la comuna, que reciben el apoyo municipal a trav\u00e9s de monitoras que dictan diferentes cursos.<\/strong><\/li>\n<\/ul>\n<p>Dejando entrever que la cita semanal de los talleres femeninos de la comuna no solo les permite fortalecer lazos de amistad a quienes participan de ellas y que las t\u00e9cnicas manuales que aprenden junto a sus monitoras son mucho m\u00e1s que una habilidad bien adquirida, sino que puede convertirlas en emprendedoras y soportes para la econom\u00eda de sus familias, se realiz\u00f3 en la Plaza de Armas de nuestra comuna la Expo Mujer 2015.<br \/>\nSon m\u00e1s de mil las mujeres que integran los 80 talleres femeninos de San Felipe, instancias que adem\u00e1s de fortalecer la participaci\u00f3n ciudadana, tambi\u00e9n constituyen una oportunidad de empoderamiento real del g\u00e9nero femenino en la comuna, contando con el f\u00e9rreo respaldo de la municipalidad.<br \/>\nEn este sentido, el administrador municipal Patricio Gonz\u00e1lez explic\u00f3 que \u201cel alcalde Patricio Freire ha promovido un s\u00f3lido trabajo desde la Oficina Municipal de la Mujer, que permite el apoyo a los talleres femeninos mediante el financiamiento de monitoras que semana a semana entregan a sus participantes conocimientos y habilidades en t\u00e9cnicas que ellas mismas definen a principios de a\u00f1o\u201d.<\/p>\n<figure id=\"attachment_63939\" aria-describedby=\"caption-attachment-63939\" style=\"width: 300px\" class=\"wp-caption alignright\"><a href=\"https:\/\/i0.wp.com\/www.eltrabajo.cl\/portal\/wp-content\/uploads\/2015\/11\/expo-mujer-2015-1.jpg\"><img data-recalc-dims=\"1\" loading=\"lazy\" decoding=\"async\" class=\"wp-image-63939 size-medium\" src=\"https:\/\/i0.wp.com\/www.eltrabajo.cl\/portal\/wp-content\/uploads\/2015\/11\/expo-mujer-2015-1-300x198.jpg?resize=300%2C198\" alt=\"En la muestra realizada, qued\u00f3 en evidencia el talento y las habilidades adquiridas por estas mujeres en las monitor\u00edas realizadas durante el a\u00f1o. \" width=\"300\" height=\"198\" srcset=\"https:\/\/i0.wp.com\/eltrabajo.cl\/portal\/wp-content\/uploads\/2015\/11\/expo-mujer-2015-1.jpg?resize=300%2C198&amp;ssl=1 300w, https:\/\/i0.wp.com\/eltrabajo.cl\/portal\/wp-content\/uploads\/2015\/11\/expo-mujer-2015-1.jpg?resize=200%2C132&amp;ssl=1 200w, https:\/\/i0.wp.com\/eltrabajo.cl\/portal\/wp-content\/uploads\/2015\/11\/expo-mujer-2015-1.jpg?resize=227%2C150&amp;ssl=1 227w, https:\/\/i0.wp.com\/eltrabajo.cl\/portal\/wp-content\/uploads\/2015\/11\/expo-mujer-2015-1.jpg?resize=400%2C264&amp;ssl=1 400w, https:\/\/i0.wp.com\/eltrabajo.cl\/portal\/wp-content\/uploads\/2015\/11\/expo-mujer-2015-1.jpg?w=530&amp;ssl=1 530w\" sizes=\"auto, (max-width: 300px) 100vw, 300px\" \/><\/a><figcaption id=\"caption-attachment-63939\" class=\"wp-caption-text\">En la muestra realizada, qued\u00f3 en evidencia el talento y las habilidades adquiridas por estas mujeres en las monitor\u00edas realizadas durante el a\u00f1o.<\/figcaption><\/figure>\n<p>A\u00f1adi\u00f3 que la autoridad comunal \u201cha definido la ejecuci\u00f3n de acciones orientadas al desarrollo integral de las sanfelipe\u00f1as, poniendo a su disposici\u00f3n la red comunal de servicios que permite atender sus necesidades\u201d.<br \/>\nSeg\u00fan precis\u00f3 la coordinadora comunal de la Oficina Municipal de la Mujer, Silvana Vera, la labor que se desarrolla en los talleres femeninos resulta de especial significado para las mujeres, \u201cen la medida que se les entrega un apoyo que les permite avanzar hacia instancias de emprendimiento, muchas de ellas se convierten en un aporte real para la econom\u00eda de sus familias\u201d.<br \/>\nAs\u00ed, la Expo Mujer que ya se ha hecho una tradici\u00f3n en el mes de noviembre en San Felipe, junto con poner fin al a\u00f1o de monitor\u00edas financiadas por la municipalidad, tambi\u00e9n da cuenta del trabajo realizado, trabajo que por cierto las mujeres valoran mucho, tal como lo manifestaron las integrantes de los talleres femeninos de San Rafael y del Centro de Padres de la Escuela Carolina Ocampo, donde asisten regularmente 20 mujeres.<br \/>\nEn la muestra realizada en el principal paseo p\u00fablico de la comuna, fue posible apreciar el resultado del a\u00f1o de actividad junto a las monitoras, as\u00ed como tambi\u00e9n, el enorme talento, originalidad y destreza de las sanfelipe\u00f1as.<br \/>\nA fines de marzo de 2016, se realizar\u00e1 la muestra de monitor\u00edas disponibles para el a\u00f1o, de entre las cuales deber\u00e1n escoger las participantes de los talleres femeninos.<\/p>\n","protected":false},"excerpt":{"rendered":"<p>M\u00e1s de mil mujeres participan en los 80 talleres femeninos de la comuna, que reciben el apoyo municipal a trav\u00e9s de monitoras que dictan diferentes cursos. Dejando entrever que la cita semanal&#8230;<\/p>\n","protected":false},"author":482,"featured_media":63938,"comment_status":"open","ping_status":"open","sticky":false,"template":"","format":"standard","meta":{"advanced_seo_description":"","jetpack_seo_html_title":"","jetpack_seo_noindex":false,"_jetpack_memberships_contains_paid_content":false,"footnotes":""},"categories":[1],"tags":[],"class_list":["post-63937","post","type-post","status-publish","format-standard","has-post-thumbnail","hentry","category-cronica"],"jetpack_featured_media_url":"https:\/\/i0.wp.com\/eltrabajo.cl\/portal\/wp-content\/uploads\/2015\/11\/expo-mujer-2015-2.jpg?fit=530%2C348&ssl=1","jetpack_sharing_enabled":true,"jetpack_likes_enabled":true,"jetpack-related-posts":[],"_links":{"self":[{"href":"https:\/\/eltrabajo.cl\/portal\/wp-json\/wp\/v2\/posts\/63937","targetHints":{"allow":["GET"]}}],"collection":[{"href":"https:\/\/eltrabajo.cl\/portal\/wp-json\/wp\/v2\/posts"}],"about":[{"href":"https:\/\/eltrabajo.cl\/portal\/wp-json\/wp\/v2\/types\/post"}],"author":[{"embeddable":true,"href":"https:\/\/eltrabajo.cl\/portal\/wp-json\/wp\/v2\/users\/482"}],"replies":[{"embeddable":true,"href":"https:\/\/eltrabajo.cl\/portal\/wp-json\/wp\/v2\/comments?post=63937"}],"version-history":[{"count":0,"href":"https:\/\/eltrabajo.cl\/portal\/wp-json\/wp\/v2\/posts\/63937\/revisions"}],"wp:featuredmedia":[{"embeddable":true,"href":"https:\/\/eltrabajo.cl\/portal\/wp-json\/wp\/v2\/media\/63938"}],"wp:attachment":[{"href":"https:\/\/eltrabajo.cl\/portal\/wp-json\/wp\/v2\/media?parent=63937"}],"wp:term":[{"taxonomy":"category","embeddable":true,"href":"https:\/\/eltrabajo.cl\/portal\/wp-json\/wp\/v2\/categories?post=63937"},{"taxonomy":"post_tag","embeddable":true,"href":"https:\/\/eltrabajo.cl\/portal\/wp-json\/wp\/v2\/tags?post=63937"}],"curies":[{"name":"wp","href":"https:\/\/api.w.org\/{rel}","templated":true}]}}